{"view":"\u003Cinput type=\u0022hidden\u0022 value=\u0022822\u0022 id=\u0022nbTotalVh\u0022\u003E\n\u003Cinput type=\u0022hidden\u0022 value=\u002225\u0022 id=\u0022nbPages\u0022\u003E\n\u003Cdiv class=\u0022sorting top-header\u0022\u003E\n            \u003Cdiv id=\u0022vehicles-length-result\u0022\u003E\u003C\/div\u003E\n    \n    \u003Cdiv class=\u0022sorting-right\u0022\u003E\n        \u003Cselect name=\u0022tri\u0022 id=\u0022tri\u0022 class=\u0022form-field uk-select\u0022\u003E\n            \u003Coption value=\u0022\u0022\u003ETrier par\u003C\/option\u003E\n            \u003Coption value=\u0022prix_asc\u0022\u003EPrix croissant\u003C\/option\u003E\n            \u003Coption value=\u0022prix_desc\u0022\u003EPrix d\u00e9croissant\u003C\/option\u003E\n            \u003Coption value=\u0022km_asc\u0022\u003EKilom\u00e9trage croissant\u003C\/option\u003E\n            \u003Coption value=\u0022km_desc\u0022\u003EKilom\u00e9trage d\u00e9croissant\u003C\/option\u003E\n        \u003C\/select\u003E\n    \u003C\/div\u003E\n\u003C\/div\u003E\n    \u003Cdiv style=\u0022margin: 15px;\u0022 class=\u0022products-items\u0022\u003E\n        \u003Cdiv class=\u0022product-item\u0022\u003E\n            \u003Cdiv class=\u0022product-item-bloc product-item__media uk-inline-clip uk-inline  uk-transition-toggle\u0022 style=\u0022border-radius:3px; height: 225px; display: flex; justify-content: center; align-items: center;\n                    background: url(https:\/\/file-render.webapp4you.eu\/pictureRender\/opel_corsa-electrique-136-ch-batterie-50-kwh_edition_0.jpg?id=8650efe81d245a23df3fb6eaeac47e8aa23bb476c4882f2f04a7fda1b1f6dedb7aa0b2b4877b9f359791fb941cf11728e0dfd35133fb82b8769b5fbdcc7e0df467cf52ce4bc625736878f892a127f5ef7c3d9feb3579aa4c83cf5119060388d3_3) center center \/ cover;\u0022\u003E\n                \u003Ca\n                        class=\u0022uk-transition-fade\u0022\n                        href=\u0022\/vehicules-occasions\/opel-corsa-2315\u0022\u003E\n                    \u003Cdiv class=\u0022uk-overlay-cover uk-overlay-primary\u0022\u003E\u003C\/div\u003E\n                    \u003Cdiv class=\u0022uk-position-center\u0022\u003E\u003Cspan class=\u0022icon-cross\u0022\u003E\u003C\/span\u003E\u003C\/div\u003E\n                \u003C\/a\u003E\n                            \u003C\/div\u003E\n            \u003Cdiv style=\u0022padding: 15px 15px 0 15px;\u0022\u003E\n                \u003Cdiv\u003E\n                    \u003Cdiv class=\u0022product-item__name\u0022\u003E\u003Ca\n                                href=\u0022\/vehicules-occasions\/opel-corsa-2315\u0022\u003E\u003Cstrong\n                                    class=\u0022capitalize\u0022\u003EOPEL\u003C\/strong\u003E CORSA\n                        \u003C\/a\u003E\n                    \u003C\/div\u003E\n                                            \u003Cdiv class=\u0022product-item__category\u0022\u003ECorsa Electrique 136 ch \u0026amp; Batt...\u003C\/div\u003E\n                                    \u003C\/div\u003E\n            \u003C\/div\u003E\n            \u003Cdiv class=\u0022product-item__info\u0022 style=\u0022padding: 15px 15px 0 15px;\u0022\u003E\n                \u003Cp class=\u0022text-center\u0022 style=\u0022display: flex; align-items: center;margin-bottom: 0 !important;\u0022\u003E\n                    2023\n                                            \u003Cimg class=\u0022separator\u0022 src=\u0022\/front_office\/clients\/riester\/groupe\/images\/riester-line.svg\u0022\u003E\n                        5 000 km\n                                                                \u003Cimg class=\u0022separator\u0022  src=\u0022\/front_office\/clients\/riester\/groupe\/images\/riester-line.svg\u0022\u003E\n                        Electrique\n                                                                \u003Cimg class=\u0022separator\u0022  src=\u0022\/front_office\/clients\/riester\/groupe\/images\/riester-line.svg\u0022\u003E\n                        Automatique\n                                    \u003C\/p\u003E\n            \u003C\/div\u003E\n            \u003Cdiv class=\u0022product-item__specifications\u0022 style=\u0022padding: 15px 15px 0 15px;\u0022\u003E\n                                                                                                                                                                                                                                                                                                                                                                                                                                                                                                                                                                                                                                                                                                                                                                                                                                                                                                                                                                                                                                                                                                                                                                                                                                                                                                                                                                                                                                                                                                                                                                                    \u003Ch1 style=\u0022text-transform: uppercase; font-size: 11px; font-weight: bold;margin-bottom: 0;\u0022\u003E\n                        \u00e9quipements\u003C\/h1\u003E\n                                \n                                                                                \n                                                                                \n                                                                                \n                                                                                \n                                                                                \n                                                                                \n                                                                                \n                                                                                \n                                                                                \n                                                                                \n                                                                        \u003Ci class=\u0022fa fa-snowflake-o font-size-12\u0022\n                               data-toggle=\u0022tooltip\u0022 data-placement=\u0022top\u0022\n                               title=\u0022Climatisation automatique mono-zone\u0022\u003E\u003C\/i\u003E\n                                                            \n                                                                                \n                                                                                \n                                                                                \n                                                                                \n                                                                                \n                                                                                \n                                                                                \n                                                                                \n                                                                                \n                                                                                \n                                                                                \n                                                                        \u003Ci class=\u0022fa fa-paint-brush font-size-12\u0022\n                               data-toggle=\u0022tooltip\u0022 data-placement=\u0022top\u0022\n                               title=\u0022Peinture Opaque Blanc Banquise\u0022\u003E\u003C\/i\u003E\n                                                            \n                                                                                \n                                                                                \n                                                                                \n                                                                                \n                                                                                \n                                                                                \n                                                                                \n                                                                                \n                                                                                \n                                                                                \n                                                                                \n                                                                                \n                                                                                \n                                                                                \n                                                                                \n            \u003C\/div\u003E\n            \u003Cdiv class=\u0022product-item__head padding-0 product-item-head-tarif custom-bottom flex-column\u0022\u003E\n                \u003Cdiv\u003E\n                    \u003Cdiv class=\u0022product-item__price\u0022 style=\u0022white-space: initial\u0022\u003E\u003Ci class=\u0022fa fa-map-marker\u0022\u003E\u003C\/i\u003E\n                        \u003Cspan style=\u0022text-transform: capitalize\u0022\u003EChanteloup-en-Brie (77)\u003C\/span\u003E\u003C\/div\u003E\n                \u003C\/div\u003E\n                \u003Cdiv class=\u0022product-item__head-children\u0022\u003E\n                    \u003Cdiv class=\u0022product-item-loyer\u0022 style=\u0022display: flex; justify-content: center;align-items: center\u0022\u003E\n                        \u003Cstrong\u003ED\u00e8s 495,98\u20ac\u003Csmall\u003E\/mois\u0026nbsp;\u003C\/small\u003E\u003C\/strong\u003E\n                        \u003Ca href=\u0022\u0022 data-vehicleId=\u00222315\u0022 data-toggle=\u0022modal\u0022 data-target=\u0022#infoFinancement\u0022 class=\u0022btn-mention-legale\u0022\u003E\u003Ci class=\u0022fa fa-info-circle\u0022\u003E\u003C\/i\u003E\u003C\/a\u003E\n                    \u003C\/div\u003E\n                    \u003Cdiv class=\u0022product-item-prix\u0022 style=\u0022display: flex; justify-content: center;align-items: center\u0022\u003E\n                        \u003Cstrong\u003E32 300\n                            \u20ac\u003Csup\u003E\u003Csmall\u003ETTC\u003C\/small\u003E\u003C\/sup\u003E\u003C\/strong\u003E\n                    \u003C\/div\u003E\n                \u003C\/div\u003E\n            \u003C\/div\u003E\n        \u003C\/div\u003E\n    \u003C\/div\u003E\n    \u003Cdiv style=\u0022margin: 15px;\u0022 class=\u0022products-items\u0022\u003E\n        \u003Cdiv class=\u0022product-item\u0022\u003E\n            \u003Cdiv class=\u0022product-item-bloc product-item__media uk-inline-clip uk-inline  uk-transition-toggle\u0022 style=\u0022border-radius:3px; height: 225px; display: flex; justify-content: center; align-items: center;\n                    background: url(https:\/\/file-render.webapp4you.eu\/pictureRender\/citroen_c3-puretech-110-ss-bvm6_shine_0.jpg?id=81e8dd06d0e4d9c5afd1d7ea212f29fcbca0565bb423a5f62b9c06a36ec835846b5fbc4b8b8bb3c1680ebe49d8f11522f7c6e7965c1510b6052f0da82a039e9cc7ddfacdfaf9ae3786f6cae60b73055948fb34f1084a986d450a1c7341e73241_3) center center \/ cover;\u0022\u003E\n                \u003Ca\n                        class=\u0022uk-transition-fade\u0022\n                        href=\u0022\/vehicules-occasions\/citroen-c3-2663\u0022\u003E\n                    \u003Cdiv class=\u0022uk-overlay-cover uk-overlay-primary\u0022\u003E\u003C\/div\u003E\n                    \u003Cdiv class=\u0022uk-position-center\u0022\u003E\u003Cspan class=\u0022icon-cross\u0022\u003E\u003C\/span\u003E\u003C\/div\u003E\n                \u003C\/a\u003E\n                            \u003C\/div\u003E\n            \u003Cdiv style=\u0022padding: 15px 15px 0 15px;\u0022\u003E\n                \u003Cdiv\u003E\n                    \u003Cdiv class=\u0022product-item__name\u0022\u003E\u003Ca\n                                href=\u0022\/vehicules-occasions\/citroen-c3-2663\u0022\u003E\u003Cstrong\n                                    class=\u0022capitalize\u0022\u003ECITROEN\u003C\/strong\u003E C3\n                        \u003C\/a\u003E\n                    \u003C\/div\u003E\n                                            \u003Cdiv class=\u0022product-item__category\u0022\u003EC3 PureTech 110 S\u0026amp;S BVM6\u003C\/div\u003E\n                                    \u003C\/div\u003E\n            \u003C\/div\u003E\n            \u003Cdiv class=\u0022product-item__info\u0022 style=\u0022padding: 15px 15px 0 15px;\u0022\u003E\n                \u003Cp class=\u0022text-center\u0022 style=\u0022display: flex; align-items: center;margin-bottom: 0 !important;\u0022\u003E\n                    2023\n                                            \u003Cimg class=\u0022separator\u0022 src=\u0022\/front_office\/clients\/riester\/groupe\/images\/riester-line.svg\u0022\u003E\n                        8 500 km\n                                                                \u003Cimg class=\u0022separator\u0022  src=\u0022\/front_office\/clients\/riester\/groupe\/images\/riester-line.svg\u0022\u003E\n                        Essence\n                                                                \u003Cimg class=\u0022separator\u0022  src=\u0022\/front_office\/clients\/riester\/groupe\/images\/riester-line.svg\u0022\u003E\n                        Manuelle\n                                    \u003C\/p\u003E\n            \u003C\/div\u003E\n            \u003Cdiv class=\u0022product-item__specifications\u0022 style=\u0022padding: 15px 15px 0 15px;\u0022\u003E\n                                                                                                                                                                                                                                                                                                                                                                                                                                                                                                                                                                                                                                                                                                                                                                                                                                                                                                                                                                                                                                                                                                                                                                                                                                                                                                                                                                                                                                                                                                                                                                                                                                                                                                                                                                                                                                                \u003Ch1 style=\u0022text-transform: uppercase; font-size: 11px; font-weight: bold;margin-bottom: 0;\u0022\u003E\n                        \u00e9quipements\u003C\/h1\u003E\n                                \n                                                                                \n                                                                                \n                                                                                \n                                                                                \n                                                                                \n                                                                                \n                                                                                \n                                                                                \n                                                                                \n                                                                                \n                                                                        \u003Ci class=\u0022fa fa-snowflake-o font-size-12\u0022\n                               data-toggle=\u0022tooltip\u0022 data-placement=\u0022top\u0022\n                               title=\u0022Climatisation automatique\u0022\u003E\u003C\/i\u003E\n                                                            \n                                                                                \n                                                                                \n                                                                                \n                                                                                \n                                                                                \n                                                                                \n                                                                                \n                                                                                \n                                                                                \n                                                                                \n                                                                                \n                                                                        \u003Ci class=\u0022fa fa-bluetooth font-size-12\u0022\n                               data-toggle=\u0022tooltip\u0022 data-placement=\u0022top\u0022\n                               title=\u0022Kit mains libres Bluetooth et prise USB\u0022\u003E\u003C\/i\u003E\n                                                            \n                                                                                \n                                                                                \n                                                                                \n                                                                                \n                                                                                \n                                                                                \n                                                                                \n                                                                                \n                                                                                \n                                                                                \n                                                                                \n                                                                                \n                                                                                \n                                                                                \n                                                                                \n                                                                                \n                                                                                \n                                                                                \n                                                                                \n                                                                                \n                                                                                \n                                                                                \n            \u003C\/div\u003E\n            \u003Cdiv class=\u0022product-item__head padding-0 product-item-head-tarif custom-bottom flex-column\u0022\u003E\n                \u003Cdiv\u003E\n                    \u003Cdiv class=\u0022product-item__price\u0022 style=\u0022white-space: initial\u0022\u003E\u003Ci class=\u0022fa fa-map-marker\u0022\u003E\u003C\/i\u003E\n                        \u003Cspan style=\u0022text-transform: capitalize\u0022\u003EProvins (77)\u003C\/span\u003E\u003C\/div\u003E\n                \u003C\/div\u003E\n                \u003Cdiv class=\u0022product-item__head-children\u0022\u003E\n                    \u003Cdiv class=\u0022product-item-loyer\u0022 style=\u0022display: flex; justify-content: center;align-items: center\u0022\u003E\n                        \u003Cstrong\u003ED\u00e8s 289,42\u20ac\u003Csmall\u003E\/mois\u0026nbsp;\u003C\/small\u003E\u003C\/strong\u003E\n                        \u003Ca href=\u0022\u0022 data-vehicleId=\u00222663\u0022 data-toggle=\u0022modal\u0022 data-target=\u0022#infoFinancement\u0022 class=\u0022btn-mention-legale\u0022\u003E\u003Ci class=\u0022fa fa-info-circle\u0022\u003E\u003C\/i\u003E\u003C\/a\u003E\n                    \u003C\/div\u003E\n                    \u003Cdiv class=\u0022product-item-prix\u0022 style=\u0022display: flex; justify-content: center;align-items: center\u0022\u003E\n                        \u003Cstrong\u003E18 780\n                            \u20ac\u003Csup\u003E\u003Csmall\u003ETTC\u003C\/small\u003E\u003C\/sup\u003E\u003C\/strong\u003E\n                    \u003C\/div\u003E\n                \u003C\/div\u003E\n            \u003C\/div\u003E\n        \u003C\/div\u003E\n    \u003C\/div\u003E\n    \u003Cdiv style=\u0022margin: 15px;\u0022 class=\u0022products-items\u0022\u003E\n        \u003Cdiv class=\u0022product-item\u0022\u003E\n            \u003Cdiv class=\u0022product-item-bloc product-item__media uk-inline-clip uk-inline  uk-transition-toggle\u0022 style=\u0022border-radius:3px; height: 225px; display: flex; justify-content: center; align-items: center;\n                    background: url(https:\/\/file-render.webapp4you.eu\/pictureRender\/citroen_e-c4-136-ch-automatique_shine-pack_0.jpg?id=40b22109942e929bcdc0cb1d5e9498f1ceb2835705e1ebd14947c4fa0bd0ff6af8d1add3a9f2553a6758043cf4f1bef73354a85f76fd9c60675bb96e1110f12c35083db64256a24e19a745aa00f3c1ab86db8f43de9c63aefee1359b674a6de4_3) center center \/ cover;\u0022\u003E\n                \u003Ca\n                        class=\u0022uk-transition-fade\u0022\n                        href=\u0022\/vehicules-occasions\/citroen-c4-3438\u0022\u003E\n                    \u003Cdiv class=\u0022uk-overlay-cover uk-overlay-primary\u0022\u003E\u003C\/div\u003E\n                    \u003Cdiv class=\u0022uk-position-center\u0022\u003E\u003Cspan class=\u0022icon-cross\u0022\u003E\u003C\/span\u003E\u003C\/div\u003E\n                \u003C\/a\u003E\n                            \u003C\/div\u003E\n            \u003Cdiv style=\u0022padding: 15px 15px 0 15px;\u0022\u003E\n                \u003Cdiv\u003E\n                    \u003Cdiv class=\u0022product-item__name\u0022\u003E\u003Ca\n                                href=\u0022\/vehicules-occasions\/citroen-c4-3438\u0022\u003E\u003Cstrong\n                                    class=\u0022capitalize\u0022\u003ECITROEN\u003C\/strong\u003E C4\n                        \u003C\/a\u003E\n                    \u003C\/div\u003E\n                                            \u003Cdiv class=\u0022product-item__category\u0022\u003Ee-C4 136 ch Automatique\u003C\/div\u003E\n                                    \u003C\/div\u003E\n            \u003C\/div\u003E\n            \u003Cdiv class=\u0022product-item__info\u0022 style=\u0022padding: 15px 15px 0 15px;\u0022\u003E\n                \u003Cp class=\u0022text-center\u0022 style=\u0022display: flex; align-items: center;margin-bottom: 0 !important;\u0022\u003E\n                    2023\n                                            \u003Cimg class=\u0022separator\u0022 src=\u0022\/front_office\/clients\/riester\/groupe\/images\/riester-line.svg\u0022\u003E\n                        14 152 km\n                                                                \u003Cimg class=\u0022separator\u0022  src=\u0022\/front_office\/clients\/riester\/groupe\/images\/riester-line.svg\u0022\u003E\n                        Electrique\n                                                                \u003Cimg class=\u0022separator\u0022  src=\u0022\/front_office\/clients\/riester\/groupe\/images\/riester-line.svg\u0022\u003E\n                        Automatique\n                                    \u003C\/p\u003E\n            \u003C\/div\u003E\n            \u003Cdiv class=\u0022product-item__specifications\u0022 style=\u0022padding: 15px 15px 0 15px;\u0022\u003E\n                                                                                                                                                                                                                                                                                                                                                                                                                                                                                                                                                                                                                                                                                                                                                                                                                                                                                                                                                                                                                                                                                                                                                                                                                                                                                                                                                                                                                                                                                                                                                                                                                                                                                                                                                                                                                                                                                                                                                                                                                                                                                                                                                                                                                                                                                                                                                                                                                                                                                                                                                                                                                                                                                                                                                                                                                                                                                                                                                                                                                                                                                                                                                                                                                                                    \u003Ch1 style=\u0022text-transform: uppercase; font-size: 11px; font-weight: bold;margin-bottom: 0;\u0022\u003E\n                        \u00e9quipements\u003C\/h1\u003E\n                                \n                                                                                \n                                                                                \n                                                                                \n                                                                                \n                                                                                \n                                                                                \n                                                                                \n                                                                                \n                                                                                \n                                                                                \n                                                                                \n                                                                                \n                                                                                \n                                                                                \n                                                                        \u003Ci class=\u0022fa fa-video-camera font-size-12\u0022\n                               data-toggle=\u0022tooltip\u0022 data-placement=\u0022top\u0022\n                               title=\u0022Cam\u00e9ra de recul\u0022\u003E\u003C\/i\u003E\n                                                            \n                                                                                \n                                                                                \n                                                                                \n                                                                        \u003Ci class=\u0022fa fa-snowflake-o font-size-12\u0022\n                               data-toggle=\u0022tooltip\u0022 data-placement=\u0022top\u0022\n                               title=\u0022Climatisation automatique bizone avec pompe \u00e0 chaleur\u0022\u003E\u003C\/i\u003E\n                                                            \n                                                                                \n                                                                                \n                                                                                \n                                                                                \n                                                                                \n                                                                                \n                                                                                \n                                                                                \n                                                                                \n                                                                                \n                                                                                \n                                                                                \n                                                                                \n                                                                                \n                                                                                \n                                                                                \n                                                                                \n                                                                                \n                                                                                \n                                                                        \u003Ci class=\u0022fa fa-bluetooth font-size-12\u0022\n                               data-toggle=\u0022tooltip\u0022 data-placement=\u0022top\u0022\n                               title=\u0022Kit Mains Libres Bluetooth\u0022\u003E\u003C\/i\u003E\n                                                            \n                                                                                \n                                                                                \n                                                                                \n                                                                        \u003Ci class=\u0022fa fa-apple font-size-12\u0022\n                               data-toggle=\u0022tooltip\u0022 data-placement=\u0022top\u0022\n                               title=\u0022My Citro\u00ebn Play - Mirror Screen sans fils, compatible Android Auto et Apple CarPlay, Syst\u00e8me audio num\u00e9rique (DAB) MP3 6 HP,Tablette tactile 10\u0026quot;\u0022\u003E\u003C\/i\u003E\n                                                            \n                                                                                \n                                                                                \n                                                                                \n                                                                                \n                                                                                \n                                                                                \n                                                                                \n                                                                                \n                                                                                \n                                                                                \n                                                                                \n                                                                                \n                                                                                \n                                                                                \n                                                                                \n                                                                                \n                                                                                \n                                                                                \n                                                                                \n                                                                                \n                                                                                \n                                                                                \n                                                                                \n                                                                                \n                                                                                \n                                                                                \n                                                                                \n                                                                                \n                                                                                \n                                                                                \n                                                                                \n                                                                                \n                                                                                \n                                                                                \n                                                                                \n                                                                                \n                                                                                \n            \u003C\/div\u003E\n            \u003Cdiv class=\u0022product-item__head padding-0 product-item-head-tarif custom-bottom flex-column\u0022\u003E\n                \u003Cdiv\u003E\n                    \u003Cdiv class=\u0022product-item__price\u0022 style=\u0022white-space: initial\u0022\u003E\u003Ci class=\u0022fa fa-map-marker\u0022\u003E\u003C\/i\u003E\n                        \u003Cspan style=\u0022text-transform: capitalize\u0022\u003EProvins (77)\u003C\/span\u003E\u003C\/div\u003E\n                \u003C\/div\u003E\n                \u003Cdiv class=\u0022product-item__head-children\u0022\u003E\n                    \u003Cdiv class=\u0022product-item-loyer\u0022 style=\u0022display: flex; justify-content: center;align-items: center\u0022\u003E\n                        \u003Cstrong\u003ED\u00e8s 452,91\u20ac\u003Csmall\u003E\/mois\u0026nbsp;\u003C\/small\u003E\u003C\/strong\u003E\n                        \u003Ca href=\u0022\u0022 data-vehicleId=\u00223438\u0022 data-toggle=\u0022modal\u0022 data-target=\u0022#infoFinancement\u0022 class=\u0022btn-mention-legale\u0022\u003E\u003Ci class=\u0022fa fa-info-circle\u0022\u003E\u003C\/i\u003E\u003C\/a\u003E\n                    \u003C\/div\u003E\n                    \u003Cdiv class=\u0022product-item-prix\u0022 style=\u0022display: flex; justify-content: center;align-items: center\u0022\u003E\n                        \u003Cstrong\u003E29 490\n                            \u20ac\u003Csup\u003E\u003Csmall\u003ETTC\u003C\/small\u003E\u003C\/sup\u003E\u003C\/strong\u003E\n                    \u003C\/div\u003E\n                \u003C\/div\u003E\n            \u003C\/div\u003E\n        \u003C\/div\u003E\n    \u003C\/div\u003E\n    \u003Cdiv style=\u0022margin: 15px;\u0022 class=\u0022products-items\u0022\u003E\n        \u003Cdiv class=\u0022product-item\u0022\u003E\n            \u003Cdiv class=\u0022product-item-bloc product-item__media uk-inline-clip uk-inline  uk-transition-toggle\u0022 style=\u0022border-radius:3px; height: 225px; display: flex; justify-content: center; align-items: center;\n                    background: url(https:\/\/file-render.webapp4you.eu\/pictureRender\/citroen_e-jumpy-fgn-m-100-kw-136-ch-batterie-50-kwh_0.jpg?id=1219e1ba9d608e3bb23d8df70d5bb00ab173caf5dede594569563ba656f59905464f2344e655c3d0bb9621e6b226e19c8b56587cd4162d9bfeeaed7cd7c18d3955c6b9103265aaa043e5a2973ded10671b9119439d591fbf159b4983d9314c73_3) center center \/ cover;\u0022\u003E\n                \u003Ca\n                        class=\u0022uk-transition-fade\u0022\n                        href=\u0022\/vehicules-occasions\/citroen-e-jumpy fourgon-6365\u0022\u003E\n                    \u003Cdiv class=\u0022uk-overlay-cover uk-overlay-primary\u0022\u003E\u003C\/div\u003E\n                    \u003Cdiv class=\u0022uk-position-center\u0022\u003E\u003Cspan class=\u0022icon-cross\u0022\u003E\u003C\/span\u003E\u003C\/div\u003E\n                \u003C\/a\u003E\n                            \u003C\/div\u003E\n            \u003Cdiv style=\u0022padding: 15px 15px 0 15px;\u0022\u003E\n                \u003Cdiv\u003E\n                    \u003Cdiv class=\u0022product-item__name\u0022\u003E\u003Ca\n                                href=\u0022\/vehicules-occasions\/citroen-e-jumpy fourgon-6365\u0022\u003E\u003Cstrong\n                                    class=\u0022capitalize\u0022\u003ECITROEN\u003C\/strong\u003E E-JUMPY FOURGON\n                        \u003C\/a\u003E\n                    \u003C\/div\u003E\n                                            \u003Cdiv class=\u0022product-item__category\u0022\u003EE-JUMPY FGN M 100 KW (136 CH) ...\u003C\/div\u003E\n                                    \u003C\/div\u003E\n            \u003C\/div\u003E\n            \u003Cdiv class=\u0022product-item__info\u0022 style=\u0022padding: 15px 15px 0 15px;\u0022\u003E\n                \u003Cp class=\u0022text-center\u0022 style=\u0022display: flex; align-items: center;margin-bottom: 0 !important;\u0022\u003E\n                    2024\n                                            \u003Cimg class=\u0022separator\u0022 src=\u0022\/front_office\/clients\/riester\/groupe\/images\/riester-line.svg\u0022\u003E\n                        618 km\n                                                                \u003Cimg class=\u0022separator\u0022  src=\u0022\/front_office\/clients\/riester\/groupe\/images\/riester-line.svg\u0022\u003E\n                        Electrique\n                                                                \u003Cimg class=\u0022separator\u0022  src=\u0022\/front_office\/clients\/riester\/groupe\/images\/riester-line.svg\u0022\u003E\n                        Automatique\n                                    \u003C\/p\u003E\n            \u003C\/div\u003E\n            \u003Cdiv class=\u0022product-item__specifications\u0022 style=\u0022padding: 15px 15px 0 15px;\u0022\u003E\n                                                                                                                                                                                                                                                                                                                                                                                                                                                                                                                                                                                                                                                                                                                                                                                                                                                                                                                                                                                                                                                                                                                                                                                                                                                                                                                                                                                                                                                                                                                                                                                                                                                                                                                                                                                                                                                                                                                        \u003Ch1 style=\u0022text-transform: uppercase; font-size: 11px; font-weight: bold;margin-bottom: 0;\u0022\u003E\n                        \u00e9quipements\u003C\/h1\u003E\n                                \n                                                                                \n                                                                                \n                                                                                \n                                                                                \n                                                                                \n                                                                                \n                                                                                \n                                                                                \n                                                                                \n                                                                                \n                                                                                \n                                                                        \u003Ci class=\u0022fa fa-snowflake-o font-size-12\u0022\n                               data-toggle=\u0022tooltip\u0022 data-placement=\u0022top\u0022\n                               title=\u0022Climatisation manuelle r\u00e9gul\u00e9e en temp\u00e9rature\u0022\u003E\u003C\/i\u003E\n                                                            \n                                                                                \n                                                                                \n                                                                                \n                                                                                \n                                                                                \n                                                                                \n                                                                                \n                                                                                \n                                                                                \n                                                                                \n                                                                                \n                                                                                \n                                                                                \n                                                                                \n                                                                                \n                                                                                \n                                                                                \n                                                                                \n                                                                                \n                                                                                \n                                                                                \n                                                                                \n                                                                                \n                                                                                \n                                                                                \n                                                                                \n                                                                        \u003Ci class=\u0022fa fa-bluetooth font-size-12\u0022\n                               data-toggle=\u0022tooltip\u0022 data-placement=\u0022top\u0022\n                               title=\u0022Radio DAB Bluetooth avec \u00e9cran tactile 5\u0026#039;\u0026#039; monochrome + 4 HP (2 tweeters + 2 woofers) + 1 prise USB-A\u0022\u003E\u003C\/i\u003E\n                                                            \n                                                                                \n                                                                                \n                                                                                \n                                                                                \n                                                                                \n                                                                                \n                                                                                \n                                                                                \n            \u003C\/div\u003E\n            \u003Cdiv class=\u0022product-item__head padding-0 product-item-head-tarif custom-bottom flex-column\u0022\u003E\n                \u003Cdiv\u003E\n                    \u003Cdiv class=\u0022product-item__price\u0022 style=\u0022white-space: initial\u0022\u003E\u003Ci class=\u0022fa fa-map-marker\u0022\u003E\u003C\/i\u003E\n                        \u003Cspan style=\u0022text-transform: capitalize\u0022\u003EProvins (77)\u003C\/span\u003E\u003C\/div\u003E\n                \u003C\/div\u003E\n                \u003Cdiv class=\u0022product-item__head-children\u0022\u003E\n                    \u003Cdiv class=\u0022product-item-loyer\u0022 style=\u0022display: flex; justify-content: center;align-items: center\u0022\u003E\n                        \u003Cstrong\u003ED\u00e8s 950,93\u20ac\u003Csmall\u003E\/mois\u0026nbsp;\u003C\/small\u003E\u003C\/strong\u003E\n                        \u003Ca href=\u0022\u0022 data-vehicleId=\u00226365\u0022 data-toggle=\u0022modal\u0022 data-target=\u0022#infoFinancement\u0022 class=\u0022btn-mention-legale\u0022\u003E\u003Ci class=\u0022fa fa-info-circle\u0022\u003E\u003C\/i\u003E\u003C\/a\u003E\n                    \u003C\/div\u003E\n                    \u003Cdiv class=\u0022product-item-prix\u0022 style=\u0022display: flex; justify-content: center;align-items: center\u0022\u003E\n                        \u003Cstrong\u003E62 090\n                            \u20ac\u003Csup\u003E\u003Csmall\u003ETTC\u003C\/small\u003E\u003C\/sup\u003E\u003C\/strong\u003E\n                    \u003C\/div\u003E\n                \u003C\/div\u003E\n            \u003C\/div\u003E\n        \u003C\/div\u003E\n    \u003C\/div\u003E\n    \u003Cdiv style=\u0022margin: 15px;\u0022 class=\u0022products-items\u0022\u003E\n        \u003Cdiv class=\u0022product-item\u0022\u003E\n            \u003Cdiv class=\u0022product-item-bloc product-item__media uk-inline-clip uk-inline  uk-transition-toggle\u0022 style=\u0022border-radius:3px; height: 225px; display: flex; justify-content: center; align-items: center;\n                    background: url(https:\/\/file-render.webapp4you.eu\/pictureRender\/peugeot_expert-fgn-m-electrique-100kwh-136ch-batterie-50-kwh_0.jpg?id=9cbe4807c5d601f756966799d1fe8808979a025d3b82a2df1811fa0486f7912a26f44b3e76b20fd7c1247263980f95963e723f40f04cb7c653dc008844ee976ca476504d9b076a8b7009381137fd709984cbaf29447e7e3f052708d3733f4da3_3) center center \/ cover;\u0022\u003E\n                \u003Ca\n                        class=\u0022uk-transition-fade\u0022\n                        href=\u0022\/vehicules-occasions\/peugeot-expert fourgon-7645\u0022\u003E\n                    \u003Cdiv class=\u0022uk-overlay-cover uk-overlay-primary\u0022\u003E\u003C\/div\u003E\n                    \u003Cdiv class=\u0022uk-position-center\u0022\u003E\u003Cspan class=\u0022icon-cross\u0022\u003E\u003C\/span\u003E\u003C\/div\u003E\n                \u003C\/a\u003E\n                            \u003C\/div\u003E\n            \u003Cdiv style=\u0022padding: 15px 15px 0 15px;\u0022\u003E\n                \u003Cdiv\u003E\n                    \u003Cdiv class=\u0022product-item__name\u0022\u003E\u003Ca\n                                href=\u0022\/vehicules-occasions\/peugeot-expert fourgon-7645\u0022\u003E\u003Cstrong\n                                    class=\u0022capitalize\u0022\u003EPEUGEOT\u003C\/strong\u003E EXPERT FOURGON\n                        \u003C\/a\u003E\n                    \u003C\/div\u003E\n                                            \u003Cdiv class=\u0022product-item__category\u0022\u003EEXPERT FGN M ELECTRIQUE 100KWH...\u003C\/div\u003E\n                                    \u003C\/div\u003E\n            \u003C\/div\u003E\n            \u003Cdiv class=\u0022product-item__info\u0022 style=\u0022padding: 15px 15px 0 15px;\u0022\u003E\n                \u003Cp class=\u0022text-center\u0022 style=\u0022display: flex; align-items: center;margin-bottom: 0 !important;\u0022\u003E\n                    2024\n                                            \u003Cimg class=\u0022separator\u0022 src=\u0022\/front_office\/clients\/riester\/groupe\/images\/riester-line.svg\u0022\u003E\n                        8 786 km\n                                                                \u003Cimg class=\u0022separator\u0022  src=\u0022\/front_office\/clients\/riester\/groupe\/images\/riester-line.svg\u0022\u003E\n                        Electrique\n                                                                \u003Cimg class=\u0022separator\u0022  src=\u0022\/front_office\/clients\/riester\/groupe\/images\/riester-line.svg\u0022\u003E\n                        Automatique\n                                    \u003C\/p\u003E\n            \u003C\/div\u003E\n            \u003Cdiv class=\u0022product-item__specifications\u0022 style=\u0022padding: 15px 15px 0 15px;\u0022\u003E\n                                                                                                                                                                                                                                                                                                                                                                                                                                                                                                                                                                                                                                                                                                                                                                                                                                                                                                                                                                                                                                                                                                                                                                                                                                                                                                                                                                                                                                                                                                                                                                                                                                                                                                                                                                                                                                                                                                                                                                                                                            \n                                    \n                                    \n                                    \n                                    \n                                    \n                                    \n                                    \n                                    \n                                    \n                                    \n                                    \n                                    \n                                    \n                                    \n                                    \n                                    \n                                    \n                                    \n                                    \n                                    \n                                    \n                                    \n                                    \n                                    \n                                    \n                                    \n                                    \n                                    \n                                    \n                                    \n                                    \n                                    \n                                    \n                                    \n                                    \n                                    \n                                    \n                                    \n                                    \n                                    \n                                    \n                                    \n                                    \n                                    \n                                    \n            \u003C\/div\u003E\n            \u003Cdiv class=\u0022product-item__head padding-0 product-item-head-tarif custom-bottom flex-column\u0022\u003E\n                \u003Cdiv\u003E\n                    \u003Cdiv class=\u0022product-item__price\u0022 style=\u0022white-space: initial\u0022\u003E\u003Ci class=\u0022fa fa-map-marker\u0022\u003E\u003C\/i\u003E\n                        \u003Cspan style=\u0022text-transform: capitalize\u0022\u003ECoulommiers (77)\u003C\/span\u003E\u003C\/div\u003E\n                \u003C\/div\u003E\n                \u003Cdiv class=\u0022product-item__head-children\u0022\u003E\n                    \u003Cdiv class=\u0022product-item-loyer\u0022 style=\u0022display: flex; justify-content: center;align-items: center\u0022\u003E\n                        \u003Cstrong\u003ED\u00e8s 583,34\u20ac\u003Csmall\u003E\/mois\u0026nbsp;\u003C\/small\u003E\u003C\/strong\u003E\n                        \u003Ca href=\u0022\u0022 data-vehicleId=\u00227645\u0022 data-toggle=\u0022modal\u0022 data-target=\u0022#infoFinancement\u0022 class=\u0022btn-mention-legale\u0022\u003E\u003Ci class=\u0022fa fa-info-circle\u0022\u003E\u003C\/i\u003E\u003C\/a\u003E\n                    \u003C\/div\u003E\n                    \u003Cdiv class=\u0022product-item-prix\u0022 style=\u0022display: flex; justify-content: center;align-items: center\u0022\u003E\n                        \u003Cstrong\u003E37 980\n                            \u20ac\u003Csup\u003E\u003Csmall\u003ETTC\u003C\/small\u003E\u003C\/sup\u003E\u003C\/strong\u003E\n                    \u003C\/div\u003E\n                \u003C\/div\u003E\n            \u003C\/div\u003E\n        \u003C\/div\u003E\n    \u003C\/div\u003E\n    \u003Cdiv style=\u0022margin: 15px;\u0022 class=\u0022products-items\u0022\u003E\n        \u003Cdiv class=\u0022product-item\u0022\u003E\n            \u003Cdiv class=\u0022product-item-bloc product-item__media uk-inline-clip uk-inline  uk-transition-toggle\u0022 style=\u0022border-radius:3px; height: 225px; display: flex; justify-content: center; align-items: center;\n                    background: url(https:\/\/file-render.webapp4you.eu\/pictureRender\/peugeot_2008-electrique-136-ch_allure_0.jpg?id=ac81b1084f2aa0b075459dc7cd55f55e5899be37b0113613337936c39bc3a77b31021fa034f0df820924746a6f3ff7ca4252338380d0e20fd105312427622ce2d55b111b9bbd3b7dadeffb9485821393e38608eedc4b4b6475866bf894221cfd_3) center center \/ cover;\u0022\u003E\n                \u003Ca\n                        class=\u0022uk-transition-fade\u0022\n                        href=\u0022\/vehicules-occasions\/peugeot-2008-2610\u0022\u003E\n                    \u003Cdiv class=\u0022uk-overlay-cover uk-overlay-primary\u0022\u003E\u003C\/div\u003E\n                    \u003Cdiv class=\u0022uk-position-center\u0022\u003E\u003Cspan class=\u0022icon-cross\u0022\u003E\u003C\/span\u003E\u003C\/div\u003E\n                \u003C\/a\u003E\n                            \u003C\/div\u003E\n            \u003Cdiv style=\u0022padding: 15px 15px 0 15px;\u0022\u003E\n                \u003Cdiv\u003E\n                    \u003Cdiv class=\u0022product-item__name\u0022\u003E\u003Ca\n                                href=\u0022\/vehicules-occasions\/peugeot-2008-2610\u0022\u003E\u003Cstrong\n                                    class=\u0022capitalize\u0022\u003EPEUGEOT\u003C\/strong\u003E 2008\n                        \u003C\/a\u003E\n                    \u003C\/div\u003E\n                                            \u003Cdiv class=\u0022product-item__category\u0022\u003E2008 Electrique 136 ch\u003C\/div\u003E\n                                    \u003C\/div\u003E\n            \u003C\/div\u003E\n            \u003Cdiv class=\u0022product-item__info\u0022 style=\u0022padding: 15px 15px 0 15px;\u0022\u003E\n                \u003Cp class=\u0022text-center\u0022 style=\u0022display: flex; align-items: center;margin-bottom: 0 !important;\u0022\u003E\n                    2023\n                                            \u003Cimg class=\u0022separator\u0022 src=\u0022\/front_office\/clients\/riester\/groupe\/images\/riester-line.svg\u0022\u003E\n                        13 049 km\n                                                                \u003Cimg class=\u0022separator\u0022  src=\u0022\/front_office\/clients\/riester\/groupe\/images\/riester-line.svg\u0022\u003E\n                        Electrique\n                                                                \u003Cimg class=\u0022separator\u0022  src=\u0022\/front_office\/clients\/riester\/groupe\/images\/riester-line.svg\u0022\u003E\n                        Automatique\n                                    \u003C\/p\u003E\n            \u003C\/div\u003E\n            \u003Cdiv class=\u0022product-item__specifications\u0022 style=\u0022padding: 15px 15px 0 15px;\u0022\u003E\n                                                                                                                                                                                                                                                                                                                                                                                                                                                                                                                                                                                                                                                                                                                                                                                                                                                                                                                                                                                                                                                                                                                                                                                                                                                                                                                                                                                                                                                                                                                                                                                                                                                                                                                                                                                                                                                                                                                                                                                                                                                                                                                                                                                                                                                                                                                                                                                                                                                                                                                                                                                                                                                                                                                                                                                                                                                            \u003Ch1 style=\u0022text-transform: uppercase; font-size: 11px; font-weight: bold;margin-bottom: 0;\u0022\u003E\n                        \u00e9quipements\u003C\/h1\u003E\n                                \n                                                                                \n                                                                                \n                                                                                \n                                                                                \n                                                                                \n                                                                                \n                                                                                \n                                                                                \n                                                                                \n                                                                                \n                                                                                \n                                                                                \n                                                                                \n                                                                                \n                                                                                \n                                                                                \n                                                                                \n                                                                                \n                                                                                \n                                                                                \n                                                                                \n                                                                                \n                                                                                \n                                                                                \n                                                                                \n                                                                                \n                                                                                \n                                                                                \n                                                                                \n                                                                                \n                                                                                \n                                                                                \n                                                                                \n                                                                                \n                                                                                \n                                                                        \u003Ci class=\u0022fa fa-bluetooth font-size-12\u0022\n                               data-toggle=\u0022tooltip\u0022 data-placement=\u0022top\u0022\n                               title=\u0022Fonction Bluetooth\u0022\u003E\u003C\/i\u003E\n                                                            \n                                                                                \n                                                                        \u003Ci class=\u0022fa fa-apple font-size-12\u0022\n                               data-toggle=\u0022tooltip\u0022 data-placement=\u0022top\u0022\n                               title=\u0022Fonctions Mirror Screen (Apple Carplay\/Android Auto)\u0022\u003E\u003C\/i\u003E\n                                                            \n                                                                                \n                                                                                \n                                                                                \n                                                                                \n                                                                                \n                                                                                \n                                                                                \n                                                                                \n                                                                                \n                                                                                \n                                                                                \n                                                                                \n                                                                                \n                                                                                \n                                                                                \n                                                                                \n                                                                                \n                                                                                \n                                                                                \n                                                                                \n                                                                                \n                                                                                \n                                                                                \n                                                                                \n                                                                                \n                                                                                \n                                                                                \n                                                                                \n                                                                                \n                                                                                \n                                                                                \n                                                                                \n                                                                                \n                                                                                \n            \u003C\/div\u003E\n            \u003Cdiv class=\u0022product-item__head padding-0 product-item-head-tarif custom-bottom flex-column\u0022\u003E\n                \u003Cdiv\u003E\n                    \u003Cdiv class=\u0022product-item__price\u0022 style=\u0022white-space: initial\u0022\u003E\u003Ci class=\u0022fa fa-map-marker\u0022\u003E\u003C\/i\u003E\n                        \u003Cspan style=\u0022text-transform: capitalize\u0022\u003EProvins (77)\u003C\/span\u003E\u003C\/div\u003E\n                \u003C\/div\u003E\n                \u003Cdiv class=\u0022product-item__head-children\u0022\u003E\n                    \u003Cdiv class=\u0022product-item-loyer\u0022 style=\u0022display: flex; justify-content: center;align-items: center\u0022\u003E\n                        \u003Cstrong\u003ED\u00e8s 307,79\u20ac\u003Csmall\u003E\/mois\u0026nbsp;\u003C\/small\u003E\u003C\/strong\u003E\n                        \u003Ca href=\u0022\u0022 data-vehicleId=\u00222610\u0022 data-toggle=\u0022modal\u0022 data-target=\u0022#infoFinancement\u0022 class=\u0022btn-mention-legale\u0022\u003E\u003Ci class=\u0022fa fa-info-circle\u0022\u003E\u003C\/i\u003E\u003C\/a\u003E\n                    \u003C\/div\u003E\n                    \u003Cdiv class=\u0022product-item-prix\u0022 style=\u0022display: flex; justify-content: center;align-items: center\u0022\u003E\n                        \u003Cstrong\u003E19 980\n                            \u20ac\u003Csup\u003E\u003Csmall\u003ETTC\u003C\/small\u003E\u003C\/sup\u003E\u003C\/strong\u003E\n                    \u003C\/div\u003E\n                \u003C\/div\u003E\n            \u003C\/div\u003E\n        \u003C\/div\u003E\n    \u003C\/div\u003E\n    \u003Cdiv style=\u0022margin: 15px;\u0022 class=\u0022products-items\u0022\u003E\n        \u003Cdiv class=\u0022product-item\u0022\u003E\n            \u003Cdiv class=\u0022product-item-bloc product-item__media uk-inline-clip uk-inline  uk-transition-toggle\u0022 style=\u0022border-radius:3px; height: 225px; display: flex; justify-content: center; align-items: center;\n                    background: url(https:\/\/file-render.webapp4you.eu\/pictureRender\/peugeot_3008-hybrid-225-e-eat8_allure-pack_0.jpg?id=af74da8dd9366a0ea1f5f18f88f4ddb30de408d6c1196f82d82b70b7094ba8e0a360ede32dae79e198f363b898c0220fded01fde0630cc87060b2d16966cfbe83280e4dee4d09cc1dbdb92a80e95b300dc8efc42583a623f90c1b5e4702c4378_3) center center \/ cover;\u0022\u003E\n                \u003Ca\n                        class=\u0022uk-transition-fade\u0022\n                        href=\u0022\/vehicules-occasions\/peugeot-3008-2247\u0022\u003E\n                    \u003Cdiv class=\u0022uk-overlay-cover uk-overlay-primary\u0022\u003E\u003C\/div\u003E\n                    \u003Cdiv class=\u0022uk-position-center\u0022\u003E\u003Cspan class=\u0022icon-cross\u0022\u003E\u003C\/span\u003E\u003C\/div\u003E\n                \u003C\/a\u003E\n                            \u003C\/div\u003E\n            \u003Cdiv style=\u0022padding: 15px 15px 0 15px;\u0022\u003E\n                \u003Cdiv\u003E\n                    \u003Cdiv class=\u0022product-item__name\u0022\u003E\u003Ca\n                                href=\u0022\/vehicules-occasions\/peugeot-3008-2247\u0022\u003E\u003Cstrong\n                                    class=\u0022capitalize\u0022\u003EPEUGEOT\u003C\/strong\u003E 3008\n                        \u003C\/a\u003E\n                    \u003C\/div\u003E\n                                            \u003Cdiv class=\u0022product-item__category\u0022\u003E3008 Hybrid 225 e-EAT8\u003C\/div\u003E\n                                    \u003C\/div\u003E\n            \u003C\/div\u003E\n            \u003Cdiv class=\u0022product-item__info\u0022 style=\u0022padding: 15px 15px 0 15px;\u0022\u003E\n                \u003Cp class=\u0022text-center\u0022 style=\u0022display: flex; align-items: center;margin-bottom: 0 !important;\u0022\u003E\n                    2023\n                                            \u003Cimg class=\u0022separator\u0022 src=\u0022\/front_office\/clients\/riester\/groupe\/images\/riester-line.svg\u0022\u003E\n                        30 677 km\n                                                                                    \u003Cimg class=\u0022separator\u0022  src=\u0022\/front_office\/clients\/riester\/groupe\/images\/riester-line.svg\u0022\u003E\n                        Automatique\n                                    \u003C\/p\u003E\n            \u003C\/div\u003E\n            \u003Cdiv class=\u0022product-item__specifications\u0022 style=\u0022padding: 15px 15px 0 15px;\u0022\u003E\n                                                                                                                                                                                                                                                                                                                                                                                                                                                                                                                                                                                                                                                                                                                                                                                                                                                                                                                                                                                                                                                                                                                                                                                                                                                                                                                                                                                                                                                                                                                                                                                                                                                                                                                                                                                                                                                                                                                                                                                                                                                                                                                                                                                                                                                                                                                                                                                                                                                                                                                                \u003Ch1 style=\u0022text-transform: uppercase; font-size: 11px; font-weight: bold;margin-bottom: 0;\u0022\u003E\n                        \u00e9quipements\u003C\/h1\u003E\n                                \n                                                                                \n                                                                                \n                                                                                \n                                                                                \n                                                                                \n                                                                                \n                                                                                \n                                                                                \n                                                                                \n                                                                                \n                                                                                \n                                                                                \n                                                                                \n                                                                                \n                                                                                \n                                                                                \n                                                                                \n                                                                                \n                                                                                \n                                                                                \n                                                                                \n                                                                                \n                                                                        \u003Ci class=\u0022fa fa-apple font-size-12\u0022\n                               data-toggle=\u0022tooltip\u0022 data-placement=\u0022top\u0022\n                               title=\u0022Fonction \u0026quot;Mirror Screen\u0026quot; (Apple CarPlay \/ Android Auto )\u0022\u003E\u003C\/i\u003E\n                                                            \n                                                                                \n                                                                                \n                                                                                \n                                                                                \n                                                                                \n                                                                                \n                                                                                \n                                                                                \n                                                                                \n                                                                                \n                                                                                \n                                                                                \n                                                                                \n                                                                                \n                                                                        \u003Ci class=\u0022fa fa-paint-brush font-size-12\u0022\n                               data-toggle=\u0022tooltip\u0022 data-placement=\u0022top\u0022\n                               title=\u0022Peinture m\u00e9tallis\u00e9e Bleu C\u00e9l\u00e8bes\u0022\u003E\u003C\/i\u003E\n                                                            \n                                                                                \n                                                                                \n                                                                                \n                                                                                \n                                                                                \n                                                                        \u003Ci class=\u0022fa fa-snowflake-o font-size-12\u0022\n                               data-toggle=\u0022tooltip\u0022 data-placement=\u0022top\u0022\n                               title=\u0022Pr\u00e9-chauffage \/ climatisation du v\u00e9hicule \u00e0 distance\u0022\u003E\u003C\/i\u003E\n                                                            \n                                                                                \n                                                                                \n                                                                                \n                                                                                \n                                                                                \n                                                                                \n                                                                                \n                                                                                \n                                                                                \n                                                                                \n                                                                                \n                                                                                \n                                                                                \n                                                                                \n                                                                                \n                                                                                \n                                                                                \n                                                                                \n            \u003C\/div\u003E\n            \u003Cdiv class=\u0022product-item__head padding-0 product-item-head-tarif custom-bottom flex-column\u0022\u003E\n                \u003Cdiv\u003E\n                    \u003Cdiv class=\u0022product-item__price\u0022 style=\u0022white-space: initial\u0022\u003E\u003Ci class=\u0022fa fa-map-marker\u0022\u003E\u003C\/i\u003E\n                        \u003Cspan style=\u0022text-transform: capitalize\u0022\u003EMaizi\u00e8res-la-Grande-Paroisse (10)\u003C\/span\u003E\u003C\/div\u003E\n                \u003C\/div\u003E\n                \u003Cdiv class=\u0022product-item__head-children\u0022\u003E\n                    \u003Cdiv class=\u0022product-item-loyer\u0022 style=\u0022display: flex; justify-content: center;align-items: center\u0022\u003E\n                        \u003Cstrong\u003ED\u00e8s 460,85\u20ac\u003Csmall\u003E\/mois\u0026nbsp;\u003C\/small\u003E\u003C\/strong\u003E\n                        \u003Ca href=\u0022\u0022 data-vehicleId=\u00222247\u0022 data-toggle=\u0022modal\u0022 data-target=\u0022#infoFinancement\u0022 class=\u0022btn-mention-legale\u0022\u003E\u003Ci class=\u0022fa fa-info-circle\u0022\u003E\u003C\/i\u003E\u003C\/a\u003E\n                    \u003C\/div\u003E\n                    \u003Cdiv class=\u0022product-item-prix\u0022 style=\u0022display: flex; justify-content: center;align-items: center\u0022\u003E\n                        \u003Cstrong\u003E29 979\n                            \u20ac\u003Csup\u003E\u003Csmall\u003ETTC\u003C\/small\u003E\u003C\/sup\u003E\u003C\/strong\u003E\n                    \u003C\/div\u003E\n                \u003C\/div\u003E\n            \u003C\/div\u003E\n        \u003C\/div\u003E\n    \u003C\/div\u003E\n    \u003Cdiv style=\u0022margin: 15px;\u0022 class=\u0022products-items\u0022\u003E\n        \u003Cdiv class=\u0022product-item\u0022\u003E\n            \u003Cdiv class=\u0022product-item-bloc product-item__media uk-inline-clip uk-inline  uk-transition-toggle\u0022 style=\u0022border-radius:3px; height: 225px; display: flex; justify-content: center; align-items: center;\n                    background: url(https:\/\/file-render.webapp4you.eu\/pictureRender\/peugeot_208-electrique-50-kwh-136ch_style_0.jpg?id=991fe9c2eb68718a5fec4f14743dcc4ccfbb75504db399e0f2f736df798856d46db0c90029b9832eda00ca2e0feabd4b46195aacfaaf817b923b1606b5a52908ac4497d0255a82c92db65ff74224b96b4054a223a70d4dd35797074a838b8985_3) center center \/ cover;\u0022\u003E\n                \u003Ca\n                        class=\u0022uk-transition-fade\u0022\n                        href=\u0022\/vehicules-occasions\/peugeot-208 electrique-3448\u0022\u003E\n                    \u003Cdiv class=\u0022uk-overlay-cover uk-overlay-primary\u0022\u003E\u003C\/div\u003E\n                    \u003Cdiv class=\u0022uk-position-center\u0022\u003E\u003Cspan class=\u0022icon-cross\u0022\u003E\u003C\/span\u003E\u003C\/div\u003E\n                \u003C\/a\u003E\n                            \u003C\/div\u003E\n            \u003Cdiv style=\u0022padding: 15px 15px 0 15px;\u0022\u003E\n                \u003Cdiv\u003E\n                    \u003Cdiv class=\u0022product-item__name\u0022\u003E\u003Ca\n                                href=\u0022\/vehicules-occasions\/peugeot-208 electrique-3448\u0022\u003E\u003Cstrong\n                                    class=\u0022capitalize\u0022\u003EPEUGEOT\u003C\/strong\u003E 208 ELECTRIQUE\n                        \u003C\/a\u003E\n                    \u003C\/div\u003E\n                                            \u003Cdiv class=\u0022product-item__category\u0022\u003E208 Electrique 50 kWh 136ch\u003C\/div\u003E\n                                    \u003C\/div\u003E\n            \u003C\/div\u003E\n            \u003Cdiv class=\u0022product-item__info\u0022 style=\u0022padding: 15px 15px 0 15px;\u0022\u003E\n                \u003Cp class=\u0022text-center\u0022 style=\u0022display: flex; align-items: center;margin-bottom: 0 !important;\u0022\u003E\n                    2023\n                                            \u003Cimg class=\u0022separator\u0022 src=\u0022\/front_office\/clients\/riester\/groupe\/images\/riester-line.svg\u0022\u003E\n                        8 547 km\n                                                                \u003Cimg class=\u0022separator\u0022  src=\u0022\/front_office\/clients\/riester\/groupe\/images\/riester-line.svg\u0022\u003E\n                        Electrique\n                                                                \u003Cimg class=\u0022separator\u0022  src=\u0022\/front_office\/clients\/riester\/groupe\/images\/riester-line.svg\u0022\u003E\n                        Automatique\n                                    \u003C\/p\u003E\n            \u003C\/div\u003E\n            \u003Cdiv class=\u0022product-item__specifications\u0022 style=\u0022padding: 15px 15px 0 15px;\u0022\u003E\n                                                                                                                                                                                                                                                                                                                                                                                                                                                                                                                                                                                                                                                                                                                                                                                                                                                                                                                                                                                                                                                                                                                                                                                                                                                                                                                                                                                                                                                                                                                                                                                                                                                                                                                                                                                                                                                                                                                                                                                                                                                                                                                                                                                                                                                                                                                                                                                \u003Ch1 style=\u0022text-transform: uppercase; font-size: 11px; font-weight: bold;margin-bottom: 0;\u0022\u003E\n                        \u00e9quipements\u003C\/h1\u003E\n                                \n                                                                                \n                                                                                \n                                                                                \n                                                                                \n                                                                                \n                                                                                \n                                                                                \n                                                                                \n                                                                                \n                                                                                \n                                                                                \n                                                                                \n                                                                                \n                                                                                \n                                                                                \n                                                                                \n                                                                                \n                                                                                \n                                                                                \n                                                                                \n                                                                                \n                                                                                \n                                                                                \n                                                                                \n                                                                                \n                                                                        \u003Ci class=\u0022fa fa-bluetooth font-size-12\u0022\n                               data-toggle=\u0022tooltip\u0022 data-placement=\u0022top\u0022\n                               title=\u0022Fonction Bluetooth\u0022\u003E\u003C\/i\u003E\n                                                            \n                                                                                \n                                                                        \u003Ci class=\u0022fa fa-apple font-size-12\u0022\n                               data-toggle=\u0022tooltip\u0022 data-placement=\u0022top\u0022\n                               title=\u0022Fonction \u0026quot;Mirror Screen\u0026quot; (Apple CarPlay \/ Android Auto )\u0022\u003E\u003C\/i\u003E\n                                                            \n                                                                                \n                                                                                \n                                                                                \n                                                                                \n                                                                                \n                                                                                \n                                                                                \n                                                                                \n                                                                                \n                                                                                \n                                                                                \n                                                                                \n                                                                                \n                                                                                \n                                                                                \n                                                                                \n                                                                                \n                                                                                \n                                                                                \n                                                                                \n                                                                                \n                                                                                \n                                                                                \n                                                                                \n                                                                                \n                                                                                \n                                                                        \u003Ci class=\u0022fa fa-video-camera font-size-12\u0022\n                               data-toggle=\u0022tooltip\u0022 data-placement=\u0022top\u0022\n                               title=\u0022Visio Park 1: Cam\u00e9ra de recul avec restitution sur l\u0026#039;\u00e9cran tactile d\u0026#039;une vue AR et d\u0026#039;une vue de dessus de l\u0026#039;environnement AR du v\u00e9hicule + Aide graphique et sonore au stationnement AR\u0022\u003E\u003C\/i\u003E\n                                                            \n                                                                                \n                                                                                \n                                                                                \n            \u003C\/div\u003E\n            \u003Cdiv class=\u0022product-item__head padding-0 product-item-head-tarif custom-bottom flex-column\u0022\u003E\n                \u003Cdiv\u003E\n                    \u003Cdiv class=\u0022product-item__price\u0022 style=\u0022white-space: initial\u0022\u003E\u003Ci class=\u0022fa fa-map-marker\u0022\u003E\u003C\/i\u003E\n                        \u003Cspan style=\u0022text-transform: capitalize\u0022\u003EProvins (77)\u003C\/span\u003E\u003C\/div\u003E\n                \u003C\/div\u003E\n                \u003Cdiv class=\u0022product-item__head-children\u0022\u003E\n                    \u003Cdiv class=\u0022product-item-loyer\u0022 style=\u0022display: flex; justify-content: center;align-items: center\u0022\u003E\n                        \u003Cstrong\u003ED\u00e8s 308,00\u20ac\u003Csmall\u003E\/mois\u0026nbsp;\u003C\/small\u003E\u003C\/strong\u003E\n                        \u003Ca href=\u0022\u0022 data-vehicleId=\u00223448\u0022 data-toggle=\u0022modal\u0022 data-target=\u0022#infoFinancement\u0022 class=\u0022btn-mention-legale\u0022\u003E\u003Ci class=\u0022fa fa-info-circle\u0022\u003E\u003C\/i\u003E\u003C\/a\u003E\n                    \u003C\/div\u003E\n                    \u003Cdiv class=\u0022product-item-prix\u0022 style=\u0022display: flex; justify-content: center;align-items: center\u0022\u003E\n                        \u003Cstrong\u003E19 990\n                            \u20ac\u003Csup\u003E\u003Csmall\u003ETTC\u003C\/small\u003E\u003C\/sup\u003E\u003C\/strong\u003E\n                    \u003C\/div\u003E\n                \u003C\/div\u003E\n            \u003C\/div\u003E\n        \u003C\/div\u003E\n    \u003C\/div\u003E\n    \u003Cdiv style=\u0022margin: 15px;\u0022 class=\u0022products-items\u0022\u003E\n        \u003Cdiv class=\u0022product-item\u0022\u003E\n            \u003Cdiv class=\u0022product-item-bloc product-item__media uk-inline-clip uk-inline  uk-transition-toggle\u0022 style=\u0022border-radius:3px; height: 225px; display: flex; justify-content: center; align-items: center;\n                    background: url(https:\/\/file-render.webapp4you.eu\/pictureRender\/opel_corsa-electrique-136-ch-batterie-50-kwh_0.jpg?id=d15345ead0ffb7ec758365789320b5aad6bf78291b609b97cdab88d73264db30a261076b5bd9db0d40331d3022497d6b883ddb4b06b153c2124af438eab4e435ae987692420b6e448e338c4bcdf8a01eb4ef6217e58e8080009346c04b660a2e_3) center center \/ cover;\u0022\u003E\n                \u003Ca\n                        class=\u0022uk-transition-fade\u0022\n                        href=\u0022\/vehicules-occasions\/opel-corsa electrique-7882\u0022\u003E\n                    \u003Cdiv class=\u0022uk-overlay-cover uk-overlay-primary\u0022\u003E\u003C\/div\u003E\n                    \u003Cdiv class=\u0022uk-position-center\u0022\u003E\u003Cspan class=\u0022icon-cross\u0022\u003E\u003C\/span\u003E\u003C\/div\u003E\n                \u003C\/a\u003E\n                            \u003C\/div\u003E\n            \u003Cdiv style=\u0022padding: 15px 15px 0 15px;\u0022\u003E\n                \u003Cdiv\u003E\n                    \u003Cdiv class=\u0022product-item__name\u0022\u003E\u003Ca\n                                href=\u0022\/vehicules-occasions\/opel-corsa electrique-7882\u0022\u003E\u003Cstrong\n                                    class=\u0022capitalize\u0022\u003EOPEL\u003C\/strong\u003E CORSA ELECTRIQUE\n                        \u003C\/a\u003E\n                    \u003C\/div\u003E\n                                            \u003Cdiv class=\u0022product-item__category\u0022\u003ECorsa Electrique 136 ch \u0026amp; Batt...\u003C\/div\u003E\n                                    \u003C\/div\u003E\n            \u003C\/div\u003E\n            \u003Cdiv class=\u0022product-item__info\u0022 style=\u0022padding: 15px 15px 0 15px;\u0022\u003E\n                \u003Cp class=\u0022text-center\u0022 style=\u0022display: flex; align-items: center;margin-bottom: 0 !important;\u0022\u003E\n                    2024\n                                            \u003Cimg class=\u0022separator\u0022 src=\u0022\/front_office\/clients\/riester\/groupe\/images\/riester-line.svg\u0022\u003E\n                        1 200 km\n                                                                \u003Cimg class=\u0022separator\u0022  src=\u0022\/front_office\/clients\/riester\/groupe\/images\/riester-line.svg\u0022\u003E\n                        Electrique\n                                                                \u003Cimg class=\u0022separator\u0022  src=\u0022\/front_office\/clients\/riester\/groupe\/images\/riester-line.svg\u0022\u003E\n                        Automatique\n                                    \u003C\/p\u003E\n            \u003C\/div\u003E\n            \u003Cdiv class=\u0022product-item__specifications\u0022 style=\u0022padding: 15px 15px 0 15px;\u0022\u003E\n                                                                                                                                                                                                                                                                                                                                                                                                                                                                                                                                                                                                                                                                                                                                                                                                                                                                                                                                                                                                                                                                                                                                                                                                                                                                                                                                                                                                                                                                                                                                                                                                                                                                                                                                                                                                                                                                                                                                                                                                                                                                                                                                                                                                                                                                                                                                                                                                                                                                                                                                                                                        \n                                    \n                                    \n                                    \n                                    \n                                    \n                                    \n                                    \n                                    \n                                    \n                                    \n                                    \n                                    \n                                    \n                                    \n                                    \n                                    \n                                    \n                                    \n                                    \n                                    \n                                    \n                                    \n                                    \n                                    \n                                    \n                                    \n                                    \n                                    \n                                    \n                                    \n                                    \n                                    \n                                    \n                                    \n                                    \n                                    \n                                    \n                                    \n                                    \n                                    \n                                    \n                                    \n                                    \n                                    \n                                    \n                                    \n                                    \n                                    \n                                    \n                                    \n                                    \n                                    \n                                    \n                                    \n                                    \n                                    \n                                    \n                                    \n                                    \n                                    \n            \u003C\/div\u003E\n            \u003Cdiv class=\u0022product-item__head padding-0 product-item-head-tarif custom-bottom flex-column\u0022\u003E\n                \u003Cdiv\u003E\n                    \u003Cdiv class=\u0022product-item__price\u0022 style=\u0022white-space: initial\u0022\u003E\u003Ci class=\u0022fa fa-map-marker\u0022\u003E\u003C\/i\u003E\n                        \u003Cspan style=\u0022text-transform: capitalize\u0022\u003EVilleneuve-Saint-Germain (02)\u003C\/span\u003E\u003C\/div\u003E\n                \u003C\/div\u003E\n                \u003Cdiv class=\u0022product-item__head-children\u0022\u003E\n                    \u003Cdiv class=\u0022product-item-loyer\u0022 style=\u0022display: flex; justify-content: center;align-items: center\u0022\u003E\n                        \u003Cstrong\u003ED\u00e8s 574,56\u20ac\u003Csmall\u003E\/mois\u0026nbsp;\u003C\/small\u003E\u003C\/strong\u003E\n                        \u003Ca href=\u0022\u0022 data-vehicleId=\u00227882\u0022 data-toggle=\u0022modal\u0022 data-target=\u0022#infoFinancement\u0022 class=\u0022btn-mention-legale\u0022\u003E\u003Ci class=\u0022fa fa-info-circle\u0022\u003E\u003C\/i\u003E\u003C\/a\u003E\n                    \u003C\/div\u003E\n                    \u003Cdiv class=\u0022product-item-prix\u0022 style=\u0022display: flex; justify-content: center;align-items: center\u0022\u003E\n                        \u003Cstrong\u003E37 450\n                            \u20ac\u003Csup\u003E\u003Csmall\u003ETTC\u003C\/small\u003E\u003C\/sup\u003E\u003C\/strong\u003E\n                    \u003C\/div\u003E\n                \u003C\/div\u003E\n            \u003C\/div\u003E\n        \u003C\/div\u003E\n    \u003C\/div\u003E\n    \u003Cdiv style=\u0022margin: 15px;\u0022 class=\u0022products-items\u0022\u003E\n        \u003Cdiv class=\u0022product-item\u0022\u003E\n            \u003Cdiv class=\u0022product-item-bloc product-item__media uk-inline-clip uk-inline  uk-transition-toggle\u0022 style=\u0022border-radius:3px; height: 225px; display: flex; justify-content: center; align-items: center;\n                    background: url(https:\/\/file-render.webapp4you.eu\/pictureRender\/opel_mokka-electrique-136-ch-batterie-50-kwh_gs-line_0.jpg?id=61c2717f7de829af70f36345c61a8321ac8c92288eed9effed62fae833fa946edb0d61b20ba27570ef9c8734c2215dbe5bdd767ff28450ce675e5dda2b216182f7963ddfe62733bb0a9f366e822702fd8a7c2ee7fefa880e8f0178c79be84279_3) center center \/ cover;\u0022\u003E\n                \u003Ca\n                        class=\u0022uk-transition-fade\u0022\n                        href=\u0022\/vehicules-occasions\/opel-mokka electrique-8715\u0022\u003E\n                    \u003Cdiv class=\u0022uk-overlay-cover uk-overlay-primary\u0022\u003E\u003C\/div\u003E\n                    \u003Cdiv class=\u0022uk-position-center\u0022\u003E\u003Cspan class=\u0022icon-cross\u0022\u003E\u003C\/span\u003E\u003C\/div\u003E\n                \u003C\/a\u003E\n                            \u003C\/div\u003E\n            \u003Cdiv style=\u0022padding: 15px 15px 0 15px;\u0022\u003E\n                \u003Cdiv\u003E\n                    \u003Cdiv class=\u0022product-item__name\u0022\u003E\u003Ca\n                                href=\u0022\/vehicules-occasions\/opel-mokka electrique-8715\u0022\u003E\u003Cstrong\n                                    class=\u0022capitalize\u0022\u003EOPEL\u003C\/strong\u003E MOKKA ELECTRIQUE\n                        \u003C\/a\u003E\n                    \u003C\/div\u003E\n                                            \u003Cdiv class=\u0022product-item__category\u0022\u003EMokka Electrique 136 ch \u0026amp; Batt...\u003C\/div\u003E\n                                    \u003C\/div\u003E\n            \u003C\/div\u003E\n            \u003Cdiv class=\u0022product-item__info\u0022 style=\u0022padding: 15px 15px 0 15px;\u0022\u003E\n                \u003Cp class=\u0022text-center\u0022 style=\u0022display: flex; align-items: center;margin-bottom: 0 !important;\u0022\u003E\n                    2021\n                                            \u003Cimg class=\u0022separator\u0022 src=\u0022\/front_office\/clients\/riester\/groupe\/images\/riester-line.svg\u0022\u003E\n                        63 991 km\n                                                                \u003Cimg class=\u0022separator\u0022  src=\u0022\/front_office\/clients\/riester\/groupe\/images\/riester-line.svg\u0022\u003E\n                        Electrique\n                                                                \u003Cimg class=\u0022separator\u0022  src=\u0022\/front_office\/clients\/riester\/groupe\/images\/riester-line.svg\u0022\u003E\n                        Automatique\n                                    \u003C\/p\u003E\n            \u003C\/div\u003E\n            \u003Cdiv class=\u0022product-item__specifications\u0022 style=\u0022padding: 15px 15px 0 15px;\u0022\u003E\n                                                                                                                                                                                                                                                                                                                                                                                                                                                                                                                                                                                                                                                                                                                                                                                                                                                                                                                                                                                                                                                                                                                                                                                                                                                                                                                                                                                                                                                                                                                                                                                                                                                                                                                                                                                                                                                                                                                                                                                                                                                                                                                                                                                                                                                                                                                                                                                                                                                                                                                        \u003Ch1 style=\u0022text-transform: uppercase; font-size: 11px; font-weight: bold;margin-bottom: 0;\u0022\u003E\n                        \u00e9quipements\u003C\/h1\u003E\n                                \n                                                                                \n                                                                                \n                                                                                \n                                                                                \n                                                                                \n                                                                                \n                                                                                \n                                                                                \n                                                                                \n                                                                                \n                                                                                \n                                                                                \n                                                                                \n                                                                                \n                                                                                \n                                                                                \n                                                                                \n                                                                                \n                                                                                \n                                                                        \u003Ci class=\u0022fa fa-snowflake-o font-size-12\u0022\n                               data-toggle=\u0022tooltip\u0022 data-placement=\u0022top\u0022\n                               title=\u0022Climatisation automatique monozone\u0022\u003E\u003C\/i\u003E\n                                                            \n                                                                                \n                                                                                \n                                                                                \n                                                                                \n                                                                                \n                                                                        \u003Ci class=\u0022fa fa-bluetooth font-size-12\u0022\n                               data-toggle=\u0022tooltip\u0022 data-placement=\u0022top\u0022\n                               title=\u0022Ecran tactile 7\u0026quot; couleur avec Bluetooth, compatible Apple CarPlay\/Android Auto\u0022\u003E\u003C\/i\u003E\n                                                            \n                                                                                \n                                                                                \n                                                                                \n                                                                                \n                                                                                \n                                                                                \n                                                                                \n                                                                                \n                                                                                \n                                                                                \n                                                                                \n                                                                                \n                                                                                \n                                                                                \n                                                                                \n                                                                                \n                                                                                \n                                                                                \n                                                                                \n                                                                                \n                                                                                \n                                                                                \n                                                                                \n                                                                                \n                                                                                \n                                                                                \n                                                                                \n                                                                                \n                                                                                \n                                                                                \n                                                                                \n                                                                                \n                                                                                \n                                                                                \n                                                                                \n                                                                                \n                                                                                \n            \u003C\/div\u003E\n            \u003Cdiv class=\u0022product-item__head padding-0 product-item-head-tarif custom-bottom flex-column\u0022\u003E\n                \u003Cdiv\u003E\n                    \u003Cdiv class=\u0022product-item__price\u0022 style=\u0022white-space: initial\u0022\u003E\u003Ci class=\u0022fa fa-map-marker\u0022\u003E\u003C\/i\u003E\n                        \u003Cspan style=\u0022text-transform: capitalize\u0022\u003EChanteloup-en-Brie (77)\u003C\/span\u003E\u003C\/div\u003E\n                \u003C\/div\u003E\n                \u003Cdiv class=\u0022product-item__head-children\u0022\u003E\n                    \u003Cdiv class=\u0022product-item-loyer\u0022 style=\u0022display: flex; justify-content: center;align-items: center\u0022\u003E\n                        \u003Cstrong\u003ED\u00e8s 261,05\u20ac\u003Csmall\u003E\/mois\u0026nbsp;\u003C\/small\u003E\u003C\/strong\u003E\n                        \u003Ca href=\u0022\u0022 data-vehicleId=\u00228715\u0022 data-toggle=\u0022modal\u0022 data-target=\u0022#infoFinancement\u0022 class=\u0022btn-mention-legale\u0022\u003E\u003Ci class=\u0022fa fa-info-circle\u0022\u003E\u003C\/i\u003E\u003C\/a\u003E\n                    \u003C\/div\u003E\n                    \u003Cdiv class=\u0022product-item-prix\u0022 style=\u0022display: flex; justify-content: center;align-items: center\u0022\u003E\n                        \u003Cstrong\u003E16 990\n                            \u20ac\u003Csup\u003E\u003Csmall\u003ETTC\u003C\/small\u003E\u003C\/sup\u003E\u003C\/strong\u003E\n                    \u003C\/div\u003E\n                \u003C\/div\u003E\n            \u003C\/div\u003E\n        \u003C\/div\u003E\n    \u003C\/div\u003E\n    \u003Cdiv style=\u0022margin: 15px;\u0022 class=\u0022products-items\u0022\u003E\n        \u003Cdiv class=\u0022product-item\u0022\u003E\n            \u003Cdiv class=\u0022product-item-bloc product-item__media uk-inline-clip uk-inline  uk-transition-toggle\u0022 style=\u0022border-radius:3px; height: 225px; display: flex; justify-content: center; align-items: center;\n                    background: url(https:\/\/file-render.webapp4you.eu\/pictureRender\/peugeot_3008-electrique-210-ch-73-kwh_gt_0.jpg?id=5eac75f8068a56e1f8ef0cf211ef750cabe7c14d8898affe95d62110c461f02179b2109a8ae93ac7908d8f3c3f8eb0a8f26a7511faa0734a8e51aa47b61d97ea5a5838b659f8dc1b1a9e9ec54f012e7aab1e94a6a5ba485c09eb4a9f7a128bc2_3) center center \/ cover;\u0022\u003E\n                \u003Ca\n                        class=\u0022uk-transition-fade\u0022\n                        href=\u0022\/vehicules-occasions\/peugeot-3008 electrique-8831\u0022\u003E\n                    \u003Cdiv class=\u0022uk-overlay-cover uk-overlay-primary\u0022\u003E\u003C\/div\u003E\n                    \u003Cdiv class=\u0022uk-position-center\u0022\u003E\u003Cspan class=\u0022icon-cross\u0022\u003E\u003C\/span\u003E\u003C\/div\u003E\n                \u003C\/a\u003E\n                            \u003C\/div\u003E\n            \u003Cdiv style=\u0022padding: 15px 15px 0 15px;\u0022\u003E\n                \u003Cdiv\u003E\n                    \u003Cdiv class=\u0022product-item__name\u0022\u003E\u003Ca\n                                href=\u0022\/vehicules-occasions\/peugeot-3008 electrique-8831\u0022\u003E\u003Cstrong\n                                    class=\u0022capitalize\u0022\u003EPEUGEOT\u003C\/strong\u003E 3008 ELECTRIQUE\n                        \u003C\/a\u003E\n                    \u003C\/div\u003E\n                                            \u003Cdiv class=\u0022product-item__category\u0022\u003E3008 Electrique 210 ch 73 kWh\u003C\/div\u003E\n                                    \u003C\/div\u003E\n            \u003C\/div\u003E\n            \u003Cdiv class=\u0022product-item__info\u0022 style=\u0022padding: 15px 15px 0 15px;\u0022\u003E\n                \u003Cp class=\u0022text-center\u0022 style=\u0022display: flex; align-items: center;margin-bottom: 0 !important;\u0022\u003E\n                    2025\n                                            \u003Cimg class=\u0022separator\u0022 src=\u0022\/front_office\/clients\/riester\/groupe\/images\/riester-line.svg\u0022\u003E\n                        9 500 km\n                                                                \u003Cimg class=\u0022separator\u0022  src=\u0022\/front_office\/clients\/riester\/groupe\/images\/riester-line.svg\u0022\u003E\n                        Electrique\n                                                                \u003Cimg class=\u0022separator\u0022  src=\u0022\/front_office\/clients\/riester\/groupe\/images\/riester-line.svg\u0022\u003E\n                        Automatique\n                                    \u003C\/p\u003E\n            \u003C\/div\u003E\n            \u003Cdiv class=\u0022product-item__specifications\u0022 style=\u0022padding: 15px 15px 0 15px;\u0022\u003E\n                                                                                                                                                                                                                                                                                                                                                                                                                                                                                                                                                                                                                                                                                                                                                                                                                                                                                                                                                                                                                                                                                                                                                                                                                                                                                                                                                                                                                                                                                                                                                                                                                                                                                                                                                                                                                                                                                                                                                                                                                                                                                                                                                                                                                                \u003Ch1 style=\u0022text-transform: uppercase; font-size: 11px; font-weight: bold;margin-bottom: 0;\u0022\u003E\n                        \u00e9quipements\u003C\/h1\u003E\n                                \n                                                                                \n                                                                                \n                                                                                \n                                                                                \n                                                                                \n                                                                                \n                                                                                \n                                                                                \n                                                                                \n                                                                                \n                                                                                \n                                                                                \n                                                                                \n                                                                                \n                                                                                \n                                                                                \n                                                                        \u003Ci class=\u0022fa-solid fa-gauge-circle-plus font-size-12\u0022\n                               data-toggle=\u0022tooltip\u0022 data-placement=\u0022top\u0022\n                               title=\u0022Drive Assist - R\u00e9gulateur de vitesse adaptatif avec fonction Stop \u0026amp; Go\u0022\u003E\u003C\/i\u003E\n                                                            \n                                                                                \n                                                                                \n                                                                                \n                                                                                \n                                                                                \n                                                                                \n                                                                                \n                                                                                \n                                                                                \n                                                                                \n                                                                                \n                                                                                \n                                                                                \n                                                                                \n                                                                                \n                                                                                \n                                                                        \u003Ci class=\u0022fa fa-video-camera font-size-12\u0022\n                               data-toggle=\u0022tooltip\u0022 data-placement=\u0022top\u0022\n                               title=\u0022Pack Safety Plus R\u00e9gulateur \/ Limiteur de vitesse,   Freinage d\u0026#039;urgence automatique avec alerte risque de collision pilot\u00e9e par cam\u00e9ra et radar,   Alerte active de franchissement involontaire de ligne et bas c\u00f4t\u00e9,   Reconnaissance \u00e9tendue des panneaux de signalisation et pr\u00e9conisation de vitesse,   Alerte attention conducteur\u0022\u003E\u003C\/i\u003E\n                                                            \n                                                                                \n                                                                                \n                                                                                \n                                                                                \n                                                                                \n                                                                                \n                                                                                \n                                                                                \n                                                                                \n                                                                                \n                                                                                \n                                                                                \n                                                                                \n                                                                                \n                                                                                \n                                                                                \n                                                                                \n                                                                        \u003Ci class=\u0022fa fa-video-camera font-size-12\u0022\n                               data-toggle=\u0022tooltip\u0022 data-placement=\u0022top\u0022\n                               title=\u0022Visiopark 1 Cam\u00e9ra de recul  \u0026amp; aide au stationnement AV et AR, graphique et sonore\u0022\u003E\u003C\/i\u003E\n                                                            \n                                                                                \n                                                                                \n            \u003C\/div\u003E\n            \u003Cdiv class=\u0022product-item__head padding-0 product-item-head-tarif custom-bottom flex-column\u0022\u003E\n                \u003Cdiv\u003E\n                    \u003Cdiv class=\u0022product-item__price\u0022 style=\u0022white-space: initial\u0022\u003E\u003Ci class=\u0022fa fa-map-marker\u0022\u003E\u003C\/i\u003E\n                        \u003Cspan style=\u0022text-transform: capitalize\u0022\u003ESoissons (02)\u003C\/span\u003E\u003C\/div\u003E\n                \u003C\/div\u003E\n                \u003Cdiv class=\u0022product-item__head-children\u0022\u003E\n                    \u003Cdiv class=\u0022product-item-loyer\u0022 style=\u0022display: flex; justify-content: center;align-items: center\u0022\u003E\n                        \u003Cstrong\u003ED\u00e8s 650,90\u20ac\u003Csmall\u003E\/mois\u0026nbsp;\u003C\/small\u003E\u003C\/strong\u003E\n                        \u003Ca href=\u0022\u0022 data-vehicleId=\u00228831\u0022 data-toggle=\u0022modal\u0022 data-target=\u0022#infoFinancement\u0022 class=\u0022btn-mention-legale\u0022\u003E\u003Ci class=\u0022fa fa-info-circle\u0022\u003E\u003C\/i\u003E\u003C\/a\u003E\n                    \u003C\/div\u003E\n                    \u003Cdiv class=\u0022product-item-prix\u0022 style=\u0022display: flex; justify-content: center;align-items: center\u0022\u003E\n                        \u003Cstrong\u003E42 490\n                            \u20ac\u003Csup\u003E\u003Csmall\u003ETTC\u003C\/small\u003E\u003C\/sup\u003E\u003C\/strong\u003E\n                    \u003C\/div\u003E\n                \u003C\/div\u003E\n            \u003C\/div\u003E\n        \u003C\/div\u003E\n    \u003C\/div\u003E\n    \u003Cdiv style=\u0022margin: 15px;\u0022 class=\u0022products-items\u0022\u003E\n        \u003Cdiv class=\u0022product-item\u0022\u003E\n            \u003Cdiv class=\u0022product-item-bloc product-item__media uk-inline-clip uk-inline  uk-transition-toggle\u0022 style=\u0022border-radius:3px; height: 225px; display: flex; justify-content: center; align-items: center;\n                    background: url(https:\/\/file-render.webapp4you.eu\/pictureRender\/hyundai_i10-10-63-bvr_creative_0.jpg?id=e31526b1ac47b791faff46ea9a3946e9711f11076e3f86f410d0bb1048757c0a533d86f9676bbdc2ad62736d4fb2dc448491ddcaf9e5ee11c94335b8217a3b74ccc066890b78d76941ab84d7d9b9ee530edfd448102e0c8335a2f61c2b11ed0e_3) center center \/ cover;\u0022\u003E\n                \u003Ca\n                        class=\u0022uk-transition-fade\u0022\n                        href=\u0022\/vehicules-occasions\/hyundai-i10-8948\u0022\u003E\n                    \u003Cdiv class=\u0022uk-overlay-cover uk-overlay-primary\u0022\u003E\u003C\/div\u003E\n                    \u003Cdiv class=\u0022uk-position-center\u0022\u003E\u003Cspan class=\u0022icon-cross\u0022\u003E\u003C\/span\u003E\u003C\/div\u003E\n                \u003C\/a\u003E\n                            \u003C\/div\u003E\n            \u003Cdiv style=\u0022padding: 15px 15px 0 15px;\u0022\u003E\n                \u003Cdiv\u003E\n                    \u003Cdiv class=\u0022product-item__name\u0022\u003E\u003Ca\n                                href=\u0022\/vehicules-occasions\/hyundai-i10-8948\u0022\u003E\u003Cstrong\n                                    class=\u0022capitalize\u0022\u003EHYUNDAI\u003C\/strong\u003E i10\n                        \u003C\/a\u003E\n                    \u003C\/div\u003E\n                                            \u003Cdiv class=\u0022product-item__category\u0022\u003Ei10 1.0 63 BVR\u003C\/div\u003E\n                                    \u003C\/div\u003E\n            \u003C\/div\u003E\n            \u003Cdiv class=\u0022product-item__info\u0022 style=\u0022padding: 15px 15px 0 15px;\u0022\u003E\n                \u003Cp class=\u0022text-center\u0022 style=\u0022display: flex; align-items: center;margin-bottom: 0 !important;\u0022\u003E\n                    2025\n                                                                \u003Cimg class=\u0022separator\u0022  src=\u0022\/front_office\/clients\/riester\/groupe\/images\/riester-line.svg\u0022\u003E\n                        Essence\n                                                                \u003Cimg class=\u0022separator\u0022  src=\u0022\/front_office\/clients\/riester\/groupe\/images\/riester-line.svg\u0022\u003E\n                        Automatique\n                                    \u003C\/p\u003E\n            \u003C\/div\u003E\n            \u003Cdiv class=\u0022product-item__specifications\u0022 style=\u0022padding: 15px 15px 0 15px;\u0022\u003E\n                                                                                                                                                                                                                                                                                                                                                                                                                                                                                                                                                                                                                                                                                                                                                                                                                                                                                                                                                                                                                                                                                                                                                                                                                                                                                                                                                                                                                                                                                                                                                                                                                                                                                                                                                                                                                                                                                                                                                                                                                                                                                                                                                                                                                                                                                                                                                                                                                                                                                                                                                                                                                                                                                                                                                                                                                                                                                                                                                                                                                                        \n                                    \n                                    \n                                    \n                                    \n                                    \n                                    \n                                    \n                                    \n                                    \n                                    \n                                    \n                                    \n                                    \n                                    \n                                    \n                                    \n                                    \n                                    \n                                    \n                                    \n                                    \n                                    \n                                    \n                                    \n                                    \n                                    \n                                    \n                                    \n                                    \n                                    \n                                    \n                                    \n                                    \n                                    \n                                    \n                                    \n                                    \n                                    \n                                    \n                                    \n                                    \n                                    \n                                    \n                                    \n                                    \n                                    \n                                    \n                                    \n                                    \n                                    \n                                    \n                                    \n                                    \n                                    \n                                    \n                                    \n                                    \n                                    \n                                    \n                                    \n                                    \n                                    \n                                    \n                                    \n                                    \n                                    \n                                    \n                                    \n                                    \n                                    \n                                    \n                                    \n            \u003C\/div\u003E\n            \u003Cdiv class=\u0022product-item__head padding-0 product-item-head-tarif custom-bottom flex-column\u0022\u003E\n                \u003Cdiv\u003E\n                    \u003Cdiv class=\u0022product-item__price\u0022 style=\u0022white-space: initial\u0022\u003E\u003Ci class=\u0022fa fa-map-marker\u0022\u003E\u003C\/i\u003E\n                        \u003Cspan style=\u0022text-transform: capitalize\u0022\u003ESaint-Maximin (60)\u003C\/span\u003E\u003C\/div\u003E\n                \u003C\/div\u003E\n                \u003Cdiv class=\u0022product-item__head-children\u0022\u003E\n                    \u003Cdiv class=\u0022product-item-loyer\u0022 style=\u0022display: flex; justify-content: center;align-items: center\u0022\u003E\n                        \u003Cstrong\u003ED\u00e8s 313,30\u20ac\u003Csmall\u003E\/mois\u0026nbsp;\u003C\/small\u003E\u003C\/strong\u003E\n                        \u003Ca href=\u0022\u0022 data-vehicleId=\u00228948\u0022 data-toggle=\u0022modal\u0022 data-target=\u0022#infoFinancement\u0022 class=\u0022btn-mention-legale\u0022\u003E\u003Ci class=\u0022fa fa-info-circle\u0022\u003E\u003C\/i\u003E\u003C\/a\u003E\n                    \u003C\/div\u003E\n                    \u003Cdiv class=\u0022product-item-prix\u0022 style=\u0022display: flex; justify-content: center;align-items: center\u0022\u003E\n                        \u003Cstrong\u003E20 350\n                            \u20ac\u003Csup\u003E\u003Csmall\u003ETTC\u003C\/small\u003E\u003C\/sup\u003E\u003C\/strong\u003E\n                    \u003C\/div\u003E\n                \u003C\/div\u003E\n            \u003C\/div\u003E\n        \u003C\/div\u003E\n    \u003C\/div\u003E\n    \u003Cdiv style=\u0022margin: 15px;\u0022 class=\u0022products-items\u0022\u003E\n        \u003Cdiv class=\u0022product-item\u0022\u003E\n            \u003Cdiv class=\u0022product-item-bloc product-item__media uk-inline-clip uk-inline  uk-transition-toggle\u0022 style=\u0022border-radius:3px; height: 225px; display: flex; justify-content: center; align-items: center;\n                    background: url(https:\/\/file-render.webapp4you.eu\/pictureRender\/hyundai_i30-10-t-gdi-120-ibvm6_creative_0.jpg?id=8e0a2bb87ddc3d3d1f863073ffe81a479cea23cdd779ed0550c0821a3d04b95765004871c5453a62965c374e4eaee986ba58f5dc9d3b86475af9141dd49357b4fecab59a00def6344e23ddb7b194f616cbe932e1f3905cd4556d371497b54797_3) center center \/ cover;\u0022\u003E\n                \u003Ca\n                        class=\u0022uk-transition-fade\u0022\n                        href=\u0022\/vehicules-occasions\/hyundai-i30-8951\u0022\u003E\n                    \u003Cdiv class=\u0022uk-overlay-cover uk-overlay-primary\u0022\u003E\u003C\/div\u003E\n                    \u003Cdiv class=\u0022uk-position-center\u0022\u003E\u003Cspan class=\u0022icon-cross\u0022\u003E\u003C\/span\u003E\u003C\/div\u003E\n                \u003C\/a\u003E\n                            \u003C\/div\u003E\n            \u003Cdiv style=\u0022padding: 15px 15px 0 15px;\u0022\u003E\n                \u003Cdiv\u003E\n                    \u003Cdiv class=\u0022product-item__name\u0022\u003E\u003Ca\n                                href=\u0022\/vehicules-occasions\/hyundai-i30-8951\u0022\u003E\u003Cstrong\n                                    class=\u0022capitalize\u0022\u003EHYUNDAI\u003C\/strong\u003E i30\n                        \u003C\/a\u003E\n                    \u003C\/div\u003E\n                                            \u003Cdiv class=\u0022product-item__category\u0022\u003Ei30 1.0 T-GDi 120 iBVM6\u003C\/div\u003E\n                                    \u003C\/div\u003E\n            \u003C\/div\u003E\n            \u003Cdiv class=\u0022product-item__info\u0022 style=\u0022padding: 15px 15px 0 15px;\u0022\u003E\n                \u003Cp class=\u0022text-center\u0022 style=\u0022display: flex; align-items: center;margin-bottom: 0 !important;\u0022\u003E\n                    2021\n                                            \u003Cimg class=\u0022separator\u0022 src=\u0022\/front_office\/clients\/riester\/groupe\/images\/riester-line.svg\u0022\u003E\n                        9 500 km\n                                                                \u003Cimg class=\u0022separator\u0022  src=\u0022\/front_office\/clients\/riester\/groupe\/images\/riester-line.svg\u0022\u003E\n                        Essence\n                                                                \u003Cimg class=\u0022separator\u0022  src=\u0022\/front_office\/clients\/riester\/groupe\/images\/riester-line.svg\u0022\u003E\n                        Manuelle\n                                    \u003C\/p\u003E\n            \u003C\/div\u003E\n            \u003Cdiv class=\u0022product-item__specifications\u0022 style=\u0022padding: 15px 15px 0 15px;\u0022\u003E\n                                                                                                                                                                                                                                                                                                                                                                                                                                                                                                                                                                                                                                                                                                                                                                                                                                                                                                                                                                                                                                                                                                                                                                                                                                                                                                                                                                                                                                                                                                                                                                                                                                                                                                                                                                                                                                                                                                                                                                                                                                                                                                                                                                                                                                                                                                                                                                                                                                                                                                                                                                                                                                                                                                                                                                                                                                                                                                                                                                                                                                        \n                                    \n                                    \n                                    \n                                    \n                                    \n                                    \n                                    \n                                    \n                                    \n                                    \n                                    \n                                    \n                                    \n                                    \n                                    \n                                    \n                                    \n                                    \n                                    \n                                    \n                                    \n                                    \n                                    \n                                    \n                                    \n                                    \n                                    \n                                    \n                                    \n                                    \n                                    \n                                    \n                                    \n                                    \n                                    \n                                    \n                                    \n                                    \n                                    \n                                    \n                                    \n                                    \n                                    \n                                    \n                                    \n                                    \n                                    \n                                    \n                                    \n                                    \n                                    \n                                    \n                                    \n                                    \n                                    \n                                    \n                                    \n                                    \n                                    \n                                    \n                                    \n                                    \n                                    \n                                    \n                                    \n                                    \n                                    \n                                    \n                                    \n                                    \n                                    \n                                    \n            \u003C\/div\u003E\n            \u003Cdiv class=\u0022product-item__head padding-0 product-item-head-tarif custom-bottom flex-column\u0022\u003E\n                \u003Cdiv\u003E\n                    \u003Cdiv class=\u0022product-item__price\u0022 style=\u0022white-space: initial\u0022\u003E\u003Ci class=\u0022fa fa-map-marker\u0022\u003E\u003C\/i\u003E\n                        \u003Cspan style=\u0022text-transform: capitalize\u0022\u003ESaint-Maximin (60)\u003C\/span\u003E\u003C\/div\u003E\n                \u003C\/div\u003E\n                \u003Cdiv class=\u0022product-item__head-children\u0022\u003E\n                    \u003Cdiv class=\u0022product-item-loyer\u0022 style=\u0022display: flex; justify-content: center;align-items: center\u0022\u003E\n                        \u003Cstrong\u003ED\u00e8s 395,83\u20ac\u003Csmall\u003E\/mois\u0026nbsp;\u003C\/small\u003E\u003C\/strong\u003E\n                        \u003Ca href=\u0022\u0022 data-vehicleId=\u00228951\u0022 data-toggle=\u0022modal\u0022 data-target=\u0022#infoFinancement\u0022 class=\u0022btn-mention-legale\u0022\u003E\u003Ci class=\u0022fa fa-info-circle\u0022\u003E\u003C\/i\u003E\u003C\/a\u003E\n                    \u003C\/div\u003E\n                    \u003Cdiv class=\u0022product-item-prix\u0022 style=\u0022display: flex; justify-content: center;align-items: center\u0022\u003E\n                        \u003Cstrong\u003E25 793\n                            \u20ac\u003Csup\u003E\u003Csmall\u003ETTC\u003C\/small\u003E\u003C\/sup\u003E\u003C\/strong\u003E\n                    \u003C\/div\u003E\n                \u003C\/div\u003E\n            \u003C\/div\u003E\n        \u003C\/div\u003E\n    \u003C\/div\u003E\n    \u003Cdiv style=\u0022margin: 15px;\u0022 class=\u0022products-items\u0022\u003E\n        \u003Cdiv class=\u0022product-item\u0022\u003E\n            \u003Cdiv class=\u0022product-item-bloc product-item__media uk-inline-clip uk-inline  uk-transition-toggle\u0022 style=\u0022border-radius:3px; height: 225px; display: flex; justify-content: center; align-items: center;\n                    background: url(https:\/\/file-render.webapp4you.eu\/pictureRender\/citroen_c3-aircross-bluehdi-120-ss-eat6_shine_0.jpg?id=e4c1eef18ab03835981472d60e912c45a41d4603a178bac9b6a2803b5640d5b4800959cfe683033535a1d48fedaba8694321e134229063f070fb6c29f5d1b3abaf7556cecedb216630966087175e7de829c8eafebbd47d668d9306035b49792c_3) center center \/ cover;\u0022\u003E\n                \u003Ca\n                        class=\u0022uk-transition-fade\u0022\n                        href=\u0022\/vehicules-occasions\/citroen-c3 aircross-9241\u0022\u003E\n                    \u003Cdiv class=\u0022uk-overlay-cover uk-overlay-primary\u0022\u003E\u003C\/div\u003E\n                    \u003Cdiv class=\u0022uk-position-center\u0022\u003E\u003Cspan class=\u0022icon-cross\u0022\u003E\u003C\/span\u003E\u003C\/div\u003E\n                \u003C\/a\u003E\n                            \u003C\/div\u003E\n            \u003Cdiv style=\u0022padding: 15px 15px 0 15px;\u0022\u003E\n                \u003Cdiv\u003E\n                    \u003Cdiv class=\u0022product-item__name\u0022\u003E\u003Ca\n                                href=\u0022\/vehicules-occasions\/citroen-c3 aircross-9241\u0022\u003E\u003Cstrong\n                                    class=\u0022capitalize\u0022\u003ECITROEN\u003C\/strong\u003E C3 AIRCROSS\n                        \u003C\/a\u003E\n                    \u003C\/div\u003E\n                                            \u003Cdiv class=\u0022product-item__category\u0022\u003EC3 Aircross BlueHDi 120 S\u0026amp;S EA...\u003C\/div\u003E\n                                    \u003C\/div\u003E\n            \u003C\/div\u003E\n            \u003Cdiv class=\u0022product-item__info\u0022 style=\u0022padding: 15px 15px 0 15px;\u0022\u003E\n                \u003Cp class=\u0022text-center\u0022 style=\u0022display: flex; align-items: center;margin-bottom: 0 !important;\u0022\u003E\n                    2021\n                                            \u003Cimg class=\u0022separator\u0022 src=\u0022\/front_office\/clients\/riester\/groupe\/images\/riester-line.svg\u0022\u003E\n                        73 710 km\n                                                                \u003Cimg class=\u0022separator\u0022  src=\u0022\/front_office\/clients\/riester\/groupe\/images\/riester-line.svg\u0022\u003E\n                        Diesel\n                                                                \u003Cimg class=\u0022separator\u0022  src=\u0022\/front_office\/clients\/riester\/groupe\/images\/riester-line.svg\u0022\u003E\n                        Automatique\n                                    \u003C\/p\u003E\n            \u003C\/div\u003E\n            \u003Cdiv class=\u0022product-item__specifications\u0022 style=\u0022padding: 15px 15px 0 15px;\u0022\u003E\n                                                                                                                                                                                                                                                                                                                                                                                                                                                                                                                                                                                                                                                                                                                                                                                                                                                                                                                                                                                                                                                                                                                                                                                                                                                                                                                                                                                                                                                                                                                                                                                                                                                                                                                                                                \u003Ch1 style=\u0022text-transform: uppercase; font-size: 11px; font-weight: bold;margin-bottom: 0;\u0022\u003E\n                        \u00e9quipements\u003C\/h1\u003E\n                                \n                                                                                \n                                                                                \n                                                                                \n                                                                                \n                                                                                \n                                                                                \n                                                                                \n                                                                                \n                                                                                \n                                                                                \n                                                                                \n                                                                                \n                                                                                \n                                                                                \n                                                                                \n                                                                                \n                                                                                \n                                                                                \n                                                                                \n                                                                                \n                                                                        \u003Ci class=\u0022fa fa-bluetooth font-size-12\u0022\n                               data-toggle=\u0022tooltip\u0022 data-placement=\u0022top\u0022\n                               title=\u0022Kit mains libres Bluetooth et prise USB\u0022\u003E\u003C\/i\u003E\n                                                            \n                                                                                \n                                                                                \n                                                                                \n                                                                                \n                                                                                \n                                                                                \n                                                                                \n                                                                                \n                                                                                \n                                                                                \n                                                                                \n                                                                                \n                                                                                \n                                                                                \n                                                                                \n                                                                                \n                                                                                \n                                                                                \n                                                                                \n                                                                                \n                                                                                \n                                                                                \n                                                                                \n            \u003C\/div\u003E\n            \u003Cdiv class=\u0022product-item__head padding-0 product-item-head-tarif custom-bottom flex-column\u0022\u003E\n                \u003Cdiv\u003E\n                    \u003Cdiv class=\u0022product-item__price\u0022 style=\u0022white-space: initial\u0022\u003E\u003Ci class=\u0022fa fa-map-marker\u0022\u003E\u003C\/i\u003E\n                        \u003Cspan style=\u0022text-transform: capitalize\u0022\u003EMaizi\u00e8res-la-Grande-Paroisse (10)\u003C\/span\u003E\u003C\/div\u003E\n                \u003C\/div\u003E\n                \u003Cdiv class=\u0022product-item__head-children\u0022\u003E\n                    \u003Cdiv class=\u0022product-item-loyer\u0022 style=\u0022display: flex; justify-content: center;align-items: center\u0022\u003E\n                        \u003Cstrong\u003ED\u00e8s 0,00\u20ac\u003Csmall\u003E\/mois\u0026nbsp;\u003C\/small\u003E\u003C\/strong\u003E\n                        \u003Ca href=\u0022\u0022 data-vehicleId=\u00229241\u0022 data-toggle=\u0022modal\u0022 data-target=\u0022#infoFinancement\u0022 class=\u0022btn-mention-legale\u0022\u003E\u003Ci class=\u0022fa fa-info-circle\u0022\u003E\u003C\/i\u003E\u003C\/a\u003E\n                    \u003C\/div\u003E\n                    \u003Cdiv class=\u0022product-item-prix\u0022 style=\u0022display: flex; justify-content: center;align-items: center\u0022\u003E\n                        \u003Cstrong\u003E15 795\n                            \u20ac\u003Csup\u003E\u003Csmall\u003ETTC\u003C\/small\u003E\u003C\/sup\u003E\u003C\/strong\u003E\n                    \u003C\/div\u003E\n                \u003C\/div\u003E\n            \u003C\/div\u003E\n        \u003C\/div\u003E\n    \u003C\/div\u003E\n    \u003Cdiv style=\u0022margin: 15px;\u0022 class=\u0022products-items\u0022\u003E\n        \u003Cdiv class=\u0022product-item\u0022\u003E\n            \u003Cdiv class=\u0022product-item-bloc product-item__media uk-inline-clip uk-inline  uk-transition-toggle\u0022 style=\u0022border-radius:3px; height: 225px; display: flex; justify-content: center; align-items: center;\n                    background: url(https:\/\/file-render.webapp4you.eu\/pictureRender\/citroen_nouveau-c5-aircross-electrique-210ch-boite-automa_0.jpg?id=8a6f7bd0d987a8e01788ea4ac97d3eda23ab2746ee7e408ba268901ed4cb92718777a19f522b2c418657c89371707c0e860bbf2aa9033fc6cbe9d343111143acf8289dcee51984a2f62dab1d19280ce878d1506eebfd1fa8c0bfb7f8ab67ca1d_3) center center \/ cover;\u0022\u003E\n                \u003Ca\n                        class=\u0022uk-transition-fade\u0022\n                        href=\u0022\/vehicules-occasions\/citroen-new c5 ac-9273\u0022\u003E\n                    \u003Cdiv class=\u0022uk-overlay-cover uk-overlay-primary\u0022\u003E\u003C\/div\u003E\n                    \u003Cdiv class=\u0022uk-position-center\u0022\u003E\u003Cspan class=\u0022icon-cross\u0022\u003E\u003C\/span\u003E\u003C\/div\u003E\n                \u003C\/a\u003E\n                            \u003C\/div\u003E\n            \u003Cdiv style=\u0022padding: 15px 15px 0 15px;\u0022\u003E\n                \u003Cdiv\u003E\n                    \u003Cdiv class=\u0022product-item__name\u0022\u003E\u003Ca\n                                href=\u0022\/vehicules-occasions\/citroen-new c5 ac-9273\u0022\u003E\u003Cstrong\n                                    class=\u0022capitalize\u0022\u003ECITROEN\u003C\/strong\u003E NEW C5 AC\n                        \u003C\/a\u003E\n                    \u003C\/div\u003E\n                                            \u003Cdiv class=\u0022product-item__category\u0022\u003ENouveau C5 Aircross \u00c9lectrique...\u003C\/div\u003E\n                                    \u003C\/div\u003E\n            \u003C\/div\u003E\n            \u003Cdiv class=\u0022product-item__info\u0022 style=\u0022padding: 15px 15px 0 15px;\u0022\u003E\n                \u003Cp class=\u0022text-center\u0022 style=\u0022display: flex; align-items: center;margin-bottom: 0 !important;\u0022\u003E\n                    2025\n                                            \u003Cimg class=\u0022separator\u0022 src=\u0022\/front_office\/clients\/riester\/groupe\/images\/riester-line.svg\u0022\u003E\n                        2 500 km\n                                                                                    \u003Cimg class=\u0022separator\u0022  src=\u0022\/front_office\/clients\/riester\/groupe\/images\/riester-line.svg\u0022\u003E\n                        Automatique\n                                    \u003C\/p\u003E\n            \u003C\/div\u003E\n            \u003Cdiv class=\u0022product-item__specifications\u0022 style=\u0022padding: 15px 15px 0 15px;\u0022\u003E\n                                                                                                                                                                                                                                                                                                                                        \u003Ch1 style=\u0022text-transform: uppercase; font-size: 11px; font-weight: bold;margin-bottom: 0;\u0022\u003E\n                        \u00e9quipements\u003C\/h1\u003E\n                                \n                                                                                \n                                                                                \n                                                                                \n                                                                                \n                                                                                \n                                                                        \u003Ci class=\u0022fa-solid fa-car-garage font-size-12\u0022\n                               data-toggle=\u0022tooltip\u0022 data-placement=\u0022top\u0022\n                               title=\u0022Toit ouvrant vitr\u00e9 panoramique + R\u00e9troviseur int\u00e9r\u0022\u003E\u003C\/i\u003E\n                                                            \n            \u003C\/div\u003E\n            \u003Cdiv class=\u0022product-item__head padding-0 product-item-head-tarif custom-bottom flex-column\u0022\u003E\n                \u003Cdiv\u003E\n                    \u003Cdiv class=\u0022product-item__price\u0022 style=\u0022white-space: initial\u0022\u003E\u003Ci class=\u0022fa fa-map-marker\u0022\u003E\u003C\/i\u003E\n                        \u003Cspan style=\u0022text-transform: capitalize\u0022\u003ESaint-Maximin (60)\u003C\/span\u003E\u003C\/div\u003E\n                \u003C\/div\u003E\n                \u003Cdiv class=\u0022product-item__head-children\u0022\u003E\n                    \u003Cdiv class=\u0022product-item-loyer\u0022 style=\u0022display: flex; justify-content: center;align-items: center\u0022\u003E\n                        \u003Cstrong\u003ED\u00e8s 0,00\u20ac\u003Csmall\u003E\/mois\u0026nbsp;\u003C\/small\u003E\u003C\/strong\u003E\n                        \u003Ca href=\u0022\u0022 data-vehicleId=\u00229273\u0022 data-toggle=\u0022modal\u0022 data-target=\u0022#infoFinancement\u0022 class=\u0022btn-mention-legale\u0022\u003E\u003Ci class=\u0022fa fa-info-circle\u0022\u003E\u003C\/i\u003E\u003C\/a\u003E\n                    \u003C\/div\u003E\n                    \u003Cdiv class=\u0022product-item-prix\u0022 style=\u0022display: flex; justify-content: center;align-items: center\u0022\u003E\n                        \u003Cstrong\u003E46 870\n                            \u20ac\u003Csup\u003E\u003Csmall\u003ETTC\u003C\/small\u003E\u003C\/sup\u003E\u003C\/strong\u003E\n                    \u003C\/div\u003E\n                \u003C\/div\u003E\n            \u003C\/div\u003E\n        \u003C\/div\u003E\n    \u003C\/div\u003E\n    \u003Cdiv style=\u0022margin: 15px;\u0022 class=\u0022products-items\u0022\u003E\n        \u003Cdiv class=\u0022product-item\u0022\u003E\n            \u003Cdiv class=\u0022product-item-bloc product-item__media uk-inline-clip uk-inline  uk-transition-toggle\u0022 style=\u0022border-radius:3px; height: 225px; display: flex; justify-content: center; align-items: center;\n                    background: url(https:\/\/file-render.webapp4you.eu\/pictureRender\/citroen_e-c4-156-ch-autonomie-etendue_collection_0.jpg?id=5b676df358b308685a0a30f255ce01987030904dfb7b5af2e9043527e692786f78d95bc87e67d4c1fa9484b108e88d9a6a3f2ceced879b1712e9b0b6109b33dc52d20df528f48490ef165f76e6e4e4e811a9ee5010569f2b1414a3cf55e9b91c_3) center center \/ cover;\u0022\u003E\n                \u003Ca\n                        class=\u0022uk-transition-fade\u0022\n                        href=\u0022\/vehicules-occasions\/citroen-e-c4-9282\u0022\u003E\n                    \u003Cdiv class=\u0022uk-overlay-cover uk-overlay-primary\u0022\u003E\u003C\/div\u003E\n                    \u003Cdiv class=\u0022uk-position-center\u0022\u003E\u003Cspan class=\u0022icon-cross\u0022\u003E\u003C\/span\u003E\u003C\/div\u003E\n                \u003C\/a\u003E\n                            \u003C\/div\u003E\n            \u003Cdiv style=\u0022padding: 15px 15px 0 15px;\u0022\u003E\n                \u003Cdiv\u003E\n                    \u003Cdiv class=\u0022product-item__name\u0022\u003E\u003Ca\n                                href=\u0022\/vehicules-occasions\/citroen-e-c4-9282\u0022\u003E\u003Cstrong\n                                    class=\u0022capitalize\u0022\u003ECITROEN\u003C\/strong\u003E E-C4\n                        \u003C\/a\u003E\n                    \u003C\/div\u003E\n                                            \u003Cdiv class=\u0022product-item__category\u0022\u003Ee-C4 156 ch autonomie \u00e9tendue\u003C\/div\u003E\n                                    \u003C\/div\u003E\n            \u003C\/div\u003E\n            \u003Cdiv class=\u0022product-item__info\u0022 style=\u0022padding: 15px 15px 0 15px;\u0022\u003E\n                \u003Cp class=\u0022text-center\u0022 style=\u0022display: flex; align-items: center;margin-bottom: 0 !important;\u0022\u003E\n                    2025\n                                            \u003Cimg class=\u0022separator\u0022 src=\u0022\/front_office\/clients\/riester\/groupe\/images\/riester-line.svg\u0022\u003E\n                        10 km\n                                                                \u003Cimg class=\u0022separator\u0022  src=\u0022\/front_office\/clients\/riester\/groupe\/images\/riester-line.svg\u0022\u003E\n                        Electrique\n                                                                \u003Cimg class=\u0022separator\u0022  src=\u0022\/front_office\/clients\/riester\/groupe\/images\/riester-line.svg\u0022\u003E\n                        Automatique\n                                    \u003C\/p\u003E\n            \u003C\/div\u003E\n            \u003Cdiv class=\u0022product-item__specifications\u0022 style=\u0022padding: 15px 15px 0 15px;\u0022\u003E\n                                                                                                                                                                                                                                                                                                                                                                                                                                                                                                                                                                                                                                                                                                                                                                                                                                                                                                                                                                                                                                                                                                                                                                                                                                                                                                                                                                                                                                                                                                                                                                                                                                                                                                                                                                                                                                                                                                                                                                                                                                                                                                                                                                                                                                                                                                                                                                                                                                                                                                                                        \u003Ch1 style=\u0022text-transform: uppercase; font-size: 11px; font-weight: bold;margin-bottom: 0;\u0022\u003E\n                        \u00e9quipements\u003C\/h1\u003E\n                                \n                                                                                \n                                                                                \n                                                                                \n                                                                                \n                                                                                \n                                                                                \n                                                                                \n                                                                                \n                                                                                \n                                                                                \n                                                                                \n                                                                                \n                                                                        \u003Ci class=\u0022fa fa-video-camera font-size-12\u0022\n                               data-toggle=\u0022tooltip\u0022 data-placement=\u0022top\u0022\n                               title=\u0022Cam\u00e9ra de recul\u0022\u003E\u003C\/i\u003E\n                                                            \n                                                                                \n                                                                                \n                                                                        \u003Ci class=\u0022fa fa-snowflake-o font-size-12\u0022\n                               data-toggle=\u0022tooltip\u0022 data-placement=\u0022top\u0022\n                               title=\u0022Climatisation automatique bizone\u0022\u003E\u003C\/i\u003E\n                                                            \n                                                                                \n                                                                                \n                                                                                \n                                                                                \n                                                                                \n                                                                                \n                                                                                \n                                                                        \u003Ci class=\u0022fa fa-bluetooth font-size-12\u0022\n                               data-toggle=\u0022tooltip\u0022 data-placement=\u0022top\u0022\n                               title=\u0022Ecran central 10\u0026quot; tactile: - Syst\u00e8me audio num\u00e9rique (DAB) 6 HPs  - Apple CarPlay et Android Auto sans fil  - Reconnaissance vocale  - Kit mains libres Bluetooth  - Bo\u00eetier t\u00e9l\u00e9matique : Appel d\u0026#039;urgence et Citro\u00ebn Assistance\u0022\u003E\u003C\/i\u003E\n                                                            \n                                                                                \n                                                                                \n                                                                                \n                                                                                \n                                                                                \n                                                                                \n                                                                                \n                                                                                \n                                                                                \n                                                                                \n                                                                                \n                                                                                \n                                                                                \n                                                                                \n                                                                                \n                                                                                \n                                                                                \n                                                                                \n                                                                                \n                                                                                \n                                                                                \n                                                                                \n                                                                                \n                                                                                \n                                                                                \n                                                                                \n                                                                                \n                                                                                \n                                                                                \n                                                                                \n                                                                                \n                                                                                \n                                                                        \u003Ci class=\u0022fa fa-video-camera font-size-12\u0022\n                               data-toggle=\u0022tooltip\u0022 data-placement=\u0022top\u0022\n                               title=\u0022Top Rear Vision de la cam\u00e9ra de recul\u0022\u003E\u003C\/i\u003E\n                                                            \n                                                                                \n                                                                                \n                                                                                \n                                                                                \n            \u003C\/div\u003E\n            \u003Cdiv class=\u0022product-item__head padding-0 product-item-head-tarif custom-bottom flex-column\u0022\u003E\n                \u003Cdiv\u003E\n                    \u003Cdiv class=\u0022product-item__price\u0022 style=\u0022white-space: initial\u0022\u003E\u003Ci class=\u0022fa fa-map-marker\u0022\u003E\u003C\/i\u003E\n                        \u003Cspan style=\u0022text-transform: capitalize\u0022\u003ESaint-Maximin (60)\u003C\/span\u003E\u003C\/div\u003E\n                \u003C\/div\u003E\n                \u003Cdiv class=\u0022product-item__head-children\u0022\u003E\n                    \u003Cdiv class=\u0022product-item-loyer\u0022 style=\u0022display: flex; justify-content: center;align-items: center\u0022\u003E\n                        \u003Cstrong\u003ED\u00e8s 0,00\u20ac\u003Csmall\u003E\/mois\u0026nbsp;\u003C\/small\u003E\u003C\/strong\u003E\n                        \u003Ca href=\u0022\u0022 data-vehicleId=\u00229282\u0022 data-toggle=\u0022modal\u0022 data-target=\u0022#infoFinancement\u0022 class=\u0022btn-mention-legale\u0022\u003E\u003Ci class=\u0022fa fa-info-circle\u0022\u003E\u003C\/i\u003E\u003C\/a\u003E\n                    \u003C\/div\u003E\n                    \u003Cdiv class=\u0022product-item-prix\u0022 style=\u0022display: flex; justify-content: center;align-items: center\u0022\u003E\n                        \u003Cstrong\u003E37 300\n                            \u20ac\u003Csup\u003E\u003Csmall\u003ETTC\u003C\/small\u003E\u003C\/sup\u003E\u003C\/strong\u003E\n                    \u003C\/div\u003E\n                \u003C\/div\u003E\n            \u003C\/div\u003E\n        \u003C\/div\u003E\n    \u003C\/div\u003E\n    \u003Cdiv style=\u0022margin: 15px;\u0022 class=\u0022products-items\u0022\u003E\n        \u003Cdiv class=\u0022product-item\u0022\u003E\n            \u003Cdiv class=\u0022product-item-bloc product-item__media uk-inline-clip uk-inline  uk-transition-toggle\u0022 style=\u0022border-radius:3px; height: 225px; display: flex; justify-content: center; align-items: center;\n                    background: url(https:\/\/file-render.webapp4you.eu\/pictureRender\/citroen_e-c4-156-ch-autonomie-etendue_collection_0.jpg?id=7279b4cbe461eaa07392ffd50dbd34b8d0a83422e9d175157d2c25b48f09ec2406ccfa2bd99a9564670462fe5e99fab8c0428c02215db3d80fae32766da2ff82b28169c2b14f3c241ad06665265db0cf769e64403c7efb72ea804ca56422331c_3) center center \/ cover;\u0022\u003E\n                \u003Ca\n                        class=\u0022uk-transition-fade\u0022\n                        href=\u0022\/vehicules-occasions\/citroen-e-c4-9244\u0022\u003E\n                    \u003Cdiv class=\u0022uk-overlay-cover uk-overlay-primary\u0022\u003E\u003C\/div\u003E\n                    \u003Cdiv class=\u0022uk-position-center\u0022\u003E\u003Cspan class=\u0022icon-cross\u0022\u003E\u003C\/span\u003E\u003C\/div\u003E\n                \u003C\/a\u003E\n                            \u003C\/div\u003E\n            \u003Cdiv style=\u0022padding: 15px 15px 0 15px;\u0022\u003E\n                \u003Cdiv\u003E\n                    \u003Cdiv class=\u0022product-item__name\u0022\u003E\u003Ca\n                                href=\u0022\/vehicules-occasions\/citroen-e-c4-9244\u0022\u003E\u003Cstrong\n                                    class=\u0022capitalize\u0022\u003ECITROEN\u003C\/strong\u003E E-C4\n                        \u003C\/a\u003E\n                    \u003C\/div\u003E\n                                            \u003Cdiv class=\u0022product-item__category\u0022\u003Ee-C4 156 ch autonomie \u00e9tendue\u003C\/div\u003E\n                                    \u003C\/div\u003E\n            \u003C\/div\u003E\n            \u003Cdiv class=\u0022product-item__info\u0022 style=\u0022padding: 15px 15px 0 15px;\u0022\u003E\n                \u003Cp class=\u0022text-center\u0022 style=\u0022display: flex; align-items: center;margin-bottom: 0 !important;\u0022\u003E\n                    2025\n                                            \u003Cimg class=\u0022separator\u0022 src=\u0022\/front_office\/clients\/riester\/groupe\/images\/riester-line.svg\u0022\u003E\n                        7 500 km\n                                                                \u003Cimg class=\u0022separator\u0022  src=\u0022\/front_office\/clients\/riester\/groupe\/images\/riester-line.svg\u0022\u003E\n                        Electrique\n                                                                \u003Cimg class=\u0022separator\u0022  src=\u0022\/front_office\/clients\/riester\/groupe\/images\/riester-line.svg\u0022\u003E\n                        Automatique\n                                    \u003C\/p\u003E\n            \u003C\/div\u003E\n            \u003Cdiv class=\u0022product-item__specifications\u0022 style=\u0022padding: 15px 15px 0 15px;\u0022\u003E\n                                                                                                                                                                                                                                                                                                                                                                                                                                                                                                                                                                                                                                                                                                                                                                                                                                                                                                                                                                                                                                                                                                                                                                                                                                                                                                                                                                                                                                                                                                                                                                                                                                                                                                                                                                                                                                                                                                                                                                                                                                                                                                                                                                                                                                                                                                                                                                                                                                                                                                                                        \u003Ch1 style=\u0022text-transform: uppercase; font-size: 11px; font-weight: bold;margin-bottom: 0;\u0022\u003E\n                        \u00e9quipements\u003C\/h1\u003E\n                                \n                                                                                \n                                                                                \n                                                                                \n                                                                                \n                                                                                \n                                                                                \n                                                                                \n                                                                                \n                                                                                \n                                                                                \n                                                                                \n                                                                                \n                                                                        \u003Ci class=\u0022fa fa-video-camera font-size-12\u0022\n                               data-toggle=\u0022tooltip\u0022 data-placement=\u0022top\u0022\n                               title=\u0022Cam\u00e9ra de recul\u0022\u003E\u003C\/i\u003E\n                                                            \n                                                                                \n                                                                                \n                                                                                \n                                                                        \u003Ci class=\u0022fa fa-snowflake-o font-size-12\u0022\n                               data-toggle=\u0022tooltip\u0022 data-placement=\u0022top\u0022\n                               title=\u0022Climatisation automatique bi-zone\u0022\u003E\u003C\/i\u003E\n                                                            \n                                                                                \n                                                                                \n                                                                                \n                                                                                \n                                                                                \n                                                                                \n                                                                                \n                                                                        \u003Ci class=\u0022fa fa-bluetooth font-size-12\u0022\n                               data-toggle=\u0022tooltip\u0022 data-placement=\u0022top\u0022\n                               title=\u0022Ecran central 10\u0026quot; tactile: - Syst\u00e8me audio num\u00e9rique (DAB) 6 HPs  - Apple CarPlay et Android Auto sans fil  - Reconnaissance vocale  - Kit mains libres Bluetooth  - Bo\u00eetier t\u00e9l\u00e9matique : Appel d\u0026#039;urgence et Citro\u00ebn Assistance\u0022\u003E\u003C\/i\u003E\n                                                            \n                                                                                \n                                                                                \n                                                                                \n                                                                                \n                                                                                \n                                                                                \n                                                                                \n                                                                                \n                                                                                \n                                                                                \n                                                                                \n                                                                                \n                                                                                \n                                                                                \n                                                                                \n                                                                                \n                                                                                \n                                                                                \n                                                                                \n                                                                                \n                                                                                \n                                                                                \n                                                                                \n                                                                                \n                                                                                \n                                                                                \n                                                                                \n                                                                                \n                                                                                \n                                                                                \n                                                                                \n                                                                        \u003Ci class=\u0022fa fa-video-camera font-size-12\u0022\n                               data-toggle=\u0022tooltip\u0022 data-placement=\u0022top\u0022\n                               title=\u0022Top Rear Vision de la cam\u00e9ra de recul\u0022\u003E\u003C\/i\u003E\n                                                            \n                                                                                \n                                                                                \n                                                                                \n                                                                                \n            \u003C\/div\u003E\n            \u003Cdiv class=\u0022product-item__head padding-0 product-item-head-tarif custom-bottom flex-column\u0022\u003E\n                \u003Cdiv\u003E\n                    \u003Cdiv class=\u0022product-item__price\u0022 style=\u0022white-space: initial\u0022\u003E\u003Ci class=\u0022fa fa-map-marker\u0022\u003E\u003C\/i\u003E\n                        \u003Cspan style=\u0022text-transform: capitalize\u0022\u003ESaint-Maximin (60)\u003C\/span\u003E\u003C\/div\u003E\n                \u003C\/div\u003E\n                \u003Cdiv class=\u0022product-item__head-children\u0022\u003E\n                    \u003Cdiv class=\u0022product-item-loyer\u0022 style=\u0022display: flex; justify-content: center;align-items: center\u0022\u003E\n                        \u003Cstrong\u003ED\u00e8s 0,00\u20ac\u003Csmall\u003E\/mois\u0026nbsp;\u003C\/small\u003E\u003C\/strong\u003E\n                        \u003Ca href=\u0022\u0022 data-vehicleId=\u00229244\u0022 data-toggle=\u0022modal\u0022 data-target=\u0022#infoFinancement\u0022 class=\u0022btn-mention-legale\u0022\u003E\u003Ci class=\u0022fa fa-info-circle\u0022\u003E\u003C\/i\u003E\u003C\/a\u003E\n                    \u003C\/div\u003E\n                    \u003Cdiv class=\u0022product-item-prix\u0022 style=\u0022display: flex; justify-content: center;align-items: center\u0022\u003E\n                        \u003Cstrong\u003E36 126\n                            \u20ac\u003Csup\u003E\u003Csmall\u003ETTC\u003C\/small\u003E\u003C\/sup\u003E\u003C\/strong\u003E\n                    \u003C\/div\u003E\n                \u003C\/div\u003E\n            \u003C\/div\u003E\n        \u003C\/div\u003E\n    \u003C\/div\u003E\n    \u003Cdiv style=\u0022margin: 15px;\u0022 class=\u0022products-items\u0022\u003E\n        \u003Cdiv class=\u0022product-item\u0022\u003E\n            \u003Cdiv class=\u0022product-item-bloc product-item__media uk-inline-clip uk-inline  uk-transition-toggle\u0022 style=\u0022border-radius:3px; height: 225px; display: flex; justify-content: center; align-items: center;\n                    background: url(https:\/\/file-render.webapp4you.eu\/pictureRender\/citroen_jumper-fourgon-tole-30-l2h1-120-ss-bvm6_0.jpg?id=0e8b7f1c2d381873b2fafba1c218e1bf6b200bf8a6112e986f6c30e66f65e2aa8f85c159da3019ed4867d3cd375fdc4189a0c2523c76f3f2018ac76f6f62f42789587ccd430f6ae7d835e5383cd8232fd274b8975728ca89bd3fd3e6d974e387_3) center center \/ cover;\u0022\u003E\n                \u003Ca\n                        class=\u0022uk-transition-fade\u0022\n                        href=\u0022\/vehicules-occasions\/citroen-jumper fourgon-9285\u0022\u003E\n                    \u003Cdiv class=\u0022uk-overlay-cover uk-overlay-primary\u0022\u003E\u003C\/div\u003E\n                    \u003Cdiv class=\u0022uk-position-center\u0022\u003E\u003Cspan class=\u0022icon-cross\u0022\u003E\u003C\/span\u003E\u003C\/div\u003E\n                \u003C\/a\u003E\n                            \u003C\/div\u003E\n            \u003Cdiv style=\u0022padding: 15px 15px 0 15px;\u0022\u003E\n                \u003Cdiv\u003E\n                    \u003Cdiv class=\u0022product-item__name\u0022\u003E\u003Ca\n                                href=\u0022\/vehicules-occasions\/citroen-jumper fourgon-9285\u0022\u003E\u003Cstrong\n                                    class=\u0022capitalize\u0022\u003ECITROEN\u003C\/strong\u003E JUMPER FOURGON\n                        \u003C\/a\u003E\n                    \u003C\/div\u003E\n                                            \u003Cdiv class=\u0022product-item__category\u0022\u003EJUMPER FOURGON TOLE 30 L2H1 12...\u003C\/div\u003E\n                                    \u003C\/div\u003E\n            \u003C\/div\u003E\n            \u003Cdiv class=\u0022product-item__info\u0022 style=\u0022padding: 15px 15px 0 15px;\u0022\u003E\n                \u003Cp class=\u0022text-center\u0022 style=\u0022display: flex; align-items: center;margin-bottom: 0 !important;\u0022\u003E\n                    2025\n                                            \u003Cimg class=\u0022separator\u0022 src=\u0022\/front_office\/clients\/riester\/groupe\/images\/riester-line.svg\u0022\u003E\n                        100 km\n                                                                \u003Cimg class=\u0022separator\u0022  src=\u0022\/front_office\/clients\/riester\/groupe\/images\/riester-line.svg\u0022\u003E\n                        Diesel\n                                                                \u003Cimg class=\u0022separator\u0022  src=\u0022\/front_office\/clients\/riester\/groupe\/images\/riester-line.svg\u0022\u003E\n                        Manuelle\n                                    \u003C\/p\u003E\n            \u003C\/div\u003E\n            \u003Cdiv class=\u0022product-item__specifications\u0022 style=\u0022padding: 15px 15px 0 15px;\u0022\u003E\n                                                                                                                                                                                                                                                                                                                                                                                                                                                                                                                                                                                                                                                                                                                                                                                                                                                                                                                                                                                                                                                                                                                                                                                                                                                                                                                                                                                                                                                                                                                                                                                                                                                                                                                                                                                                                                                                                                                                                            \u003Ch1 style=\u0022text-transform: uppercase; font-size: 11px; font-weight: bold;margin-bottom: 0;\u0022\u003E\n                        \u00e9quipements\u003C\/h1\u003E\n                                \n                                                                                \n                                                                                \n                                                                                \n                                                                                \n                                                                                \n                                                                                \n                                                                                \n                                                                                \n                                                                                \n                                                                                \n                                                                                \n                                                                                \n                                                                                \n                                                                                \n                                                                                \n                                                                        \u003Ci class=\u0022fa fa-snowflake-o font-size-12\u0022\n                               data-toggle=\u0022tooltip\u0022 data-placement=\u0022top\u0022\n                               title=\u0022Climatisation manuelle\u0022\u003E\u003C\/i\u003E\n                                                            \n                                                                                \n                                                                                \n                                                                                \n                                                                                \n                                                                                \n                                                                                \n                                                                                \n                                                                                \n                                                                                \n                                                                                \n                                                                                \n                                                                                \n                                                                                \n                                                                                \n                                                                                \n                                                                                \n                                                                                \n                                                                                \n                                                                                \n                                                                                \n                                                                                \n                                                                                \n                                                                                \n                                                                                \n                                                                                \n                                                                                \n                                                                                \n                                                                                \n                                                                        \u003Ci class=\u0022fa fa-bluetooth font-size-12\u0022\n                               data-toggle=\u0022tooltip\u0022 data-placement=\u0022top\u0022\n                               title=\u0022Syst\u00e8me audio 5\u0026quot; avec radio num\u00e9rique (DAB) +  Bluetooth + 1 port USB\u0022\u003E\u003C\/i\u003E\n                                                            \n                                                                                \n                                                                                \n                                                                                \n            \u003C\/div\u003E\n            \u003Cdiv class=\u0022product-item__head padding-0 product-item-head-tarif custom-bottom flex-column\u0022\u003E\n                \u003Cdiv\u003E\n                    \u003Cdiv class=\u0022product-item__price\u0022 style=\u0022white-space: initial\u0022\u003E\u003Ci class=\u0022fa fa-map-marker\u0022\u003E\u003C\/i\u003E\n                        \u003Cspan style=\u0022text-transform: capitalize\u0022\u003ESaint-Maximin (60)\u003C\/span\u003E\u003C\/div\u003E\n                \u003C\/div\u003E\n                \u003Cdiv class=\u0022product-item__head-children\u0022\u003E\n                    \u003Cdiv class=\u0022product-item-loyer\u0022 style=\u0022display: flex; justify-content: center;align-items: center\u0022\u003E\n                        \u003Cstrong\u003ED\u00e8s 0,00\u20ac\u003Csmall\u003E\/mois\u0026nbsp;\u003C\/small\u003E\u003C\/strong\u003E\n                        \u003Ca href=\u0022\u0022 data-vehicleId=\u00229285\u0022 data-toggle=\u0022modal\u0022 data-target=\u0022#infoFinancement\u0022 class=\u0022btn-mention-legale\u0022\u003E\u003Ci class=\u0022fa fa-info-circle\u0022\u003E\u003C\/i\u003E\u003C\/a\u003E\n                    \u003C\/div\u003E\n                    \u003Cdiv class=\u0022product-item-prix\u0022 style=\u0022display: flex; justify-content: center;align-items: center\u0022\u003E\n                        \u003Cstrong\u003E38 900\n                            \u20ac\u003Csup\u003E\u003Csmall\u003ETTC\u003C\/small\u003E\u003C\/sup\u003E\u003C\/strong\u003E\n                    \u003C\/div\u003E\n                \u003C\/div\u003E\n            \u003C\/div\u003E\n        \u003C\/div\u003E\n    \u003C\/div\u003E\n    \u003Cdiv style=\u0022margin: 15px;\u0022 class=\u0022products-items\u0022\u003E\n        \u003Cdiv class=\u0022product-item\u0022\u003E\n            \u003Cdiv class=\u0022product-item-bloc product-item__media uk-inline-clip uk-inline  uk-transition-toggle\u0022 style=\u0022border-radius:3px; height: 225px; display: flex; justify-content: center; align-items: center;\n                    background: url(https:\/\/file-render.webapp4you.eu\/pictureRender\/opel_crossland-12-turbo-110-ch-bvm6_gs-line_0.jpg?id=b9d3333ce4c2ab25eeb0a5f17971d953bc594631e1309aac8e79832ff5972505ee5d2ba24491ca60f631c4c0135009461fdaf414f4ed997296c82ea61f940427e4d42a923bb506f26606ed38f6b2262dfdc2512377f544f15c2205f50a3f0a62_3) center center \/ cover;\u0022\u003E\n                \u003Ca\n                        class=\u0022uk-transition-fade\u0022\n                        href=\u0022\/vehicules-occasions\/opel-crossland-9314\u0022\u003E\n                    \u003Cdiv class=\u0022uk-overlay-cover uk-overlay-primary\u0022\u003E\u003C\/div\u003E\n                    \u003Cdiv class=\u0022uk-position-center\u0022\u003E\u003Cspan class=\u0022icon-cross\u0022\u003E\u003C\/span\u003E\u003C\/div\u003E\n                \u003C\/a\u003E\n                            \u003C\/div\u003E\n            \u003Cdiv style=\u0022padding: 15px 15px 0 15px;\u0022\u003E\n                \u003Cdiv\u003E\n                    \u003Cdiv class=\u0022product-item__name\u0022\u003E\u003Ca\n                                href=\u0022\/vehicules-occasions\/opel-crossland-9314\u0022\u003E\u003Cstrong\n                                    class=\u0022capitalize\u0022\u003EOPEL\u003C\/strong\u003E CROSSLAND\n                        \u003C\/a\u003E\n                    \u003C\/div\u003E\n                                            \u003Cdiv class=\u0022product-item__category\u0022\u003ECrossland 1.2 Turbo 110 ch BVM...\u003C\/div\u003E\n                                    \u003C\/div\u003E\n            \u003C\/div\u003E\n            \u003Cdiv class=\u0022product-item__info\u0022 style=\u0022padding: 15px 15px 0 15px;\u0022\u003E\n                \u003Cp class=\u0022text-center\u0022 style=\u0022display: flex; align-items: center;margin-bottom: 0 !important;\u0022\u003E\n                    2021\n                                            \u003Cimg class=\u0022separator\u0022 src=\u0022\/front_office\/clients\/riester\/groupe\/images\/riester-line.svg\u0022\u003E\n                        37 388 km\n                                                                \u003Cimg class=\u0022separator\u0022  src=\u0022\/front_office\/clients\/riester\/groupe\/images\/riester-line.svg\u0022\u003E\n                        Essence\n                                                                \u003Cimg class=\u0022separator\u0022  src=\u0022\/front_office\/clients\/riester\/groupe\/images\/riester-line.svg\u0022\u003E\n                        Manuelle\n                                    \u003C\/p\u003E\n            \u003C\/div\u003E\n            \u003Cdiv class=\u0022product-item__specifications\u0022 style=\u0022padding: 15px 15px 0 15px;\u0022\u003E\n                                                                                                                                                                                                                                                                                                                                                                                                                                                                                                                                                                                                                                                                                                                                                                                                                                                                                                                                                                                                                                                                                                                                                                                                                                                                                                                                                                                                                                                                                                                                                                                                                                                                                                                                                                                                                                                                                                                                                                                                                                                                                \u003Ch1 style=\u0022text-transform: uppercase; font-size: 11px; font-weight: bold;margin-bottom: 0;\u0022\u003E\n                        \u00e9quipements\u003C\/h1\u003E\n                                \n                                                                                \n                                                                                \n                                                                                \n                                                                                \n                                                                                \n                                                                                \n                                                                                \n                                                                                \n                                                                                \n                                                                                \n                                                                        \u003Ci class=\u0022fa fa-video-camera font-size-12\u0022\n                               data-toggle=\u0022tooltip\u0022 data-placement=\u0022top\u0022\n                               title=\u0022Cam\u00e9ra Opel Eye (alerte de changement de voie intempestif, reconnaissance des panneaux de signalisation coupl\u00e9e au r\u00e9gulateur \/ limiteur de vitesse)\u0022\u003E\u003C\/i\u003E\n                                                            \n                                                                        \u003Ci class=\u0022fa fa-snowflake-o font-size-12\u0022\n                               data-toggle=\u0022tooltip\u0022 data-placement=\u0022top\u0022\n                               title=\u0022Climatisation manuelle\u0022\u003E\u003C\/i\u003E\n                                                            \n                                                                                \n                                                                                \n                                                                                \n                                                                                \n                                                                                \n                                                                                \n                                                                                \n                                                                                \n                                                                                \n                                                                                \n                                                                                \n                                                                                \n                                                                                \n                                                                                \n                                                                                \n                                                                                \n                                                                                \n                                                                                \n                                                                                \n                                                                                \n                                                                                \n                                                                                \n                                                                                \n                                                                                \n                                                                                \n                                                                                \n                                                                                \n                                                                                \n                                                                                \n                                                                                \n                                                                                \n                                                                                \n                                                                                \n                                                                        \u003Ci class=\u0022fa fa-bluetooth font-size-12\u0022\n                               data-toggle=\u0022tooltip\u0022 data-placement=\u0022top\u0022\n                               title=\u0022Syst\u00e8me Multim\u00e9dia avec \u00e9cran tactile 7\u0026#039;\u0026#039;, 4x20W, 6 HP, radio DAB, USB, Bluetooth mains libres, audio streaming, Apple CarPlay \u0026amp; Android Auto\u0022\u003E\u003C\/i\u003E\n                                                            \n                                                                                \n                                                                                \n                                                                                \n                                                                                \n            \u003C\/div\u003E\n            \u003Cdiv class=\u0022product-item__head padding-0 product-item-head-tarif custom-bottom flex-column\u0022\u003E\n                \u003Cdiv\u003E\n                    \u003Cdiv class=\u0022product-item__price\u0022 style=\u0022white-space: initial\u0022\u003E\u003Ci class=\u0022fa fa-map-marker\u0022\u003E\u003C\/i\u003E\n                        \u003Cspan style=\u0022text-transform: capitalize\u0022\u003EChanteloup-en-Brie (77)\u003C\/span\u003E\u003C\/div\u003E\n                \u003C\/div\u003E\n                \u003Cdiv class=\u0022product-item__head-children\u0022\u003E\n                    \u003Cdiv class=\u0022product-item-loyer\u0022 style=\u0022display: flex; justify-content: center;align-items: center\u0022\u003E\n                        \u003Cstrong\u003ED\u00e8s 212,07\u20ac\u003Csmall\u003E\/mois\u0026nbsp;\u003C\/small\u003E\u003C\/strong\u003E\n                        \u003Ca href=\u0022\u0022 data-vehicleId=\u00229314\u0022 data-toggle=\u0022modal\u0022 data-target=\u0022#infoFinancement\u0022 class=\u0022btn-mention-legale\u0022\u003E\u003Ci class=\u0022fa fa-info-circle\u0022\u003E\u003C\/i\u003E\u003C\/a\u003E\n                    \u003C\/div\u003E\n                    \u003Cdiv class=\u0022product-item-prix\u0022 style=\u0022display: flex; justify-content: center;align-items: center\u0022\u003E\n                        \u003Cstrong\u003E13 790\n                            \u20ac\u003Csup\u003E\u003Csmall\u003ETTC\u003C\/small\u003E\u003C\/sup\u003E\u003C\/strong\u003E\n                    \u003C\/div\u003E\n                \u003C\/div\u003E\n            \u003C\/div\u003E\n        \u003C\/div\u003E\n    \u003C\/div\u003E\n    \u003Cdiv style=\u0022margin: 15px;\u0022 class=\u0022products-items\u0022\u003E\n        \u003Cdiv class=\u0022product-item\u0022\u003E\n            \u003Cdiv class=\u0022product-item-bloc product-item__media uk-inline-clip uk-inline  uk-transition-toggle\u0022 style=\u0022border-radius:3px; height: 225px; display: flex; justify-content: center; align-items: center;\n                    background: url(https:\/\/file-render.webapp4you.eu\/pictureRender\/peugeot_3008-electrique-210-ch-73-kwh_allure_0.jpg?id=6ba6b8255cb0b8296cd1df6487e8a21ba2e11627663fba09481833d332e38b4693273c89bdfb89a549652e3454c6bfa8850510c2168f85117894c296e53724a724ae876bbd038d61d6d41d09b94c116ab5a3d8a96e59b629114216cb9c811f1d_3) center center \/ cover;\u0022\u003E\n                \u003Ca\n                        class=\u0022uk-transition-fade\u0022\n                        href=\u0022\/vehicules-occasions\/peugeot-3008 electrique-9330\u0022\u003E\n                    \u003Cdiv class=\u0022uk-overlay-cover uk-overlay-primary\u0022\u003E\u003C\/div\u003E\n                    \u003Cdiv class=\u0022uk-position-center\u0022\u003E\u003Cspan class=\u0022icon-cross\u0022\u003E\u003C\/span\u003E\u003C\/div\u003E\n                \u003C\/a\u003E\n                            \u003C\/div\u003E\n            \u003Cdiv style=\u0022padding: 15px 15px 0 15px;\u0022\u003E\n                \u003Cdiv\u003E\n                    \u003Cdiv class=\u0022product-item__name\u0022\u003E\u003Ca\n                                href=\u0022\/vehicules-occasions\/peugeot-3008 electrique-9330\u0022\u003E\u003Cstrong\n                                    class=\u0022capitalize\u0022\u003EPEUGEOT\u003C\/strong\u003E 3008 ELECTRIQUE\n                        \u003C\/a\u003E\n                    \u003C\/div\u003E\n                                            \u003Cdiv class=\u0022product-item__category\u0022\u003E3008 Electrique 210 ch 73 kWh\u003C\/div\u003E\n                                    \u003C\/div\u003E\n            \u003C\/div\u003E\n            \u003Cdiv class=\u0022product-item__info\u0022 style=\u0022padding: 15px 15px 0 15px;\u0022\u003E\n                \u003Cp class=\u0022text-center\u0022 style=\u0022display: flex; align-items: center;margin-bottom: 0 !important;\u0022\u003E\n                    2025\n                                            \u003Cimg class=\u0022separator\u0022 src=\u0022\/front_office\/clients\/riester\/groupe\/images\/riester-line.svg\u0022\u003E\n                        3 500 km\n                                                                \u003Cimg class=\u0022separator\u0022  src=\u0022\/front_office\/clients\/riester\/groupe\/images\/riester-line.svg\u0022\u003E\n                        Electrique\n                                                                \u003Cimg class=\u0022separator\u0022  src=\u0022\/front_office\/clients\/riester\/groupe\/images\/riester-line.svg\u0022\u003E\n                        Automatique\n                                    \u003C\/p\u003E\n            \u003C\/div\u003E\n            \u003Cdiv class=\u0022product-item__specifications\u0022 style=\u0022padding: 15px 15px 0 15px;\u0022\u003E\n                                                                                                                                                                                                                                                                                                                                                                                                                                                                                                                                                                                                                                                                                                                                                                                                                                                                                                                                                                                                                                                                                                                                                                                                                                                                                                                                                                                                                                                                                                                                                                                                                                                                                                                                                                                                                    \u003Ch1 style=\u0022text-transform: uppercase; font-size: 11px; font-weight: bold;margin-bottom: 0;\u0022\u003E\n                        \u00e9quipements\u003C\/h1\u003E\n                                \n                                                                                \n                                                                                \n                                                                                \n                                                                                \n                                                                                \n                                                                                \n                                                                                \n                                                                                \n                                                                                \n                                                                                \n                                                                                \n                                                                                \n                                                                                \n                                                                                \n                                                                                \n                                                                                \n                                                                                \n                                                                                \n                                                                                \n                                                                                \n                                                                                \n                                                                                \n                                                                                \n                                                                                \n                                                                                \n                                                                                \n                                                                                \n                                                                                \n                                                                                \n                                                                        \u003Ci class=\u0022fa fa-video-camera font-size-12\u0022\n                               data-toggle=\u0022tooltip\u0022 data-placement=\u0022top\u0022\n                               title=\u0022Pack Safety Plus R\u00e9gulateur \/ Limiteur de vitesse,   Freinage d\u0026#039;urgence automatique avec alerte risque de collision pilot\u00e9e par cam\u00e9ra et radar,   Alerte active de franchissement involontaire de ligne et bas c\u00f4t\u00e9,   Reconnaissance \u00e9tendue des panneaux de signalisation et pr\u00e9conisation de vitesse,   Alerte attention conducteur\u0022\u003E\u003C\/i\u003E\n                                                            \n                                                                                \n                                                                                \n                                                                        \u003Ci class=\u0022fa fa-bluetooth font-size-12\u0022\n                               data-toggle=\u0022tooltip\u0022 data-placement=\u0022top\u0022\n                               title=\u0022PEUGEOT i-Connect - Radio DAB, Bluetooth (connexion 2 t\u00e9l\u00e9phones), Mirror Screen sans fil (Apple CarPlay \/ Android Auto), Peugeot Connect SOS \u0026amp; Assistance, 1 prise USB C (Data \u0026amp; charge)  - Connect One (Abonnement 10 ans inclus)  - Connect Plus (Abonnement 6 mois inclus)\u0022\u003E\u003C\/i\u003E\n                                                            \n                                                                                \n                                                                                \n                                                                                \n                                                                                \n                                                                                \n                                                                                \n                                                                                \n                                                                                \n                                                                        \u003Ci class=\u0022fa fa-video-camera font-size-12\u0022\n                               data-toggle=\u0022tooltip\u0022 data-placement=\u0022top\u0022\n                               title=\u0022Visiopark 1 Cam\u00e9ra de recul  \u0026amp; aide au stationnement AR, graphique et sonore\u0022\u003E\u003C\/i\u003E\n                                                            \n                                                                                \n            \u003C\/div\u003E\n            \u003Cdiv class=\u0022product-item__head padding-0 product-item-head-tarif custom-bottom flex-column\u0022\u003E\n                \u003Cdiv\u003E\n                    \u003Cdiv class=\u0022product-item__price\u0022 style=\u0022white-space: initial\u0022\u003E\u003Ci class=\u0022fa fa-map-marker\u0022\u003E\u003C\/i\u003E\n                        \u003Cspan style=\u0022text-transform: capitalize\u0022\u003EProvins (77)\u003C\/span\u003E\u003C\/div\u003E\n                \u003C\/div\u003E\n                \u003Cdiv class=\u0022product-item__head-children\u0022\u003E\n                    \u003Cdiv class=\u0022product-item-loyer\u0022 style=\u0022display: flex; justify-content: center;align-items: center\u0022\u003E\n                        \u003Cstrong\u003ED\u00e8s 544,56\u20ac\u003Csmall\u003E\/mois\u0026nbsp;\u003C\/small\u003E\u003C\/strong\u003E\n                        \u003Ca href=\u0022\u0022 data-vehicleId=\u00229330\u0022 data-toggle=\u0022modal\u0022 data-target=\u0022#infoFinancement\u0022 class=\u0022btn-mention-legale\u0022\u003E\u003Ci class=\u0022fa fa-info-circle\u0022\u003E\u003C\/i\u003E\u003C\/a\u003E\n                    \u003C\/div\u003E\n                    \u003Cdiv class=\u0022product-item-prix\u0022 style=\u0022display: flex; justify-content: center;align-items: center\u0022\u003E\n                        \u003Cstrong\u003E35 480\n                            \u20ac\u003Csup\u003E\u003Csmall\u003ETTC\u003C\/small\u003E\u003C\/sup\u003E\u003C\/strong\u003E\n                    \u003C\/div\u003E\n                \u003C\/div\u003E\n            \u003C\/div\u003E\n        \u003C\/div\u003E\n    \u003C\/div\u003E\n    \u003Cdiv style=\u0022margin: 15px;\u0022 class=\u0022products-items\u0022\u003E\n        \u003Cdiv class=\u0022product-item\u0022\u003E\n            \u003Cdiv class=\u0022product-item-bloc product-item__media uk-inline-clip uk-inline  uk-transition-toggle\u0022 style=\u0022border-radius:3px; height: 225px; display: flex; justify-content: center; align-items: center;\n                    background: url(https:\/\/file-render.webapp4you.eu\/pictureRender\/opel_vivaro-fgn-l2-15-diesel-120-ch_pack-business_0.jpg?id=3ae61d4da043f65af1d9c754abc24f7794441a0e3be273c310d2a3b12bb03d54b33de526dcbd5a045ba536190e3b8a350c251fa1a142f519196f1efbfebfdf6fa7b60ea015f85db1add18f6febcf1851fce681ea31d1ca93943c2aa30102cf9b_3) center center \/ cover;\u0022\u003E\n                \u003Ca\n                        class=\u0022uk-transition-fade\u0022\n                        href=\u0022\/vehicules-occasions\/opel-vivaro fourgon-2813\u0022\u003E\n                    \u003Cdiv class=\u0022uk-overlay-cover uk-overlay-primary\u0022\u003E\u003C\/div\u003E\n                    \u003Cdiv class=\u0022uk-position-center\u0022\u003E\u003Cspan class=\u0022icon-cross\u0022\u003E\u003C\/span\u003E\u003C\/div\u003E\n                \u003C\/a\u003E\n                            \u003C\/div\u003E\n            \u003Cdiv style=\u0022padding: 15px 15px 0 15px;\u0022\u003E\n                \u003Cdiv\u003E\n                    \u003Cdiv class=\u0022product-item__name\u0022\u003E\u003Ca\n                                href=\u0022\/vehicules-occasions\/opel-vivaro fourgon-2813\u0022\u003E\u003Cstrong\n                                    class=\u0022capitalize\u0022\u003EOPEL\u003C\/strong\u003E VIVARO FOURGON\n                        \u003C\/a\u003E\n                    \u003C\/div\u003E\n                                            \u003Cdiv class=\u0022product-item__category\u0022\u003EVIVARO FGN L2 1.5 DIESEL 120 C...\u003C\/div\u003E\n                                    \u003C\/div\u003E\n            \u003C\/div\u003E\n            \u003Cdiv class=\u0022product-item__info\u0022 style=\u0022padding: 15px 15px 0 15px;\u0022\u003E\n                \u003Cp class=\u0022text-center\u0022 style=\u0022display: flex; align-items: center;margin-bottom: 0 !important;\u0022\u003E\n                    2023\n                                            \u003Cimg class=\u0022separator\u0022 src=\u0022\/front_office\/clients\/riester\/groupe\/images\/riester-line.svg\u0022\u003E\n                        4 900 km\n                                                                \u003Cimg class=\u0022separator\u0022  src=\u0022\/front_office\/clients\/riester\/groupe\/images\/riester-line.svg\u0022\u003E\n                        Diesel\n                                                                \u003Cimg class=\u0022separator\u0022  src=\u0022\/front_office\/clients\/riester\/groupe\/images\/riester-line.svg\u0022\u003E\n                        Manuelle\n                                    \u003C\/p\u003E\n            \u003C\/div\u003E\n            \u003Cdiv class=\u0022product-item__specifications\u0022 style=\u0022padding: 15px 15px 0 15px;\u0022\u003E\n                                                                                                                                                                                                                                                                                                                                                                                                                                                                                                                                                                                                                                                                                                                                                                                                                                                                                                                                                                                                                                                                                                                                                                                                                                                                                                                                                                                                                \u003Ch1 style=\u0022text-transform: uppercase; font-size: 11px; font-weight: bold;margin-bottom: 0;\u0022\u003E\n                        \u00e9quipements\u003C\/h1\u003E\n                                \n                                                                                \n                                                                                \n                                                                                \n                                                                                \n                                                                                \n                                                                                \n                                                                                \n                                                                                \n                                                                        \u003Ci class=\u0022fa fa-video-camera font-size-12\u0022\n                               data-toggle=\u0022tooltip\u0022 data-placement=\u0022top\u0022\n                               title=\u0022Cam\u00e9ra AR 180\u00b0 et aide au stationnement AR\u0022\u003E\u003C\/i\u003E\n                                                            \n                                                                        \u003Ci class=\u0022fa fa-snowflake-o font-size-12\u0022\n                               data-toggle=\u0022tooltip\u0022 data-placement=\u0022top\u0022\n                               title=\u0022Climatisation manuelle\u0022\u003E\u003C\/i\u003E\n                                                            \n                                                                                \n                                                                                \n                                                                                \n                                                                                \n                                                                                \n                                                                                \n                                                                                \n                                                                                \n                                                                                \n                                                                                \n                                                                                \n                                                                                \n                                                                                \n                                                                                \n                                                                                \n                                                                                \n                                                                                \n                                                                        \u003Ci class=\u0022fa fa-bluetooth font-size-12\u0022\n                               data-toggle=\u0022tooltip\u0022 data-placement=\u0022top\u0022\n                               title=\u0022Syst\u00e8me audio (Radio + 2HP + 2 tweeters) avec DAB, r\u00e9ception radio num\u00e9rique terrestre + une prise 12V dans la boite \u00e0 gants + Bluetooth\u00ae\u0022\u003E\u003C\/i\u003E\n                                                            \n                                                                        \u003Ci class=\u0022fa fa-bluetooth font-size-12\u0022\n                               data-toggle=\u0022tooltip\u0022 data-placement=\u0022top\u0022\n                               title=\u0022Syst\u00e8me multim\u00e9dia NAVI 3D \u00e9cran tactile 7\u0026quot;, Bluetooth compatible AppleCarPlay et Android Auto\u0022\u003E\u003C\/i\u003E\n                                                            \n                                                                                \n                                                                                \n            \u003C\/div\u003E\n            \u003Cdiv class=\u0022product-item__head padding-0 product-item-head-tarif custom-bottom flex-column\u0022\u003E\n                \u003Cdiv\u003E\n                    \u003Cdiv class=\u0022product-item__price\u0022 style=\u0022white-space: initial\u0022\u003E\u003Ci class=\u0022fa fa-map-marker\u0022\u003E\u003C\/i\u003E\n                        \u003Cspan style=\u0022text-transform: capitalize\u0022\u003EChanteloup-en-Brie (77)\u003C\/span\u003E\u003C\/div\u003E\n                \u003C\/div\u003E\n                \u003Cdiv class=\u0022product-item__head-children\u0022\u003E\n                    \u003Cdiv class=\u0022product-item-loyer\u0022 style=\u0022display: flex; justify-content: center;align-items: center\u0022\u003E\n                        \u003Cstrong\u003ED\u00e8s 393,72\u20ac\u003Csmall\u003E\/mois\u0026nbsp;\u003C\/small\u003E\u003C\/strong\u003E\n                        \u003Ca href=\u0022\u0022 data-vehicleId=\u00222813\u0022 data-toggle=\u0022modal\u0022 data-target=\u0022#infoFinancement\u0022 class=\u0022btn-mention-legale\u0022\u003E\u003Ci class=\u0022fa fa-info-circle\u0022\u003E\u003C\/i\u003E\u003C\/a\u003E\n                    \u003C\/div\u003E\n                    \u003Cdiv class=\u0022product-item-prix\u0022 style=\u0022display: flex; justify-content: center;align-items: center\u0022\u003E\n                        \u003Cstrong\u003E25 590\n                            \u20ac\u003Csup\u003E\u003Csmall\u003ETTC\u003C\/small\u003E\u003C\/sup\u003E\u003C\/strong\u003E\n                    \u003C\/div\u003E\n                \u003C\/div\u003E\n            \u003C\/div\u003E\n        \u003C\/div\u003E\n    \u003C\/div\u003E\n    \u003Cdiv style=\u0022margin: 15px;\u0022 class=\u0022products-items\u0022\u003E\n        \u003Cdiv class=\u0022product-item\u0022\u003E\n            \u003Cdiv class=\u0022product-item-bloc product-item__media uk-inline-clip uk-inline  uk-transition-toggle\u0022 style=\u0022border-radius:3px; height: 225px; display: flex; justify-content: center; align-items: center;\n                    background: url(https:\/\/file-render.webapp4you.eu\/pictureRender\/opel_grandland-12-turbo-hybrid-136-ch-e-dct6_gs_0.jpg?id=89c3a79f653b7b41e778db7fae0758d16749f984dd986ae8aa9146d4a46b7309a6a309b63da8e3771367ee03580126e228345db1926a92cbda4822d0c8b8c4d78713238322c13cd03f554972261662a99e1278c04a0c60b7d87e4bf26bcc5911_3) center center \/ cover;\u0022\u003E\n                \u003Ca\n                        class=\u0022uk-transition-fade\u0022\n                        href=\u0022\/vehicules-occasions\/opel-grandland-9450\u0022\u003E\n                    \u003Cdiv class=\u0022uk-overlay-cover uk-overlay-primary\u0022\u003E\u003C\/div\u003E\n                    \u003Cdiv class=\u0022uk-position-center\u0022\u003E\u003Cspan class=\u0022icon-cross\u0022\u003E\u003C\/span\u003E\u003C\/div\u003E\n                \u003C\/a\u003E\n                            \u003C\/div\u003E\n            \u003Cdiv style=\u0022padding: 15px 15px 0 15px;\u0022\u003E\n                \u003Cdiv\u003E\n                    \u003Cdiv class=\u0022product-item__name\u0022\u003E\u003Ca\n                                href=\u0022\/vehicules-occasions\/opel-grandland-9450\u0022\u003E\u003Cstrong\n                                    class=\u0022capitalize\u0022\u003EOPEL\u003C\/strong\u003E GRANDLAND\n                        \u003C\/a\u003E\n                    \u003C\/div\u003E\n                                            \u003Cdiv class=\u0022product-item__category\u0022\u003EGrandland 1.2 Turbo Hybrid 136...\u003C\/div\u003E\n                                    \u003C\/div\u003E\n            \u003C\/div\u003E\n            \u003Cdiv class=\u0022product-item__info\u0022 style=\u0022padding: 15px 15px 0 15px;\u0022\u003E\n                \u003Cp class=\u0022text-center\u0022 style=\u0022display: flex; align-items: center;margin-bottom: 0 !important;\u0022\u003E\n                    2025\n                                            \u003Cimg class=\u0022separator\u0022 src=\u0022\/front_office\/clients\/riester\/groupe\/images\/riester-line.svg\u0022\u003E\n                        5 000 km\n                                                                \u003Cimg class=\u0022separator\u0022  src=\u0022\/front_office\/clients\/riester\/groupe\/images\/riester-line.svg\u0022\u003E\n                        Essence\n                                                                \u003Cimg class=\u0022separator\u0022  src=\u0022\/front_office\/clients\/riester\/groupe\/images\/riester-line.svg\u0022\u003E\n                        Automatique\n                                    \u003C\/p\u003E\n            \u003C\/div\u003E\n            \u003Cdiv class=\u0022product-item__specifications\u0022 style=\u0022padding: 15px 15px 0 15px;\u0022\u003E\n                                                                                                                                                                                                                                                                                                                                                                                                                                                                                                                                                                                                                                                                                                                                                                                                                                                                                                                                                                                                                                                                                                                                                                                                                                                                                                                                                                                                                                                                                                                                                                                                                                                                                                                                                                                                                                                                                                                                                                                                                                                                                                                                                                                                                                                                                                                                                                                                                                                                                                                                                                                                                                                                                                                                                                    \n                                    \n                                    \n                                    \n                                    \n                                    \n                                    \n                                    \n                                    \n                                    \n                                    \n                                    \n                                    \n                                    \n                                    \n                                    \n                                    \n                                    \n                                    \n                                    \n                                    \n                                    \n                                    \n                                    \n                                    \n                                    \n                                    \n                                    \n                                    \n                                    \n                                    \n                                    \n                                    \n                                    \n                                    \n                                    \n                                    \n                                    \n                                    \n                                    \n                                    \n                                    \n                                    \n                                    \n                                    \n                                    \n                                    \n                                    \n                                    \n                                    \n                                    \n                                    \n                                    \n                                    \n                                    \n                                    \n                                    \n                                    \n                                    \n                                    \n                                    \n                                    \n                                    \n                                    \n                                    \n                                    \n                                    \n            \u003C\/div\u003E\n            \u003Cdiv class=\u0022product-item__head padding-0 product-item-head-tarif custom-bottom flex-column\u0022\u003E\n                \u003Cdiv\u003E\n                    \u003Cdiv class=\u0022product-item__price\u0022 style=\u0022white-space: initial\u0022\u003E\u003Ci class=\u0022fa fa-map-marker\u0022\u003E\u003C\/i\u003E\n                        \u003Cspan style=\u0022text-transform: capitalize\u0022\u003EBeauvais (60)\u003C\/span\u003E\u003C\/div\u003E\n                \u003C\/div\u003E\n                \u003Cdiv class=\u0022product-item__head-children\u0022\u003E\n                    \u003Cdiv class=\u0022product-item-loyer\u0022 style=\u0022display: flex; justify-content: center;align-items: center\u0022\u003E\n                        \u003Cstrong\u003ED\u00e8s 636,61\u20ac\u003Csmall\u003E\/mois\u0026nbsp;\u003C\/small\u003E\u003C\/strong\u003E\n                        \u003Ca href=\u0022\u0022 data-vehicleId=\u00229450\u0022 data-toggle=\u0022modal\u0022 data-target=\u0022#infoFinancement\u0022 class=\u0022btn-mention-legale\u0022\u003E\u003Ci class=\u0022fa fa-info-circle\u0022\u003E\u003C\/i\u003E\u003C\/a\u003E\n                    \u003C\/div\u003E\n                    \u003Cdiv class=\u0022product-item-prix\u0022 style=\u0022display: flex; justify-content: center;align-items: center\u0022\u003E\n                        \u003Cstrong\u003E41 490\n                            \u20ac\u003Csup\u003E\u003Csmall\u003ETTC\u003C\/small\u003E\u003C\/sup\u003E\u003C\/strong\u003E\n                    \u003C\/div\u003E\n                \u003C\/div\u003E\n            \u003C\/div\u003E\n        \u003C\/div\u003E\n    \u003C\/div\u003E\n    \u003Cdiv style=\u0022margin: 15px;\u0022 class=\u0022products-items\u0022\u003E\n        \u003Cdiv class=\u0022product-item\u0022\u003E\n            \u003Cdiv class=\u0022product-item-bloc product-item__media uk-inline-clip uk-inline  uk-transition-toggle\u0022 style=\u0022border-radius:3px; height: 225px; display: flex; justify-content: center; align-items: center;\n                    background: url(https:\/\/file-render.webapp4you.eu\/pictureRender\/citroen_c3-puretech-83-ss-bvm5_c-series_0.jpg?id=96f16c5c961e63f4b731111a4ed864662153ef8b05ae933f2b1487e095b719f463f7e176b9a43c7b1cee252612a263bd868da4f38a60f5fd842c0378b357b003d0a78daaa95f103ac1ee358e3f270f46251734b3b9c7edc7805e6d9081862a54_3) center center \/ cover;\u0022\u003E\n                \u003Ca\n                        class=\u0022uk-transition-fade\u0022\n                        href=\u0022\/vehicules-occasions\/citroen-c3-5861\u0022\u003E\n                    \u003Cdiv class=\u0022uk-overlay-cover uk-overlay-primary\u0022\u003E\u003C\/div\u003E\n                    \u003Cdiv class=\u0022uk-position-center\u0022\u003E\u003Cspan class=\u0022icon-cross\u0022\u003E\u003C\/span\u003E\u003C\/div\u003E\n                \u003C\/a\u003E\n                            \u003C\/div\u003E\n            \u003Cdiv style=\u0022padding: 15px 15px 0 15px;\u0022\u003E\n                \u003Cdiv\u003E\n                    \u003Cdiv class=\u0022product-item__name\u0022\u003E\u003Ca\n                                href=\u0022\/vehicules-occasions\/citroen-c3-5861\u0022\u003E\u003Cstrong\n                                    class=\u0022capitalize\u0022\u003ECITROEN\u003C\/strong\u003E C3\n                        \u003C\/a\u003E\n                    \u003C\/div\u003E\n                                            \u003Cdiv class=\u0022product-item__category\u0022\u003EC3 PureTech 83 S\u0026amp;S BVM5\u003C\/div\u003E\n                                    \u003C\/div\u003E\n            \u003C\/div\u003E\n            \u003Cdiv class=\u0022product-item__info\u0022 style=\u0022padding: 15px 15px 0 15px;\u0022\u003E\n                \u003Cp class=\u0022text-center\u0022 style=\u0022display: flex; align-items: center;margin-bottom: 0 !important;\u0022\u003E\n                    2023\n                                            \u003Cimg class=\u0022separator\u0022 src=\u0022\/front_office\/clients\/riester\/groupe\/images\/riester-line.svg\u0022\u003E\n                        19 250 km\n                                                                \u003Cimg class=\u0022separator\u0022  src=\u0022\/front_office\/clients\/riester\/groupe\/images\/riester-line.svg\u0022\u003E\n                        Essence\n                                                                \u003Cimg class=\u0022separator\u0022  src=\u0022\/front_office\/clients\/riester\/groupe\/images\/riester-line.svg\u0022\u003E\n                        Manuelle\n                                    \u003C\/p\u003E\n            \u003C\/div\u003E\n            \u003Cdiv class=\u0022product-item__specifications\u0022 style=\u0022padding: 15px 15px 0 15px;\u0022\u003E\n                                                                                                                                                                                                                                                                                                                                                                                                                                                                                                                                                                                                                                                                                                                                                                                                                                                                                                                                                                                                                                                                                                                                                                                                                                                                                                                                                                                                                                    \u003Ch1 style=\u0022text-transform: uppercase; font-size: 11px; font-weight: bold;margin-bottom: 0;\u0022\u003E\n                        \u00e9quipements\u003C\/h1\u003E\n                                \n                                                                                \n                                                                                \n                                                                                \n                                                                                \n                                                                                \n                                                                                \n                                                                                \n                                                                                \n                                                                        \u003Ci class=\u0022fa fa-snowflake-o font-size-12\u0022\n                               data-toggle=\u0022tooltip\u0022 data-placement=\u0022top\u0022\n                               title=\u0022Climatisation automatique\u0022\u003E\u003C\/i\u003E\n                                                            \n                                                                                \n                                                                                \n                                                                                \n                                                                                \n                                                                                \n                                                                                \n                                                                                \n                                                                                \n                                                                                \n                                                                                \n                                                                        \u003Ci class=\u0022fa fa-bluetooth font-size-12\u0022\n                               data-toggle=\u0022tooltip\u0022 data-placement=\u0022top\u0022\n                               title=\u0022Kit mains libres Bluetooth et prise USB\u0022\u003E\u003C\/i\u003E\n                                                            \n                                                                                \n                                                                                \n                                                                                \n                                                                                \n                                                                                \n                                                                                \n                                                                                \n                                                                                \n                                                                                \n                                                                                \n                                                                                \n                                                                                \n                                                                                \n                                                                                \n            \u003C\/div\u003E\n            \u003Cdiv class=\u0022product-item__head padding-0 product-item-head-tarif custom-bottom flex-column\u0022\u003E\n                \u003Cdiv\u003E\n                    \u003Cdiv class=\u0022product-item__price\u0022 style=\u0022white-space: initial\u0022\u003E\u003Ci class=\u0022fa fa-map-marker\u0022\u003E\u003C\/i\u003E\n                        \u003Cspan style=\u0022text-transform: capitalize\u0022\u003EProvins (77)\u003C\/span\u003E\u003C\/div\u003E\n                \u003C\/div\u003E\n                \u003Cdiv class=\u0022product-item__head-children\u0022\u003E\n                    \u003Cdiv class=\u0022product-item-loyer\u0022 style=\u0022display: flex; justify-content: center;align-items: center\u0022\u003E\n                        \u003Cstrong\u003ED\u00e8s 177,37\u20ac\u003Csmall\u003E\/mois\u0026nbsp;\u003C\/small\u003E\u003C\/strong\u003E\n                        \u003Ca href=\u0022\u0022 data-vehicleId=\u00225861\u0022 data-toggle=\u0022modal\u0022 data-target=\u0022#infoFinancement\u0022 class=\u0022btn-mention-legale\u0022\u003E\u003Ci class=\u0022fa fa-info-circle\u0022\u003E\u003C\/i\u003E\u003C\/a\u003E\n                    \u003C\/div\u003E\n                    \u003Cdiv class=\u0022product-item-prix\u0022 style=\u0022display: flex; justify-content: center;align-items: center\u0022\u003E\n                        \u003Cstrong\u003E11 490\n                            \u20ac\u003Csup\u003E\u003Csmall\u003ETTC\u003C\/small\u003E\u003C\/sup\u003E\u003C\/strong\u003E\n                    \u003C\/div\u003E\n                \u003C\/div\u003E\n            \u003C\/div\u003E\n        \u003C\/div\u003E\n    \u003C\/div\u003E\n    \u003Cdiv style=\u0022margin: 15px;\u0022 class=\u0022products-items\u0022\u003E\n        \u003Cdiv class=\u0022product-item\u0022\u003E\n            \u003Cdiv class=\u0022product-item-bloc product-item__media uk-inline-clip uk-inline  uk-transition-toggle\u0022 style=\u0022border-radius:3px; height: 225px; display: flex; justify-content: center; align-items: center;\n                    background: url(https:\/\/file-render.webapp4you.eu\/pictureRender\/citroen_c3-puretech-83-ss-bvm5_c-series_0.jpg?id=446a2d33f019676fc728fc4b0bc613931bc008c3a1004693ac7115eba3c1a9f2ab4d98bf8241690ef218e90e72d825641f3c2e50ea0e6be99f89015004346669af0af4d53cd487562389792c1b6167ee263778e39e8c9e95644b64ad03d8e3d5_3) center center \/ cover;\u0022\u003E\n                \u003Ca\n                        class=\u0022uk-transition-fade\u0022\n                        href=\u0022\/vehicules-occasions\/citroen-c3-8873\u0022\u003E\n                    \u003Cdiv class=\u0022uk-overlay-cover uk-overlay-primary\u0022\u003E\u003C\/div\u003E\n                    \u003Cdiv class=\u0022uk-position-center\u0022\u003E\u003Cspan class=\u0022icon-cross\u0022\u003E\u003C\/span\u003E\u003C\/div\u003E\n                \u003C\/a\u003E\n                            \u003C\/div\u003E\n            \u003Cdiv style=\u0022padding: 15px 15px 0 15px;\u0022\u003E\n                \u003Cdiv\u003E\n                    \u003Cdiv class=\u0022product-item__name\u0022\u003E\u003Ca\n                                href=\u0022\/vehicules-occasions\/citroen-c3-8873\u0022\u003E\u003Cstrong\n                                    class=\u0022capitalize\u0022\u003ECITROEN\u003C\/strong\u003E C3\n                        \u003C\/a\u003E\n                    \u003C\/div\u003E\n                                            \u003Cdiv class=\u0022product-item__category\u0022\u003EC3 PureTech 83 S\u0026amp;S BVM5\u003C\/div\u003E\n                                    \u003C\/div\u003E\n            \u003C\/div\u003E\n            \u003Cdiv class=\u0022product-item__info\u0022 style=\u0022padding: 15px 15px 0 15px;\u0022\u003E\n                \u003Cp class=\u0022text-center\u0022 style=\u0022display: flex; align-items: center;margin-bottom: 0 !important;\u0022\u003E\n                    2023\n                                            \u003Cimg class=\u0022separator\u0022 src=\u0022\/front_office\/clients\/riester\/groupe\/images\/riester-line.svg\u0022\u003E\n                        26 349 km\n                                                                \u003Cimg class=\u0022separator\u0022  src=\u0022\/front_office\/clients\/riester\/groupe\/images\/riester-line.svg\u0022\u003E\n                        Essence\n                                                                \u003Cimg class=\u0022separator\u0022  src=\u0022\/front_office\/clients\/riester\/groupe\/images\/riester-line.svg\u0022\u003E\n                        Manuelle\n                                    \u003C\/p\u003E\n            \u003C\/div\u003E\n            \u003Cdiv class=\u0022product-item__specifications\u0022 style=\u0022padding: 15px 15px 0 15px;\u0022\u003E\n                                                                                                                                                                                                                                                                                                                                                                                                                                                                                                                                                                                                                                                                                                                                                                                                                                                                                                                                                                                                                                                                                                                                                                                                                                                                                                                                                                                                                                    \u003Ch1 style=\u0022text-transform: uppercase; font-size: 11px; font-weight: bold;margin-bottom: 0;\u0022\u003E\n                        \u00e9quipements\u003C\/h1\u003E\n                                \n                                                                                \n                                                                                \n                                                                                \n                                                                                \n                                                                                \n                                                                                \n                                                                                \n                                                                                \n                                                                        \u003Ci class=\u0022fa fa-snowflake-o font-size-12\u0022\n                               data-toggle=\u0022tooltip\u0022 data-placement=\u0022top\u0022\n                               title=\u0022Climatisation automatique\u0022\u003E\u003C\/i\u003E\n                                                            \n                                                                                \n                                                                                \n                                                                                \n                                                                                \n                                                                                \n                                                                                \n                                                                                \n                                                                                \n                                                                                \n                                                                                \n                                                                        \u003Ci class=\u0022fa fa-bluetooth font-size-12\u0022\n                               data-toggle=\u0022tooltip\u0022 data-placement=\u0022top\u0022\n                               title=\u0022Kit mains libres Bluetooth et prise USB\u0022\u003E\u003C\/i\u003E\n                                                            \n                                                                                \n                                                                                \n                                                                                \n                                                                                \n                                                                                \n                                                                                \n                                                                                \n                                                                                \n                                                                                \n                                                                                \n                                                                                \n                                                                                \n                                                                                \n                                                                                \n            \u003C\/div\u003E\n            \u003Cdiv class=\u0022product-item__head padding-0 product-item-head-tarif custom-bottom flex-column\u0022\u003E\n                \u003Cdiv\u003E\n                    \u003Cdiv class=\u0022product-item__price\u0022 style=\u0022white-space: initial\u0022\u003E\u003Ci class=\u0022fa fa-map-marker\u0022\u003E\u003C\/i\u003E\n                        \u003Cspan style=\u0022text-transform: capitalize\u0022\u003EProvins (77)\u003C\/span\u003E\u003C\/div\u003E\n                \u003C\/div\u003E\n                \u003Cdiv class=\u0022product-item__head-children\u0022\u003E\n                    \u003Cdiv class=\u0022product-item-loyer\u0022 style=\u0022display: flex; justify-content: center;align-items: center\u0022\u003E\n                        \u003Cstrong\u003ED\u00e8s 175,43\u20ac\u003Csmall\u003E\/mois\u0026nbsp;\u003C\/small\u003E\u003C\/strong\u003E\n                        \u003Ca href=\u0022\u0022 data-vehicleId=\u00228873\u0022 data-toggle=\u0022modal\u0022 data-target=\u0022#infoFinancement\u0022 class=\u0022btn-mention-legale\u0022\u003E\u003Ci class=\u0022fa fa-info-circle\u0022\u003E\u003C\/i\u003E\u003C\/a\u003E\n                    \u003C\/div\u003E\n                    \u003Cdiv class=\u0022product-item-prix\u0022 style=\u0022display: flex; justify-content: center;align-items: center\u0022\u003E\n                        \u003Cstrong\u003E11 395\n                            \u20ac\u003Csup\u003E\u003Csmall\u003ETTC\u003C\/small\u003E\u003C\/sup\u003E\u003C\/strong\u003E\n                    \u003C\/div\u003E\n                \u003C\/div\u003E\n            \u003C\/div\u003E\n        \u003C\/div\u003E\n    \u003C\/div\u003E\n    \u003Cdiv style=\u0022margin: 15px;\u0022 class=\u0022products-items\u0022\u003E\n        \u003Cdiv class=\u0022product-item\u0022\u003E\n            \u003Cdiv class=\u0022product-item-bloc product-item__media uk-inline-clip uk-inline  uk-transition-toggle\u0022 style=\u0022border-radius:3px; height: 225px; display: flex; justify-content: center; align-items: center;\n                    background: url(https:\/\/file-render.webapp4you.eu\/pictureRender\/citroen_c3-puretech-83-ss-bvm5_c-series_0.jpg?id=4b6d6690fe0e3bcdb3b8ef6d393c6a58b58898dd1c79b80d3b31c00875daef88407f2a9496ab9d308ad6184eefd2ad56875b386c5af2b4ab439c0b0e6108a0e40f92d8c3de2b31e0c379933d1b22ad8bd4312fa92126047bd6ae572072de711b_3) center center \/ cover;\u0022\u003E\n                \u003Ca\n                        class=\u0022uk-transition-fade\u0022\n                        href=\u0022\/vehicules-occasions\/citroen-c3-5863\u0022\u003E\n                    \u003Cdiv class=\u0022uk-overlay-cover uk-overlay-primary\u0022\u003E\u003C\/div\u003E\n                    \u003Cdiv class=\u0022uk-position-center\u0022\u003E\u003Cspan class=\u0022icon-cross\u0022\u003E\u003C\/span\u003E\u003C\/div\u003E\n                \u003C\/a\u003E\n                            \u003C\/div\u003E\n            \u003Cdiv style=\u0022padding: 15px 15px 0 15px;\u0022\u003E\n                \u003Cdiv\u003E\n                    \u003Cdiv class=\u0022product-item__name\u0022\u003E\u003Ca\n                                href=\u0022\/vehicules-occasions\/citroen-c3-5863\u0022\u003E\u003Cstrong\n                                    class=\u0022capitalize\u0022\u003ECITROEN\u003C\/strong\u003E C3\n                        \u003C\/a\u003E\n                    \u003C\/div\u003E\n                                            \u003Cdiv class=\u0022product-item__category\u0022\u003EC3 PureTech 83 S\u0026amp;S BVM5\u003C\/div\u003E\n                                    \u003C\/div\u003E\n            \u003C\/div\u003E\n            \u003Cdiv class=\u0022product-item__info\u0022 style=\u0022padding: 15px 15px 0 15px;\u0022\u003E\n                \u003Cp class=\u0022text-center\u0022 style=\u0022display: flex; align-items: center;margin-bottom: 0 !important;\u0022\u003E\n                    2023\n                                            \u003Cimg class=\u0022separator\u0022 src=\u0022\/front_office\/clients\/riester\/groupe\/images\/riester-line.svg\u0022\u003E\n                        35 211 km\n                                                                \u003Cimg class=\u0022separator\u0022  src=\u0022\/front_office\/clients\/riester\/groupe\/images\/riester-line.svg\u0022\u003E\n                        Essence\n                                                                \u003Cimg class=\u0022separator\u0022  src=\u0022\/front_office\/clients\/riester\/groupe\/images\/riester-line.svg\u0022\u003E\n                        Manuelle\n                                    \u003C\/p\u003E\n            \u003C\/div\u003E\n            \u003Cdiv class=\u0022product-item__specifications\u0022 style=\u0022padding: 15px 15px 0 15px;\u0022\u003E\n                                                                                                                                                                                                                                                                                                                                                                                                                                                                                                                                                                                                                                                                                                                                                                                                                                                                                                                                                                                                                                                                                                                                                                                                                                                                                                                                                                                                                                    \u003Ch1 style=\u0022text-transform: uppercase; font-size: 11px; font-weight: bold;margin-bottom: 0;\u0022\u003E\n                        \u00e9quipements\u003C\/h1\u003E\n                                \n                                                                                \n                                                                                \n                                                                                \n                                                                                \n                                                                                \n                                                                                \n                                                                                \n                                                                                \n                                                                        \u003Ci class=\u0022fa fa-snowflake-o font-size-12\u0022\n                               data-toggle=\u0022tooltip\u0022 data-placement=\u0022top\u0022\n                               title=\u0022Climatisation automatique\u0022\u003E\u003C\/i\u003E\n                                                            \n                                                                                \n                                                                                \n                                                                                \n                                                                                \n                                                                                \n                                                                                \n                                                                                \n                                                                                \n                                                                                \n                                                                                \n                                                                        \u003Ci class=\u0022fa fa-bluetooth font-size-12\u0022\n                               data-toggle=\u0022tooltip\u0022 data-placement=\u0022top\u0022\n                               title=\u0022Kit mains libres Bluetooth et prise USB\u0022\u003E\u003C\/i\u003E\n                                                            \n                                                                                \n                                                                                \n                                                                                \n                                                                                \n                                                                                \n                                                                                \n                                                                                \n                                                                                \n                                                                                \n                                                                                \n                                                                                \n                                                                                \n                                                                                \n                                                                                \n            \u003C\/div\u003E\n            \u003Cdiv class=\u0022product-item__head padding-0 product-item-head-tarif custom-bottom flex-column\u0022\u003E\n                \u003Cdiv\u003E\n                    \u003Cdiv class=\u0022product-item__price\u0022 style=\u0022white-space: initial\u0022\u003E\u003Ci class=\u0022fa fa-map-marker\u0022\u003E\u003C\/i\u003E\n                        \u003Cspan style=\u0022text-transform: capitalize\u0022\u003EProvins (77)\u003C\/span\u003E\u003C\/div\u003E\n                \u003C\/div\u003E\n                \u003Cdiv class=\u0022product-item__head-children\u0022\u003E\n                    \u003Cdiv class=\u0022product-item-loyer\u0022 style=\u0022display: flex; justify-content: center;align-items: center\u0022\u003E\n                        \u003Cstrong\u003ED\u00e8s 169,31\u20ac\u003Csmall\u003E\/mois\u0026nbsp;\u003C\/small\u003E\u003C\/strong\u003E\n                        \u003Ca href=\u0022\u0022 data-vehicleId=\u00225863\u0022 data-toggle=\u0022modal\u0022 data-target=\u0022#infoFinancement\u0022 class=\u0022btn-mention-legale\u0022\u003E\u003Ci class=\u0022fa fa-info-circle\u0022\u003E\u003C\/i\u003E\u003C\/a\u003E\n                    \u003C\/div\u003E\n                    \u003Cdiv class=\u0022product-item-prix\u0022 style=\u0022display: flex; justify-content: center;align-items: center\u0022\u003E\n                        \u003Cstrong\u003E10 995\n                            \u20ac\u003Csup\u003E\u003Csmall\u003ETTC\u003C\/small\u003E\u003C\/sup\u003E\u003C\/strong\u003E\n                    \u003C\/div\u003E\n                \u003C\/div\u003E\n            \u003C\/div\u003E\n        \u003C\/div\u003E\n    \u003C\/div\u003E\n    \u003Cdiv style=\u0022margin: 15px;\u0022 class=\u0022products-items\u0022\u003E\n        \u003Cdiv class=\u0022product-item\u0022\u003E\n            \u003Cdiv class=\u0022product-item-bloc product-item__media uk-inline-clip uk-inline  uk-transition-toggle\u0022 style=\u0022border-radius:3px; height: 225px; display: flex; justify-content: center; align-items: center;\n                    background: url(https:\/\/file-render.webapp4you.eu\/pictureRender\/citroen_c5-aircross-hybride-145-e-dcs6_max_0.jpg?id=6a88edbfcfa3d1350453e6e3a786b71ed7eb4eae610f62ea0d219c06dc4bbb8b0125856f3d99a328f30f3f1808780c42d25c66672fa41f1756d4c4e1f8cda96e52b05170ccfe03c609b36d2060e84baba563634a62eba530e554c2357420aa27_3) center center \/ cover;\u0022\u003E\n                \u003Ca\n                        class=\u0022uk-transition-fade\u0022\n                        href=\u0022\/vehicules-occasions\/citroen-c5 aircross-9339\u0022\u003E\n                    \u003Cdiv class=\u0022uk-overlay-cover uk-overlay-primary\u0022\u003E\u003C\/div\u003E\n                    \u003Cdiv class=\u0022uk-position-center\u0022\u003E\u003Cspan class=\u0022icon-cross\u0022\u003E\u003C\/span\u003E\u003C\/div\u003E\n                \u003C\/a\u003E\n                            \u003C\/div\u003E\n            \u003Cdiv style=\u0022padding: 15px 15px 0 15px;\u0022\u003E\n                \u003Cdiv\u003E\n                    \u003Cdiv class=\u0022product-item__name\u0022\u003E\u003Ca\n                                href=\u0022\/vehicules-occasions\/citroen-c5 aircross-9339\u0022\u003E\u003Cstrong\n                                    class=\u0022capitalize\u0022\u003ECITROEN\u003C\/strong\u003E C5 AIRCROSS\n                        \u003C\/a\u003E\n                    \u003C\/div\u003E\n                                            \u003Cdiv class=\u0022product-item__category\u0022\u003EC5 Aircross Hybride 145 e-DCS6\u003C\/div\u003E\n                                    \u003C\/div\u003E\n            \u003C\/div\u003E\n            \u003Cdiv class=\u0022product-item__info\u0022 style=\u0022padding: 15px 15px 0 15px;\u0022\u003E\n                \u003Cp class=\u0022text-center\u0022 style=\u0022display: flex; align-items: center;margin-bottom: 0 !important;\u0022\u003E\n                    2025\n                                            \u003Cimg class=\u0022separator\u0022 src=\u0022\/front_office\/clients\/riester\/groupe\/images\/riester-line.svg\u0022\u003E\n                        1 500 km\n                                                                \u003Cimg class=\u0022separator\u0022  src=\u0022\/front_office\/clients\/riester\/groupe\/images\/riester-line.svg\u0022\u003E\n                        Essence\n                                                                \u003Cimg class=\u0022separator\u0022  src=\u0022\/front_office\/clients\/riester\/groupe\/images\/riester-line.svg\u0022\u003E\n                        Automatique\n                                    \u003C\/p\u003E\n            \u003C\/div\u003E\n            \u003Cdiv class=\u0022product-item__specifications\u0022 style=\u0022padding: 15px 15px 0 15px;\u0022\u003E\n                                                                                                                                                                                                                                                                                                                                                                                                                                                                                                                                                                                                                                                                                                                                                                                                                                                                                                                                                                                                                                                                                                                                                                                                                                                                                                                                                                                                                                                                                                                                                                                                                                                                                                                                                                                                                                                                                                                                                                                                                                                                                                                                                                                                                                                                                                                                                                                                                                                                                                                \n                                    \n                                    \n                                    \n                                    \n                                    \n                                    \n                                    \n                                    \n                                    \n                                    \n                                    \n                                    \n                                    \n                                    \n                                    \n                                    \n                                    \n                                    \n                                    \n                                    \n                                    \n                                    \n                                    \n                                    \n                                    \n                                    \n                                    \n                                    \n                                    \n                                    \n                                    \n                                    \n                                    \n                                    \n                                    \n                                    \n                                    \n                                    \n                                    \n                                    \n                                    \n                                    \n                                    \n                                    \n                                    \n                                    \n                                    \n                                    \n                                    \n                                    \n                                    \n                                    \n                                    \n                                    \n                                    \n                                    \n                                    \n                                    \n            \u003C\/div\u003E\n            \u003Cdiv class=\u0022product-item__head padding-0 product-item-head-tarif custom-bottom flex-column\u0022\u003E\n                \u003Cdiv\u003E\n                    \u003Cdiv class=\u0022product-item__price\u0022 style=\u0022white-space: initial\u0022\u003E\u003Ci class=\u0022fa fa-map-marker\u0022\u003E\u003C\/i\u003E\n                        \u003Cspan style=\u0022text-transform: capitalize\u0022\u003ECh\u00e2teau-Thierry (02)\u003C\/span\u003E\u003C\/div\u003E\n                \u003C\/div\u003E\n                \u003Cdiv class=\u0022product-item__head-children\u0022\u003E\n                    \u003Cdiv class=\u0022product-item-loyer\u0022 style=\u0022display: flex; justify-content: center;align-items: center\u0022\u003E\n                        \u003Cstrong\u003ED\u00e8s 614,16\u20ac\u003Csmall\u003E\/mois\u0026nbsp;\u003C\/small\u003E\u003C\/strong\u003E\n                        \u003Ca href=\u0022\u0022 data-vehicleId=\u00229339\u0022 data-toggle=\u0022modal\u0022 data-target=\u0022#infoFinancement\u0022 class=\u0022btn-mention-legale\u0022\u003E\u003Ci class=\u0022fa fa-info-circle\u0022\u003E\u003C\/i\u003E\u003C\/a\u003E\n                    \u003C\/div\u003E\n                    \u003Cdiv class=\u0022product-item-prix\u0022 style=\u0022display: flex; justify-content: center;align-items: center\u0022\u003E\n                        \u003Cstrong\u003E39 990\n                            \u20ac\u003Csup\u003E\u003Csmall\u003ETTC\u003C\/small\u003E\u003C\/sup\u003E\u003C\/strong\u003E\n                    \u003C\/div\u003E\n                \u003C\/div\u003E\n            \u003C\/div\u003E\n        \u003C\/div\u003E\n    \u003C\/div\u003E\n    \u003Cdiv style=\u0022margin: 15px;\u0022 class=\u0022products-items\u0022\u003E\n        \u003Cdiv class=\u0022product-item\u0022\u003E\n            \u003Cdiv class=\u0022product-item-bloc product-item__media uk-inline-clip uk-inline  uk-transition-toggle\u0022 style=\u0022border-radius:3px; height: 225px; display: flex; justify-content: center; align-items: center;\n                    background: url(https:\/\/file-render.webapp4you.eu\/pictureRender\/citroen_jumper-fgn-tole-33t-d-l2h2-120-ch-manuelle_0.jpg?id=0a40a7dcdd4d2def5efaedd3966ae6e40d514bd68d6d1d699b50352289849324a4cf758a4eb44f2abc4d56f4efc2ccebf82a9631ec2bb2b69c112e1d8389e07d040f9e6afaa478d4b6391bd82da1c1b9b2e0d1e5430fd91d552be9b3bcfc37c2_3) center center \/ cover;\u0022\u003E\n                \u003Ca\n                        class=\u0022uk-transition-fade\u0022\n                        href=\u0022\/vehicules-occasions\/citroen-jumper fourgon-9661\u0022\u003E\n                    \u003Cdiv class=\u0022uk-overlay-cover uk-overlay-primary\u0022\u003E\u003C\/div\u003E\n                    \u003Cdiv class=\u0022uk-position-center\u0022\u003E\u003Cspan class=\u0022icon-cross\u0022\u003E\u003C\/span\u003E\u003C\/div\u003E\n                \u003C\/a\u003E\n                            \u003C\/div\u003E\n            \u003Cdiv style=\u0022padding: 15px 15px 0 15px;\u0022\u003E\n                \u003Cdiv\u003E\n                    \u003Cdiv class=\u0022product-item__name\u0022\u003E\u003Ca\n                                href=\u0022\/vehicules-occasions\/citroen-jumper fourgon-9661\u0022\u003E\u003Cstrong\n                                    class=\u0022capitalize\u0022\u003ECITROEN\u003C\/strong\u003E JUMPER FOURGON\n                        \u003C\/a\u003E\n                    \u003C\/div\u003E\n                                            \u003Cdiv class=\u0022product-item__category\u0022\u003EJUMPER FGN TOLE 3.3T D L2H2 12...\u003C\/div\u003E\n                                    \u003C\/div\u003E\n            \u003C\/div\u003E\n            \u003Cdiv class=\u0022product-item__info\u0022 style=\u0022padding: 15px 15px 0 15px;\u0022\u003E\n                \u003Cp class=\u0022text-center\u0022 style=\u0022display: flex; align-items: center;margin-bottom: 0 !important;\u0022\u003E\n                    2025\n                                            \u003Cimg class=\u0022separator\u0022 src=\u0022\/front_office\/clients\/riester\/groupe\/images\/riester-line.svg\u0022\u003E\n                        10 km\n                                                                \u003Cimg class=\u0022separator\u0022  src=\u0022\/front_office\/clients\/riester\/groupe\/images\/riester-line.svg\u0022\u003E\n                        Diesel\n                                                                \u003Cimg class=\u0022separator\u0022  src=\u0022\/front_office\/clients\/riester\/groupe\/images\/riester-line.svg\u0022\u003E\n                        Manuelle\n                                    \u003C\/p\u003E\n            \u003C\/div\u003E\n            \u003Cdiv class=\u0022product-item__specifications\u0022 style=\u0022padding: 15px 15px 0 15px;\u0022\u003E\n                                                                                                                                                                                                                                                                                                                                                                                                                                                                                                                                                                                                                                                                                                                                                                                                                                                                                                                                                                                                                                                                                                                                                                                                                                                                                                                                                                                                                                                                                                                                                                                                                                                                                                                                                                        \u003Ch1 style=\u0022text-transform: uppercase; font-size: 11px; font-weight: bold;margin-bottom: 0;\u0022\u003E\n                        \u00e9quipements\u003C\/h1\u003E\n                                \n                                                                                \n                                                                                \n                                                                                \n                                                                                \n                                                                                \n                                                                                \n                                                                                \n                                                                                \n                                                                                \n                                                                                \n                                                                                \n                                                                                \n                                                                                \n                                                                        \u003Ci class=\u0022fa fa-snowflake-o font-size-12\u0022\n                               data-toggle=\u0022tooltip\u0022 data-placement=\u0022top\u0022\n                               title=\u0022Climatisation manuelle\u0022\u003E\u003C\/i\u003E\n                                                            \n                                                                                \n                                                                                \n                                                                                \n                                                                                \n                                                                                \n                                                                                \n                                                                                \n                                                                                \n                                                                                \n                                                                                \n                                                                                \n                                                                                \n                                                                                \n                                                                                \n                                                                                \n                                                                                \n                                                                                \n                                                                                \n                                                                                \n                                                                                \n                                                                                \n                                                                                \n                                                                                \n                                                                                \n                                                                                \n                                                                                \n                                                                        \u003Ci class=\u0022fa fa-bluetooth font-size-12\u0022\n                               data-toggle=\u0022tooltip\u0022 data-placement=\u0022top\u0022\n                               title=\u0022Syst\u00e8me audio 5\u0026quot; avec radio num\u00e9rique (DAB) +  Bluetooth + 1 port USB\u0022\u003E\u003C\/i\u003E\n                                                            \n                                                                                \n                                                                                \n            \u003C\/div\u003E\n            \u003Cdiv class=\u0022product-item__head padding-0 product-item-head-tarif custom-bottom flex-column\u0022\u003E\n                \u003Cdiv\u003E\n                    \u003Cdiv class=\u0022product-item__price\u0022 style=\u0022white-space: initial\u0022\u003E\u003Ci class=\u0022fa fa-map-marker\u0022\u003E\u003C\/i\u003E\n                        \u003Cspan style=\u0022text-transform: capitalize\u0022\u003ECh\u00e2teau-Thierry (02)\u003C\/span\u003E\u003C\/div\u003E\n                \u003C\/div\u003E\n                \u003Cdiv class=\u0022product-item__head-children\u0022\u003E\n                    \u003Cdiv class=\u0022product-item-loyer\u0022 style=\u0022display: flex; justify-content: center;align-items: center\u0022\u003E\n                        \u003Cstrong\u003ED\u00e8s 418,21\u20ac\u003Csmall\u003E\/mois\u0026nbsp;\u003C\/small\u003E\u003C\/strong\u003E\n                        \u003Ca href=\u0022\u0022 data-vehicleId=\u00229661\u0022 data-toggle=\u0022modal\u0022 data-target=\u0022#infoFinancement\u0022 class=\u0022btn-mention-legale\u0022\u003E\u003Ci class=\u0022fa fa-info-circle\u0022\u003E\u003C\/i\u003E\u003C\/a\u003E\n                    \u003C\/div\u003E\n                    \u003Cdiv class=\u0022product-item-prix\u0022 style=\u0022display: flex; justify-content: center;align-items: center\u0022\u003E\n                        \u003Cstrong\u003E27 290\n                            \u20ac\u003Csup\u003E\u003Csmall\u003ETTC\u003C\/small\u003E\u003C\/sup\u003E\u003C\/strong\u003E\n                    \u003C\/div\u003E\n                \u003C\/div\u003E\n            \u003C\/div\u003E\n        \u003C\/div\u003E\n    \u003C\/div\u003E\n    \u003Cdiv style=\u0022margin: 15px;\u0022 class=\u0022products-items\u0022\u003E\n        \u003Cdiv class=\u0022product-item\u0022\u003E\n            \u003Cdiv class=\u0022product-item-bloc product-item__media uk-inline-clip uk-inline  uk-transition-toggle\u0022 style=\u0022border-radius:3px; height: 225px; display: flex; justify-content: center; align-items: center;\n                    background: url(https:\/\/file-render.webapp4you.eu\/pictureRender\/opel_mokka-12-turbo-hybrid-145-ch-e-dct6_gs_0.jpg?id=2fabb0e779a5acae0df43ec5e1802da245ccbc42cfadf6f1ff0a22ab8879f700888b4a413626d728d99e614c7854a858c0ebac5307ad2db7275b28f9ee2b545a67486a44b4a6ab025de67ea6e30eb43e2fb27655b95f618749056909fd17406a_3) center center \/ cover;\u0022\u003E\n                \u003Ca\n                        class=\u0022uk-transition-fade\u0022\n                        href=\u0022\/vehicules-occasions\/opel-mokka-9432\u0022\u003E\n                    \u003Cdiv class=\u0022uk-overlay-cover uk-overlay-primary\u0022\u003E\u003C\/div\u003E\n                    \u003Cdiv class=\u0022uk-position-center\u0022\u003E\u003Cspan class=\u0022icon-cross\u0022\u003E\u003C\/span\u003E\u003C\/div\u003E\n                \u003C\/a\u003E\n                            \u003C\/div\u003E\n            \u003Cdiv style=\u0022padding: 15px 15px 0 15px;\u0022\u003E\n                \u003Cdiv\u003E\n                    \u003Cdiv class=\u0022product-item__name\u0022\u003E\u003Ca\n                                href=\u0022\/vehicules-occasions\/opel-mokka-9432\u0022\u003E\u003Cstrong\n                                    class=\u0022capitalize\u0022\u003EOPEL\u003C\/strong\u003E MOKKA\n                        \u003C\/a\u003E\n                    \u003C\/div\u003E\n                                            \u003Cdiv class=\u0022product-item__category\u0022\u003EMokka 1.2 Turbo Hybrid 145 ch ...\u003C\/div\u003E\n                                    \u003C\/div\u003E\n            \u003C\/div\u003E\n            \u003Cdiv class=\u0022product-item__info\u0022 style=\u0022padding: 15px 15px 0 15px;\u0022\u003E\n                \u003Cp class=\u0022text-center\u0022 style=\u0022display: flex; align-items: center;margin-bottom: 0 !important;\u0022\u003E\n                    2025\n                                            \u003Cimg class=\u0022separator\u0022 src=\u0022\/front_office\/clients\/riester\/groupe\/images\/riester-line.svg\u0022\u003E\n                        5 000 km\n                                                                \u003Cimg class=\u0022separator\u0022  src=\u0022\/front_office\/clients\/riester\/groupe\/images\/riester-line.svg\u0022\u003E\n                        Essence\n                                                                \u003Cimg class=\u0022separator\u0022  src=\u0022\/front_office\/clients\/riester\/groupe\/images\/riester-line.svg\u0022\u003E\n                        Automatique\n                                    \u003C\/p\u003E\n            \u003C\/div\u003E\n            \u003Cdiv class=\u0022product-item__specifications\u0022 style=\u0022padding: 15px 15px 0 15px;\u0022\u003E\n                                                                                                                                                                                                                                                                                                                                                                                                                                                                                                                                                                                                                                                                                                                                                                                                                                                                                                                                                                                                                                                                                                                                                                                                                                                                                                                                                                                                                                                                                                                                                                                                                                                                                                                                                                                                                                                                                                                                                                                                                                                                                                                                                                                                                                                                                                                                                                                                                                                                                                                                                                                                                                                                                                                                                                                                                                                                                                                                                                                                                                                                                                                                                    \n                                    \n                                    \n                                    \n                                    \n                                    \n                                    \n                                    \n                                    \n                                    \n                                    \n                                    \n                                    \n                                    \n                                    \n                                    \n                                    \n                                    \n                                    \n                                    \n                                    \n                                    \n                                    \n                                    \n                                    \n                                    \n                                    \n                                    \n                                    \n                                    \n                                    \n                                    \n                                    \n                                    \n                                    \n                                    \n                                    \n                                    \n                                    \n                                    \n                                    \n                                    \n                                    \n                                    \n                                    \n                                    \n                                    \n                                    \n                                    \n                                    \n                                    \n                                    \n                                    \n                                    \n                                    \n                                    \n                                    \n                                    \n                                    \n                                    \n                                    \n                                    \n                                    \n                                    \n                                    \n                                    \n                                    \n                                    \n                                    \n                                    \n                                    \n                                    \n                                    \n                                    \n                                    \n                                    \n            \u003C\/div\u003E\n            \u003Cdiv class=\u0022product-item__head padding-0 product-item-head-tarif custom-bottom flex-column\u0022\u003E\n                \u003Cdiv\u003E\n                    \u003Cdiv class=\u0022product-item__price\u0022 style=\u0022white-space: initial\u0022\u003E\u003Ci class=\u0022fa fa-map-marker\u0022\u003E\u003C\/i\u003E\n                        \u003Cspan style=\u0022text-transform: capitalize\u0022\u003EBeauvais (60)\u003C\/span\u003E\u003C\/div\u003E\n                \u003C\/div\u003E\n                \u003Cdiv class=\u0022product-item__head-children\u0022\u003E\n                    \u003Cdiv class=\u0022product-item-loyer\u0022 style=\u0022display: flex; justify-content: center;align-items: center\u0022\u003E\n                        \u003Cstrong\u003ED\u00e8s 430,46\u20ac\u003Csmall\u003E\/mois\u0026nbsp;\u003C\/small\u003E\u003C\/strong\u003E\n                        \u003Ca href=\u0022\u0022 data-vehicleId=\u00229432\u0022 data-toggle=\u0022modal\u0022 data-target=\u0022#infoFinancement\u0022 class=\u0022btn-mention-legale\u0022\u003E\u003Ci class=\u0022fa fa-info-circle\u0022\u003E\u003C\/i\u003E\u003C\/a\u003E\n                    \u003C\/div\u003E\n                    \u003Cdiv class=\u0022product-item-prix\u0022 style=\u0022display: flex; justify-content: center;align-items: center\u0022\u003E\n                        \u003Cstrong\u003E27 990\n                            \u20ac\u003Csup\u003E\u003Csmall\u003ETTC\u003C\/small\u003E\u003C\/sup\u003E\u003C\/strong\u003E\n                    \u003C\/div\u003E\n                \u003C\/div\u003E\n            \u003C\/div\u003E\n        \u003C\/div\u003E\n    \u003C\/div\u003E\n    \u003Cdiv style=\u0022margin: 15px;\u0022 class=\u0022products-items\u0022\u003E\n        \u003Cdiv class=\u0022product-item\u0022\u003E\n            \u003Cdiv class=\u0022product-item-bloc product-item__media uk-inline-clip uk-inline  uk-transition-toggle\u0022 style=\u0022border-radius:3px; height: 225px; display: flex; justify-content: center; align-items: center;\n                    background: url(https:\/\/file-render.webapp4you.eu\/pictureRender\/opel_astra-hybride-rechargeable-180-ch-bva8_gs_0.jpg?id=f8681f6fd875f44cfcc5e40dd5331ea2bf68bd2c4935703db0b9db9836ae8b0874674fe36f5e990994287b34de1078a2ddd443c17bb359864da50fe1ed9805f222078040e78ca4b148ca0376402efa7602849b237fcd3f9ec9588db2c2f5dc9f_3) center center \/ cover;\u0022\u003E\n                \u003Ca\n                        class=\u0022uk-transition-fade\u0022\n                        href=\u0022\/vehicules-occasions\/opel-astra-7384\u0022\u003E\n                    \u003Cdiv class=\u0022uk-overlay-cover uk-overlay-primary\u0022\u003E\u003C\/div\u003E\n                    \u003Cdiv class=\u0022uk-position-center\u0022\u003E\u003Cspan class=\u0022icon-cross\u0022\u003E\u003C\/span\u003E\u003C\/div\u003E\n                \u003C\/a\u003E\n                            \u003C\/div\u003E\n            \u003Cdiv style=\u0022padding: 15px 15px 0 15px;\u0022\u003E\n                \u003Cdiv\u003E\n                    \u003Cdiv class=\u0022product-item__name\u0022\u003E\u003Ca\n                                href=\u0022\/vehicules-occasions\/opel-astra-7384\u0022\u003E\u003Cstrong\n                                    class=\u0022capitalize\u0022\u003EOPEL\u003C\/strong\u003E ASTRA\n                        \u003C\/a\u003E\n                    \u003C\/div\u003E\n                                            \u003Cdiv class=\u0022product-item__category\u0022\u003EAstra Hybride Rechargeable 180...\u003C\/div\u003E\n                                    \u003C\/div\u003E\n            \u003C\/div\u003E\n            \u003Cdiv class=\u0022product-item__info\u0022 style=\u0022padding: 15px 15px 0 15px;\u0022\u003E\n                \u003Cp class=\u0022text-center\u0022 style=\u0022display: flex; align-items: center;margin-bottom: 0 !important;\u0022\u003E\n                    2024\n                                            \u003Cimg class=\u0022separator\u0022 src=\u0022\/front_office\/clients\/riester\/groupe\/images\/riester-line.svg\u0022\u003E\n                        8 500 km\n                                                                                    \u003Cimg class=\u0022separator\u0022  src=\u0022\/front_office\/clients\/riester\/groupe\/images\/riester-line.svg\u0022\u003E\n                        Automatique\n                                    \u003C\/p\u003E\n            \u003C\/div\u003E\n            \u003Cdiv class=\u0022product-item__specifications\u0022 style=\u0022padding: 15px 15px 0 15px;\u0022\u003E\n                                                                                                                                                                                                                                                                                                                                                                                                                                                                                                                                                                                                                                                                                                                                                                                                                                                                                                                                                                                                                                                                                                                                                                                                                                                                                                                                                                                                                                                                                                                                                                                                                                                                                                                                                                                                                                                                                                                                                                                                                                                                                                                                                                                                                                                                                                                                                                                                                                                                                                                                                                            \u003Ch1 style=\u0022text-transform: uppercase; font-size: 11px; font-weight: bold;margin-bottom: 0;\u0022\u003E\n                        \u00e9quipements\u003C\/h1\u003E\n                                \n                                                                                \n                                                                                \n                                                                                \n                                                                                \n                                                                                \n                                                                                \n                                                                                \n                                                                                \n                                                                                \n                                                                                \n                                                                                \n                                                                                \n                                                                        \u003Ci class=\u0022fa fa-bluetooth font-size-12\u0022\n                               data-toggle=\u0022tooltip\u0022 data-placement=\u0022top\u0022\n                               title=\u0022Bluetooth\u0022\u003E\u003C\/i\u003E\n                                                            \n                                                                                \n                                                                                \n                                                                                \n                                                                                \n                                                                        \u003Ci class=\u0022fa fa-snowflake-o font-size-12\u0022\n                               data-toggle=\u0022tooltip\u0022 data-placement=\u0022top\u0022\n                               title=\u0022Climatisation automatique bi-zone\u0022\u003E\u003C\/i\u003E\n                                                            \n                                                                                \n                                                                                \n                                                                                \n                                                                                \n                                                                                \n                                                                                \n                                                                                \n                                                                                \n                                                                                \n                                                                                \n                                                                                \n                                                                        \u003Ci class=\u0022fa fa-video-camera font-size-12\u0022\n                               data-toggle=\u0022tooltip\u0022 data-placement=\u0022top\u0022\n                               title=\u0022Intelli-vision panoramique \u00e0 360\u00b0 avec 4 cam\u00e9ras\u0022\u003E\u003C\/i\u003E\n                                                            \n                                                                                \n                                                                                \n                                                                                \n                                                                                \n                                                                                \n                                                                                \n                                                                                \n                                                                                \n                                                                                \n                                                                        \u003Ci class=\u0022fa fa-paint-brush font-size-12\u0022\n                               data-toggle=\u0022tooltip\u0022 data-placement=\u0022top\u0022\n                               title=\u0022Peinture opaque\u0022\u003E\u003C\/i\u003E\n                                                            \n                                                                                \n                                                                                \n                                                                                \n                                                                                \n                                                                                \n                                                                                \n                                                                                \n                                                                                \n                                                                                \n                                                                                \n                                                                                \n                                                                                \n                                                                                \n                                                                                \n                                                                                \n                                                                                \n                                                                                \n                                                                                \n                                                                                \n                                                                                \n                                                                                \n                                                                                \n            \u003C\/div\u003E\n            \u003Cdiv class=\u0022product-item__head padding-0 product-item-head-tarif custom-bottom flex-column\u0022\u003E\n                \u003Cdiv\u003E\n                    \u003Cdiv class=\u0022product-item__price\u0022 style=\u0022white-space: initial\u0022\u003E\u003Ci class=\u0022fa fa-map-marker\u0022\u003E\u003C\/i\u003E\n                        \u003Cspan style=\u0022text-transform: capitalize\u0022\u003ESaint-Maximin (60)\u003C\/span\u003E\u003C\/div\u003E\n                \u003C\/div\u003E\n                \u003Cdiv class=\u0022product-item__head-children\u0022\u003E\n                    \u003Cdiv class=\u0022product-item-loyer\u0022 style=\u0022display: flex; justify-content: center;align-items: center\u0022\u003E\n                        \u003Cstrong\u003ED\u00e8s 657,22\u20ac\u003Csmall\u003E\/mois\u0026nbsp;\u003C\/small\u003E\u003C\/strong\u003E\n                        \u003Ca href=\u0022\u0022 data-vehicleId=\u00227384\u0022 data-toggle=\u0022modal\u0022 data-target=\u0022#infoFinancement\u0022 class=\u0022btn-mention-legale\u0022\u003E\u003Ci class=\u0022fa fa-info-circle\u0022\u003E\u003C\/i\u003E\u003C\/a\u003E\n                    \u003C\/div\u003E\n                    \u003Cdiv class=\u0022product-item-prix\u0022 style=\u0022display: flex; justify-content: center;align-items: center\u0022\u003E\n                        \u003Cstrong\u003E42 900\n                            \u20ac\u003Csup\u003E\u003Csmall\u003ETTC\u003C\/small\u003E\u003C\/sup\u003E\u003C\/strong\u003E\n                    \u003C\/div\u003E\n                \u003C\/div\u003E\n            \u003C\/div\u003E\n        \u003C\/div\u003E\n    \u003C\/div\u003E\n    \u003Cdiv style=\u0022margin: 15px;\u0022 class=\u0022products-items\u0022\u003E\n        \u003Cdiv class=\u0022product-item\u0022\u003E\n            \u003Cdiv class=\u0022product-item-bloc product-item__media uk-inline-clip uk-inline  uk-transition-toggle\u0022 style=\u0022border-radius:3px; height: 225px; display: flex; justify-content: center; align-items: center;\n                    background: url(https:\/\/file-render.webapp4you.eu\/pictureRender\/ds_ds-7-hybride-rechargeable-e-tense-300-eat8-4x4_opera_0.jpg?id=31815603b7963957727d7c8555b568b4dfed51170a36dd7691abbb57e0e824874fbede343940b9862a1a57ed4eecb1be3d4531da8e20bf3ad3979c3e0a6c6c79c1a503f2ad9cb8c7261370e4a236b305512cba23003ffc34b29b675f8bb01f4b_3) center center \/ cover;\u0022\u003E\n                \u003Ca\n                        class=\u0022uk-transition-fade\u0022\n                        href=\u0022\/vehicules-occasions\/ds-ds 7-6376\u0022\u003E\n                    \u003Cdiv class=\u0022uk-overlay-cover uk-overlay-primary\u0022\u003E\u003C\/div\u003E\n                    \u003Cdiv class=\u0022uk-position-center\u0022\u003E\u003Cspan class=\u0022icon-cross\u0022\u003E\u003C\/span\u003E\u003C\/div\u003E\n                \u003C\/a\u003E\n                            \u003C\/div\u003E\n            \u003Cdiv style=\u0022padding: 15px 15px 0 15px;\u0022\u003E\n                \u003Cdiv\u003E\n                    \u003Cdiv class=\u0022product-item__name\u0022\u003E\u003Ca\n                                href=\u0022\/vehicules-occasions\/ds-ds 7-6376\u0022\u003E\u003Cstrong\n                                    class=\u0022capitalize\u0022\u003EDS\u003C\/strong\u003E DS 7\n                        \u003C\/a\u003E\n                    \u003C\/div\u003E\n                                            \u003Cdiv class=\u0022product-item__category\u0022\u003EDS 7 Hybride Rechargeable E-Te...\u003C\/div\u003E\n                                    \u003C\/div\u003E\n            \u003C\/div\u003E\n            \u003Cdiv class=\u0022product-item__info\u0022 style=\u0022padding: 15px 15px 0 15px;\u0022\u003E\n                \u003Cp class=\u0022text-center\u0022 style=\u0022display: flex; align-items: center;margin-bottom: 0 !important;\u0022\u003E\n                    2024\n                                            \u003Cimg class=\u0022separator\u0022 src=\u0022\/front_office\/clients\/riester\/groupe\/images\/riester-line.svg\u0022\u003E\n                        11 050 km\n                                                                                    \u003Cimg class=\u0022separator\u0022  src=\u0022\/front_office\/clients\/riester\/groupe\/images\/riester-line.svg\u0022\u003E\n                        Automatique\n                                    \u003C\/p\u003E\n            \u003C\/div\u003E\n            \u003Cdiv class=\u0022product-item__specifications\u0022 style=\u0022padding: 15px 15px 0 15px;\u0022\u003E\n                                                                                                                                                                                                                                                                                                                                                                                                                                                                                                                                                                                                                                                                                                                                                                                                                                                                                                                                                                                                                                                                                                                                                                                                                                                                                                                                                                                                                                                                                                                                                                                                                                                                                                                                                                                                                                                                                                                                                                                                                                                                                                                                                                                                                                                                                                                                                                                                                                                                                                                                                                                                                                                                                                                                                                                                                                                                                                                                                                                                                                                                                                                                                                                                                                                                                                                                                                                            \u003Ch1 style=\u0022text-transform: uppercase; font-size: 11px; font-weight: bold;margin-bottom: 0;\u0022\u003E\n                        \u00e9quipements\u003C\/h1\u003E\n                                \n                                                                                \n                                                                                \n                                                                                \n                                                                                \n                                                                        \u003Ci class=\u0022fa fa-video-camera font-size-12\u0022\n                               data-toggle=\u0022tooltip\u0022 data-placement=\u0022top\u0022\n                               title=\u0022Aide au stationnement AV\/AR et Cam\u00e9ra de recul\u0022\u003E\u003C\/i\u003E\n                                                            \n                                                                                \n                                                                                \n                                                                                \n                                                                                \n                                                                                \n                                                                                \n                                                                                \n                                                                                \n                                                                                \n                                                                                \n                                                                                \n                                                                                \n                                                                                \n                                                                                \n                                                                                \n                                                                                \n                                                                                \n                                                                                \n                                                                                \n                                                                                \n                                                                                \n                                                                                \n                                                                                \n                                                                                \n                                                                                \n                                                                                \n                                                                                \n                                                                                \n                                                                                \n                                                                                \n                                                                                \n                                                                        \u003Ci class=\u0022fa fa-video-camera font-size-12\u0022\n                               data-toggle=\u0022tooltip\u0022 data-placement=\u0022top\u0022\n                               title=\u0022Freinage d\u0026#039;urgence automatique pilot\u00e9 par cam\u00e9ra et radar\u0022\u003E\u003C\/i\u003E\n                                                            \n                                                                                \n                                                                                \n                                                                                \n                                                                                \n                                                                                \n                                                                                \n                                                                                \n                                                                                \n                                                                                \n                                                                                \n                                                                                \n                                                                                \n                                                                                \n                                                                                \n                                                                                \n                                                                                \n                                                                                \n                                                                                \n                                                                                \n                                                                                \n                                                                                \n                                                                                \n                                                                                \n                                                                                \n                                                                                \n                                                                                \n                                                                                \n                                                                                \n                                                                                \n                                                                                \n                                                                                \n                                                                                \n                                                                                \n                                                                                \n                                                                                \n                                                                                \n                                                                                \n                                                                                \n                                                                                \n                                                                                \n                                                                                \n                                                                                \n                                                                                \n                                                                        \u003Ci class=\u0022fa-solid fa-car-garage font-size-12\u0022\n                               data-toggle=\u0022tooltip\u0022 data-placement=\u0022top\u0022\n                               title=\u0022Toit ouvrant panoramique \u00e9lectriquee Entrebaillant, Ouvrant, Occulteur motoris\u00e9\u0022\u003E\u003C\/i\u003E\n                                                            \n                                                                                \n                                                                                \n                                                                                \n                                                                                \n            \u003C\/div\u003E\n            \u003Cdiv class=\u0022product-item__head padding-0 product-item-head-tarif custom-bottom flex-column\u0022\u003E\n                \u003Cdiv\u003E\n                    \u003Cdiv class=\u0022product-item__price\u0022 style=\u0022white-space: initial\u0022\u003E\u003Ci class=\u0022fa fa-map-marker\u0022\u003E\u003C\/i\u003E\n                        \u003Cspan style=\u0022text-transform: capitalize\u0022\u003EVilleneuve-Saint-Germain (02)\u003C\/span\u003E\u003C\/div\u003E\n                \u003C\/div\u003E\n                \u003Cdiv class=\u0022product-item__head-children\u0022\u003E\n                    \u003Cdiv class=\u0022product-item-loyer\u0022 style=\u0022display: flex; justify-content: center;align-items: center\u0022\u003E\n                        \u003Cstrong\u003ED\u00e8s 767,24\u20ac\u003Csmall\u003E\/mois\u0026nbsp;\u003C\/small\u003E\u003C\/strong\u003E\n                        \u003Ca href=\u0022\u0022 data-vehicleId=\u00226376\u0022 data-toggle=\u0022modal\u0022 data-target=\u0022#infoFinancement\u0022 class=\u0022btn-mention-legale\u0022\u003E\u003Ci class=\u0022fa fa-info-circle\u0022\u003E\u003C\/i\u003E\u003C\/a\u003E\n                    \u003C\/div\u003E\n                    \u003Cdiv class=\u0022product-item-prix\u0022 style=\u0022display: flex; justify-content: center;align-items: center\u0022\u003E\n                        \u003Cstrong\u003E49 990\n                            \u20ac\u003Csup\u003E\u003Csmall\u003ETTC\u003C\/small\u003E\u003C\/sup\u003E\u003C\/strong\u003E\n                    \u003C\/div\u003E\n                \u003C\/div\u003E\n            \u003C\/div\u003E\n        \u003C\/div\u003E\n    \u003C\/div\u003E\n    \u003Cdiv style=\u0022margin: 15px;\u0022 class=\u0022products-items\u0022\u003E\n        \u003Cdiv class=\u0022product-item\u0022\u003E\n            \u003Cdiv class=\u0022product-item-bloc product-item__media uk-inline-clip uk-inline  uk-transition-toggle\u0022 style=\u0022border-radius:3px; height: 225px; display: flex; justify-content: center; align-items: center;\n                    background: url(https:\/\/file-render.webapp4you.eu\/pictureRender\/citroen_e-c4-136-ch-automatique_feel-pack_0.jpg?id=b43613100647176212da9310b3e0efcd2d1228bc362cb22a780992f329c50aee077fae65b6da805e565505324c2d21e130369650641d4dd52a70499b9cb3a8378ac7cbddd9323dd6b80456dfe1486aee2735c1b83305cddf909578280ce7b613_3) center center \/ cover;\u0022\u003E\n                \u003Ca\n                        class=\u0022uk-transition-fade\u0022\n                        href=\u0022\/vehicules-occasions\/citroen-c4-2085\u0022\u003E\n                    \u003Cdiv class=\u0022uk-overlay-cover uk-overlay-primary\u0022\u003E\u003C\/div\u003E\n                    \u003Cdiv class=\u0022uk-position-center\u0022\u003E\u003Cspan class=\u0022icon-cross\u0022\u003E\u003C\/span\u003E\u003C\/div\u003E\n                \u003C\/a\u003E\n                            \u003C\/div\u003E\n            \u003Cdiv style=\u0022padding: 15px 15px 0 15px;\u0022\u003E\n                \u003Cdiv\u003E\n                    \u003Cdiv class=\u0022product-item__name\u0022\u003E\u003Ca\n                                href=\u0022\/vehicules-occasions\/citroen-c4-2085\u0022\u003E\u003Cstrong\n                                    class=\u0022capitalize\u0022\u003ECITROEN\u003C\/strong\u003E C4\n                        \u003C\/a\u003E\n                    \u003C\/div\u003E\n                                            \u003Cdiv class=\u0022product-item__category\u0022\u003Ee-C4 136 ch Automatique\u003C\/div\u003E\n                                    \u003C\/div\u003E\n            \u003C\/div\u003E\n            \u003Cdiv class=\u0022product-item__info\u0022 style=\u0022padding: 15px 15px 0 15px;\u0022\u003E\n                \u003Cp class=\u0022text-center\u0022 style=\u0022display: flex; align-items: center;margin-bottom: 0 !important;\u0022\u003E\n                    2022\n                                            \u003Cimg class=\u0022separator\u0022 src=\u0022\/front_office\/clients\/riester\/groupe\/images\/riester-line.svg\u0022\u003E\n                        42 000 km\n                                                                \u003Cimg class=\u0022separator\u0022  src=\u0022\/front_office\/clients\/riester\/groupe\/images\/riester-line.svg\u0022\u003E\n                        Electrique\n                                                                \u003Cimg class=\u0022separator\u0022  src=\u0022\/front_office\/clients\/riester\/groupe\/images\/riester-line.svg\u0022\u003E\n                        Automatique\n                                    \u003C\/p\u003E\n            \u003C\/div\u003E\n            \u003Cdiv class=\u0022product-item__specifications\u0022 style=\u0022padding: 15px 15px 0 15px;\u0022\u003E\n                                                                                                                                                                                                                                                                                                                                                                                                                                                                                                                                                                                                                                                                                                                                                                                                                                                                                                                                                                                                                                                                                                                                                                                                                                                                                                                                                                                                                                                                                                                                                                                                                                                                                                                                                                                                                                                                                                                                                                                                                                                                                                                                                                                                                                                                                                                                                                                        \u003Ch1 style=\u0022text-transform: uppercase; font-size: 11px; font-weight: bold;margin-bottom: 0;\u0022\u003E\n                        \u00e9quipements\u003C\/h1\u003E\n                                \n                                                                                \n                                                                                \n                                                                                \n                                                                                \n                                                                                \n                                                                                \n                                                                                \n                                                                                \n                                                                                \n                                                                                \n                                                                                \n                                                                                \n                                                                                \n                                                                                \n                                                                        \u003Ci class=\u0022fa fa-video-camera font-size-12\u0022\n                               data-toggle=\u0022tooltip\u0022 data-placement=\u0022top\u0022\n                               title=\u0022Cam\u00e9ra de recul\u0022\u003E\u003C\/i\u003E\n                                                            \n                                                                                \n                                                                        \u003Ci class=\u0022fa fa-snowflake-o font-size-12\u0022\n                               data-toggle=\u0022tooltip\u0022 data-placement=\u0022top\u0022\n                               title=\u0022Climatisation automatique bizone avec pompe \u00e0 chaleur\u0022\u003E\u003C\/i\u003E\n                                                            \n                                                                                \n                                                                                \n                                                                                \n                                                                                \n                                                                                \n                                                                                \n                                                                                \n                                                                                \n                                                                                \n                                                                                \n                                                                                \n                                                                                \n                                                                                \n                                                                                \n                                                                                \n                                                                        \u003Ci class=\u0022fa fa-bluetooth font-size-12\u0022\n                               data-toggle=\u0022tooltip\u0022 data-placement=\u0022top\u0022\n                               title=\u0022Kit Mains Libres Bluetooth\u0022\u003E\u003C\/i\u003E\n                                                            \n                                                                                \n                                                                                \n                                                                        \u003Ci class=\u0022fa fa-apple font-size-12\u0022\n                               data-toggle=\u0022tooltip\u0022 data-placement=\u0022top\u0022\n                               title=\u0022My Citro\u00ebn Play - Mirror Screen sans fils, compatible Android Auto et Apple CarPlay, Syst\u00e8me audio num\u00e9rique (DAB) MP3 6 HP,Tablette tactile 10\u0026quot;\u0022\u003E\u003C\/i\u003E\n                                                            \n                                                                                \n                                                                                \n                                                                                \n                                                                                \n                                                                                \n                                                                                \n                                                                                \n                                                                                \n                                                                                \n                                                                                \n                                                                                \n                                                                                \n                                                                                \n                                                                                \n                                                                                \n                                                                                \n                                                                                \n                                                                                \n                                                                                \n                                                                                \n                                                                                \n            \u003C\/div\u003E\n            \u003Cdiv class=\u0022product-item__head padding-0 product-item-head-tarif custom-bottom flex-column\u0022\u003E\n                \u003Cdiv\u003E\n                    \u003Cdiv class=\u0022product-item__price\u0022 style=\u0022white-space: initial\u0022\u003E\u003Ci class=\u0022fa fa-map-marker\u0022\u003E\u003C\/i\u003E\n                        \u003Cspan style=\u0022text-transform: capitalize\u0022\u003EProvins (77)\u003C\/span\u003E\u003C\/div\u003E\n                \u003C\/div\u003E\n                \u003Cdiv class=\u0022product-item__head-children\u0022\u003E\n                    \u003Cdiv class=\u0022product-item-loyer\u0022 style=\u0022display: flex; justify-content: center;align-items: center\u0022\u003E\n                        \u003Cstrong\u003ED\u00e8s 299,83\u20ac\u003Csmall\u003E\/mois\u0026nbsp;\u003C\/small\u003E\u003C\/strong\u003E\n                        \u003Ca href=\u0022\u0022 data-vehicleId=\u00222085\u0022 data-toggle=\u0022modal\u0022 data-target=\u0022#infoFinancement\u0022 class=\u0022btn-mention-legale\u0022\u003E\u003Ci class=\u0022fa fa-info-circle\u0022\u003E\u003C\/i\u003E\u003C\/a\u003E\n                    \u003C\/div\u003E\n                    \u003Cdiv class=\u0022product-item-prix\u0022 style=\u0022display: flex; justify-content: center;align-items: center\u0022\u003E\n                        \u003Cstrong\u003E19 490\n                            \u20ac\u003Csup\u003E\u003Csmall\u003ETTC\u003C\/small\u003E\u003C\/sup\u003E\u003C\/strong\u003E\n                    \u003C\/div\u003E\n                \u003C\/div\u003E\n            \u003C\/div\u003E\n        \u003C\/div\u003E\n    \u003C\/div\u003E\n    \u003Cdiv style=\u0022margin: 15px;\u0022 class=\u0022products-items\u0022\u003E\n        \u003Cdiv class=\u0022product-item\u0022\u003E\n            \u003Cdiv class=\u0022product-item-bloc product-item__media uk-inline-clip uk-inline  uk-transition-toggle\u0022 style=\u0022border-radius:3px; height: 225px; display: flex; justify-content: center; align-items: center;\n                    background: url(https:\/\/file-render.webapp4you.eu\/pictureRender\/citroen_c5-x-hybride-rechargeable-225-ss-e-eat8_feel-pack_0.jpg?id=ebc7956e43e546f2abff575a4054e3a5abc67f26472daa479d6191200809ae3593185cce67f481d543e851614a9bd0cb65128aadc41944404f9c540173b7a4c40ea9fbc1b4868bdba2a132dbbd44cc724b62500f65479b1776cb5c0ad05fefae_3) center center \/ cover;\u0022\u003E\n                \u003Ca\n                        class=\u0022uk-transition-fade\u0022\n                        href=\u0022\/vehicules-occasions\/citroen-c5 x-8210\u0022\u003E\n                    \u003Cdiv class=\u0022uk-overlay-cover uk-overlay-primary\u0022\u003E\u003C\/div\u003E\n                    \u003Cdiv class=\u0022uk-position-center\u0022\u003E\u003Cspan class=\u0022icon-cross\u0022\u003E\u003C\/span\u003E\u003C\/div\u003E\n                \u003C\/a\u003E\n                            \u003C\/div\u003E\n            \u003Cdiv style=\u0022padding: 15px 15px 0 15px;\u0022\u003E\n                \u003Cdiv\u003E\n                    \u003Cdiv class=\u0022product-item__name\u0022\u003E\u003Ca\n                                href=\u0022\/vehicules-occasions\/citroen-c5 x-8210\u0022\u003E\u003Cstrong\n                                    class=\u0022capitalize\u0022\u003ECITROEN\u003C\/strong\u003E C5 X\n                        \u003C\/a\u003E\n                    \u003C\/div\u003E\n                                            \u003Cdiv class=\u0022product-item__category\u0022\u003EC5 X Hybride Rechargeable 225 ...\u003C\/div\u003E\n                                    \u003C\/div\u003E\n            \u003C\/div\u003E\n            \u003Cdiv class=\u0022product-item__info\u0022 style=\u0022padding: 15px 15px 0 15px;\u0022\u003E\n                \u003Cp class=\u0022text-center\u0022 style=\u0022display: flex; align-items: center;margin-bottom: 0 !important;\u0022\u003E\n                    2023\n                                            \u003Cimg class=\u0022separator\u0022 src=\u0022\/front_office\/clients\/riester\/groupe\/images\/riester-line.svg\u0022\u003E\n                        10 000 km\n                                                                                    \u003Cimg class=\u0022separator\u0022  src=\u0022\/front_office\/clients\/riester\/groupe\/images\/riester-line.svg\u0022\u003E\n                        Automatique\n                                    \u003C\/p\u003E\n            \u003C\/div\u003E\n            \u003Cdiv class=\u0022product-item__specifications\u0022 style=\u0022padding: 15px 15px 0 15px;\u0022\u003E\n                                                                                                                                                                                                                                                                                                                                                                                                                                                                                                                                                                                                                                                                                                                                                                                                                                                                                                                                                                                                                                                                                                                                                                                                                                                                                                                                                                                                                                                                                                                                                                                                                                                                                                                                                                                                                                                                                                                                                                                                                                                                                                                                                                                                                                                                                                                                                                                                                                                                                                                                                                                                                                                                                                                                                                                                                                                                                                                                                                                                                                                                                                                                                                                                                                                                                                                                                                                                                                                                                                                                                                                                                                                                                                                                                                            \u003Ch1 style=\u0022text-transform: uppercase; font-size: 11px; font-weight: bold;margin-bottom: 0;\u0022\u003E\n                        \u00e9quipements\u003C\/h1\u003E\n                                \n                                                                                \n                                                                                \n                                                                                \n                                                                                \n                                                                                \n                                                                                \n                                                                                \n                                                                                \n                                                                                \n                                                                                \n                                                                                \n                                                                                \n                                                                                \n                                                                                \n                                                                                \n                                                                                \n                                                                                \n                                                                                \n                                                                                \n                                                                                \n                                                                                \n                                                                                \n                                                                                \n                                                                        \u003Ci class=\u0022fa fa-video-camera font-size-12\u0022\n                               data-toggle=\u0022tooltip\u0022 data-placement=\u0022top\u0022\n                               title=\u0022Cam\u00e9ra de recul avec Top Rear Vision\u0022\u003E\u003C\/i\u003E\n                                                            \n                                                                                \n                                                                                \n                                                                                \n                                                                                \n                                                                        \u003Ci class=\u0022fa fa-snowflake-o font-size-12\u0022\n                               data-toggle=\u0022tooltip\u0022 data-placement=\u0022top\u0022\n                               title=\u0022Climatisation automatique bizone\u0022\u003E\u003C\/i\u003E\n                                                            \n                                                                                \n                                                                                \n                                                                                \n                                                                                \n                                                                                \n                                                                                \n                                                                                \n                                                                                \n                                                                                \n                                                                                \n                                                                                \n                                                                                \n                                                                                \n                                                                                \n                                                                                \n                                                                                \n                                                                                \n                                                                                \n                                                                                \n                                                                                \n                                                                                \n                                                                                \n                                                                                \n                                                                                \n                                                                                \n                                                                        \u003Ci class=\u0022fa fa-bluetooth font-size-12\u0022\n                               data-toggle=\u0022tooltip\u0022 data-placement=\u0022top\u0022\n                               title=\u0022Kit Mains Libres Bluetooth\u0022\u003E\u003C\/i\u003E\n                                                            \n                                                                                \n                                                                                \n                                                                                \n                                                                                \n                                                                                \n                                                                        \u003Ci class=\u0022fa-solid fa-gauge-circle-plus font-size-12\u0022\n                               data-toggle=\u0022tooltip\u0022 data-placement=\u0022top\u0022\n                               title=\u0022Pack Safety Brake 2.0 + R\u00e9gulateur de vitesse adaptatif avec fonction Stop\u0026amp;Go\u0022\u003E\u003C\/i\u003E\n                                                            \n                                                                                \n                                                                                \n                                                                                \n                                                                                \n                                                                                \n                                                                                \n                                                                                \n                                                                                \n                                                                                \n                                                                                \n                                                                                \n                                                                                \n                                                                                \n                                                                                \n                                                                                \n                                                                                \n                                                                                \n                                                                                \n                                                                                \n                                                                                \n                                                                                \n                                                                                \n                                                                                \n                                                                                \n                                                                                \n                                                                                \n                                                                                \n                                                                                \n                                                                                \n                                                                                \n                                                                                \n                                                                                \n                                                                                \n            \u003C\/div\u003E\n            \u003Cdiv class=\u0022product-item__head padding-0 product-item-head-tarif custom-bottom flex-column\u0022\u003E\n                \u003Cdiv\u003E\n                    \u003Cdiv class=\u0022product-item__price\u0022 style=\u0022white-space: initial\u0022\u003E\u003Ci class=\u0022fa fa-map-marker\u0022\u003E\u003C\/i\u003E\n                        \u003Cspan style=\u0022text-transform: capitalize\u0022\u003ECoulommiers (77)\u003C\/span\u003E\u003C\/div\u003E\n                \u003C\/div\u003E\n                \u003Cdiv class=\u0022product-item__head-children\u0022\u003E\n                    \u003Cdiv class=\u0022product-item-loyer\u0022 style=\u0022display: flex; justify-content: center;align-items: center\u0022\u003E\n                        \u003Cstrong\u003ED\u00e8s 0,00\u20ac\u003Csmall\u003E\/mois\u0026nbsp;\u003C\/small\u003E\u003C\/strong\u003E\n                        \u003Ca href=\u0022\u0022 data-vehicleId=\u00228210\u0022 data-toggle=\u0022modal\u0022 data-target=\u0022#infoFinancement\u0022 class=\u0022btn-mention-legale\u0022\u003E\u003Ci class=\u0022fa fa-info-circle\u0022\u003E\u003C\/i\u003E\u003C\/a\u003E\n                    \u003C\/div\u003E\n                    \u003Cdiv class=\u0022product-item-prix\u0022 style=\u0022display: flex; justify-content: center;align-items: center\u0022\u003E\n                        \u003Cstrong\u003E26 990\n                            \u20ac\u003Csup\u003E\u003Csmall\u003ETTC\u003C\/small\u003E\u003C\/sup\u003E\u003C\/strong\u003E\n                    \u003C\/div\u003E\n                \u003C\/div\u003E\n            \u003C\/div\u003E\n        \u003C\/div\u003E\n    \u003C\/div\u003E\n    \u003Cdiv style=\u0022margin: 15px;\u0022 class=\u0022products-items\u0022\u003E\n        \u003Cdiv class=\u0022product-item\u0022\u003E\n            \u003Cdiv class=\u0022product-item-bloc product-item__media uk-inline-clip uk-inline  uk-transition-toggle\u0022 style=\u0022border-radius:3px; height: 225px; display: flex; justify-content: center; align-items: center;\n                    background: url(https:\/\/file-render.webapp4you.eu\/pictureRender\/peugeot_408-electrique-58-kwh-210ch_gt_0.jpg?id=607829e6db5a0b3302e40ec1d881586e2cdcdebfab98e855e1712a3583c6261be147b36b6a4d1b189aae0b1a01206a42d8c10a7ad822af82a0ea9cccd2f9f1aa252b92b66c331ad28bca0548165b83118b1b1bdffd0b10e8e101855663fdb7fb_3) center center \/ cover;\u0022\u003E\n                \u003Ca\n                        class=\u0022uk-transition-fade\u0022\n                        href=\u0022\/vehicules-occasions\/peugeot-408 electrique-9823\u0022\u003E\n                    \u003Cdiv class=\u0022uk-overlay-cover uk-overlay-primary\u0022\u003E\u003C\/div\u003E\n                    \u003Cdiv class=\u0022uk-position-center\u0022\u003E\u003Cspan class=\u0022icon-cross\u0022\u003E\u003C\/span\u003E\u003C\/div\u003E\n                \u003C\/a\u003E\n                            \u003C\/div\u003E\n            \u003Cdiv style=\u0022padding: 15px 15px 0 15px;\u0022\u003E\n                \u003Cdiv\u003E\n                    \u003Cdiv class=\u0022product-item__name\u0022\u003E\u003Ca\n                                href=\u0022\/vehicules-occasions\/peugeot-408 electrique-9823\u0022\u003E\u003Cstrong\n                                    class=\u0022capitalize\u0022\u003EPEUGEOT\u003C\/strong\u003E 408 ELECTRIQUE\n                        \u003C\/a\u003E\n                    \u003C\/div\u003E\n                                            \u003Cdiv class=\u0022product-item__category\u0022\u003E408 Electrique 58 kWh 210ch\u003C\/div\u003E\n                                    \u003C\/div\u003E\n            \u003C\/div\u003E\n            \u003Cdiv class=\u0022product-item__info\u0022 style=\u0022padding: 15px 15px 0 15px;\u0022\u003E\n                \u003Cp class=\u0022text-center\u0022 style=\u0022display: flex; align-items: center;margin-bottom: 0 !important;\u0022\u003E\n                    2025\n                                            \u003Cimg class=\u0022separator\u0022 src=\u0022\/front_office\/clients\/riester\/groupe\/images\/riester-line.svg\u0022\u003E\n                        35 km\n                                                                \u003Cimg class=\u0022separator\u0022  src=\u0022\/front_office\/clients\/riester\/groupe\/images\/riester-line.svg\u0022\u003E\n                        Electrique\n                                                                \u003Cimg class=\u0022separator\u0022  src=\u0022\/front_office\/clients\/riester\/groupe\/images\/riester-line.svg\u0022\u003E\n                        Automatique\n                                    \u003C\/p\u003E\n            \u003C\/div\u003E\n            \u003Cdiv class=\u0022product-item__specifications\u0022 style=\u0022padding: 15px 15px 0 15px;\u0022\u003E\n                                                                                                                                                                                                                                                                                                                                                                                                                                                                                                                                                                                                                                                                                                                                                                                                                                                                                                                                                                                                                                                                                                                                                                                                                                                                                                                                                                                                                                                                                                                                                                                                                                                                                                                                                                                                                                                                                                                                                                                                                                                                                                                                                                                                                                                                                                                                                                                                                                                                                                                                                                                                                                                                                                                                                                                                                                                                                                                                                                                            \n                                    \n                                    \n                                    \n                                    \n                                    \n                                    \n                                    \n                                    \n                                    \n                                    \n                                    \n                                    \n                                    \n                                    \n                                    \n                                    \n                                    \n                                    \n                                    \n                                    \n                                    \n                                    \n                                    \n                                    \n                                    \n                                    \n                                    \n                                    \n                                    \n                                    \n                                    \n                                    \n                                    \n                                    \n                                    \n                                    \n                                    \n                                    \n                                    \n                                    \n                                    \n                                    \n                                    \n                                    \n                                    \n                                    \n                                    \n                                    \n                                    \n                                    \n                                    \n                                    \n                                    \n                                    \n                                    \n                                    \n                                    \n                                    \n                                    \n                                    \n                                    \n                                    \n                                    \n                                    \n                                    \n                                    \n                                    \n                                    \n                                    \n                                    \n                                    \n                                    \n            \u003C\/div\u003E\n            \u003Cdiv class=\u0022product-item__head padding-0 product-item-head-tarif custom-bottom flex-column\u0022\u003E\n                \u003Cdiv\u003E\n                    \u003Cdiv class=\u0022product-item__price\u0022 style=\u0022white-space: initial\u0022\u003E\u003Ci class=\u0022fa fa-map-marker\u0022\u003E\u003C\/i\u003E\n                        \u003Cspan style=\u0022text-transform: capitalize\u0022\u003ESoissons (02)\u003C\/span\u003E\u003C\/div\u003E\n                \u003C\/div\u003E\n                \u003Cdiv class=\u0022product-item__head-children\u0022\u003E\n                    \u003Cdiv class=\u0022product-item-loyer\u0022 style=\u0022display: flex; justify-content: center;align-items: center\u0022\u003E\n                        \u003Cstrong\u003ED\u00e8s 614,16\u20ac\u003Csmall\u003E\/mois\u0026nbsp;\u003C\/small\u003E\u003C\/strong\u003E\n                        \u003Ca href=\u0022\u0022 data-vehicleId=\u00229823\u0022 data-toggle=\u0022modal\u0022 data-target=\u0022#infoFinancement\u0022 class=\u0022btn-mention-legale\u0022\u003E\u003Ci class=\u0022fa fa-info-circle\u0022\u003E\u003C\/i\u003E\u003C\/a\u003E\n                    \u003C\/div\u003E\n                    \u003Cdiv class=\u0022product-item-prix\u0022 style=\u0022display: flex; justify-content: center;align-items: center\u0022\u003E\n                        \u003Cstrong\u003E39 990\n                            \u20ac\u003Csup\u003E\u003Csmall\u003ETTC\u003C\/small\u003E\u003C\/sup\u003E\u003C\/strong\u003E\n                    \u003C\/div\u003E\n                \u003C\/div\u003E\n            \u003C\/div\u003E\n        \u003C\/div\u003E\n    \u003C\/div\u003E\n\u003Cdiv class=\u0022modal fade\u0022 id=\u0022infoFinancement\u0022 role=\u0022dialog\u0022\n     aria-hidden=\u0022true\u0022\u003E\n    \u003Cdiv class=\u0022modal-dialog  modal-dialog-centered\u0022 role=\u0022document\u0022\u003E\n        \u003Cdiv class=\u0022modal-content\u0022\u003E\n            \u003Cdiv class=\u0022modal-header\u0022\u003E\n                \u003Ch5 class=\u0022modal-title\u0022\u003E\n                    \u003Cspan\u003EMentions l\u00e9gales\u003C\/span\u003E\u003C\/h5\u003E\n                \u003Cbutton type=\u0022button\u0022 class=\u0022close\u0022 data-dismiss=\u0022modal\u0022\n                        aria-label=\u0022Close\u0022\u003E\n                    \u003Cspan aria-hidden=\u0022true\u0022\u003E\u0026times;\u003C\/span\u003E\n                \u003C\/button\u003E\n            \u003C\/div\u003E\n            \u003Cdiv class=\u0022modal-body body-mention-legale\u0022 style=\u0022color: black\u0022\u003E\n\n            \u003C\/div\u003E\n            \u003Ca href=\u0022#\u0022 class=\u0022btn btn-default\u0022 data-dismiss=\u0022modal\u0022\u003E\n                Fermer\n            \u003C\/a\u003E\n        \u003C\/div\u003E\n    \u003C\/div\u003E\n\u003C\/div\u003E\n\n    \u003Cdiv id=\u0022pagination\u0022 style=\u0022text-align: center\u0022\u003E\n        \u003Cul style=\u0022padding: 0\u0022\u003E\n                        \u003Cli class=\u0022actual-page test\u0022\u003E\n                \u003Cstrong\u003E1\u003C\/strong\u003E\/25\n            \u003C\/li\u003E\n                            \u003Cli\u003E\n                    \u003Ca style=\u0022text-decoration: none;color: white;\u0022 rel=\u0022next\u0022 onclick=\u0022window.scrollTo(0, 0)\u0022\n                       href=\u0022\/front\/search-vehicles?page=2\u0022\u003ESuivant\u003C\/a\u003E\n                \u003C\/li\u003E\n                    \u003C\/ul\u003E\n    \u003C\/div\u003E\n\n\n\u003Cscript\u003E\n    $(\u0027.tag-link\u0027).on(\u0027click\u0027, function () {\n        $(\u0027select\u0027).val(\u0027\u0027);\n        $(\u0027#km-slider\u0027).data(\u0022ionRangeSlider\u0022).reset();\n        $(\u0027#money-slider\u0027).data(\u0022ionRangeSlider\u0022).reset();\n        $(\u0027.check-wrap i\u0027).addClass(\u0027hidden\u0027);\n        $(\u0027.check-wrap input\u0027).prop(\u0027checked\u0027, false);\n        searchVehicles();\n    });\n\n    $(\u0027.btn-mention-legale\u0027).on(\u0022click\u0022, function () {\n        var vehicleId = $(this).attr(\u0027data-vehicleId\u0027);\n        $.ajax({\n            type: \u0027POST\u0027,\n            url: \u0022\/vivafi\/mention-legale \u0022,\n            data: {\n                vehicleId: vehicleId\n            },\n            complete: function (data) {\n                $(\u0027.modal-backdrop\u0027).css(\u0027z-index\u0027, \u002799\u0027);\n                $(\u0027.body-mention-legale\u0027).html(data.responseText);\n            }\n        });\n    });\n\n    $(function () {\n        $(\u0027[data-toggle=\u0022tooltip\u0022]\u0027).tooltip()\n    });\n\u003C\/script\u003E","criterias":{"BRAND":"","MODEL":"","VERSION":"","BODY":"","ENERGY":"","TYPE":"","GEARBOX":"","PRIX":"0 \u20ac - 0 \u20ac","KM":"0 km - 0 km"},"nbTotalVh":{"indexPage":1,"vehicles":[{"media":{},"brandName":"OPEL","model":"CORSA","id":2315,"tagName":"","hasTag":false,"equipementsVehicule":[{"id":0,"name":"1 port USB","option":false,"serie":true},{"id":1,"name":"3\u00e8me appui-t\u00eate AR","option":false,"serie":true},{"id":2,"name":"6 airbags frontaux, rideaux et lat\u00e9raux","option":false,"serie":true},{"id":3,"name":"6 HP","option":false,"serie":true},{"id":4,"name":"Aide actif au maintien dans la voie","option":false,"serie":true},{"id":5,"name":"Aide au d\u00e9marrage en c\u00f4te","option":false,"serie":true},{"id":6,"name":"Alerte anti-somnolence","option":false,"serie":true},{"id":7,"name":"Alerte de sous-gonflage des pneumatiques","option":false,"serie":true},{"id":8,"name":"C\u00e2ble Mode 2 - 3,7 kW Green Up","option":false,"serie":true},{"id":9,"name":"Chargeur embarqu\u00e9 monophas\u00e9 7,4 kW","option":false,"serie":true},{"id":10,"name":"Climatisation automatique mono-zone","option":false,"serie":true},{"id":11,"name":"D\u00e9marrage sans cl\u00e9","option":false,"serie":true},{"id":12,"name":"Ecran d\u0027instrumentation 100 % digitale de 7\u0027\u0027","option":false,"serie":true},{"id":13,"name":"Frein \u00e0 main \u00e9lectrique","option":false,"serie":true},{"id":14,"name":"Jantes acier 16\u0027\u0027 avec enjoliveurs de roue","option":false,"serie":true},{"id":15,"name":"Kit anti-crevaison","option":false,"serie":true},{"id":16,"name":"Ligne de vitrage noire","option":false,"serie":true},{"id":17,"name":"Module Opel Connect","option":false,"serie":true},{"id":18,"name":"pack city 180\u00b0","option":true,"serie":false},{"id":19,"name":"PACK STYLE NOIR","option":true,"serie":false},{"id":20,"name":"Pack Visibilit\u00e9","option":false,"serie":true},{"id":21,"name":"Pare-soleils avec miroir de courtoisie c\u00f4t\u00e9 passager","option":false,"serie":true},{"id":22,"name":"Peinture Opaque Blanc Banquise","option":true,"serie":false},{"id":23,"name":"Phares halog\u00e8nes + Pack Visibilit\u00e9","option":false,"serie":true},{"id":24,"name":"Poign\u00e9es de portes int\u00e9rieures chrom\u00e9es","option":false,"serie":true},{"id":25,"name":"Reconnaissance des panneaux de signalisation am\u00e9lior\u00e9e","option":false,"serie":true},{"id":26,"name":"R\u00e9gulateur \/ limiteur de vitesse","option":false,"serie":true},{"id":27,"name":"R\u00e9troviseur ext\u00e9rieurs peints en noir","option":false,"serie":true},{"id":28,"name":"R\u00e9troviseurs ext\u00e9rieurs d\u00e9givrants \u00e0 r\u00e9glage \u00e9lectrique","option":false,"serie":true},{"id":29,"name":"Si\u00e8ge conducteur r\u00e9glable dans 6 directions","option":false,"serie":true},{"id":30,"name":"Si\u00e8ge passager AV r\u00e9glable dans 4 positions","option":false,"serie":true},{"id":31,"name":"SIEGES AVANT CHAUFFANTS","option":true,"serie":false},{"id":32,"name":"Syst\u00e8me Isofix aux places AR","option":false,"serie":true},{"id":33,"name":"Syt\u00e8me anti-collision \u00e0 basse vitesse et d\u00e9tection des pi\u00e9tons","option":false,"serie":true},{"id":34,"name":"Toit couleur carrosserie","option":false,"serie":true},{"id":35,"name":"Verrouillage centralis\u00e9 avec t\u00e9l\u00e9commande","option":false,"serie":true},{"id":36,"name":"Vitres AR manuelles","option":false,"serie":true},{"id":37,"name":"Vitres AV \u00e9lectriques avec fonction anti-pincement","option":false,"serie":true}],"year":2023,"kilometers":5000,"energy":"Electrique","version":"Corsa Electrique 136 ch \u0026 Batterie 50 kWh","storedPlace":"Chanteloup-en-Brie(77)","price":32300,"loaEcheanceAvecAssurance":495.98,"gearbox":"Automatique"},{"media":{},"brandName":"CITROEN","model":"C3","id":2663,"tagName":"","hasTag":false,"equipementsVehicule":[{"id":0,"name":"ABS avec REF, AFU et ESP","option":false,"serie":true},{"id":1,"name":"Acc\u00e8s et d\u00e9marrage mains libres","option":true,"serie":false},{"id":2,"name":"Acc\u00e8s et d\u00e9marrage mains libres","option":true,"serie":false},{"id":3,"name":"Aide au d\u00e9marrage en pente","option":false,"serie":true},{"id":4,"name":"Aide au stationnement AR","option":false,"serie":true},{"id":5,"name":"Airbags frontaux AV, lat\u00e9raux AV et rideaux","option":false,"serie":true},{"id":6,"name":"Airbump Black avec g\u00e9lule Blanc Banquise","option":false,"serie":true},{"id":7,"name":"Bandeau de planche de bord Noir Brillant","option":false,"serie":true},{"id":8,"name":"Banquette AR fractionnable 2\/3 - 1\/3","option":false,"serie":true},{"id":9,"name":"BLEU","option":true,"serie":false},{"id":10,"name":"Climatisation automatique","option":false,"serie":true},{"id":11,"name":"Condamnation centralis\u00e9e avec PLIP","option":false,"serie":true},{"id":12,"name":"Coques de r\u00e9troviseurs couleur pavillon","option":false,"serie":true},{"id":13,"name":"D\u00e9cors ext\u00e9rieurs Noir Brillant","option":false,"serie":true},{"id":14,"name":"D\u00e9tection de sous-gonflage","option":false,"serie":true},{"id":15,"name":"Direction assist\u00e9e","option":false,"serie":true},{"id":16,"name":"Elargisseurs d\u0027ailes et bas de caisse Noir Mat","option":false,"serie":true},{"id":17,"name":"Feux diurnes \u00e0 LED","option":false,"serie":true},{"id":18,"name":"Garnissage tissu Galena Grey- Ambiance Emeraude + Si\u00e8ges Advanced Comfort","option":true,"serie":false},{"id":19,"name":"Garnissage tissu Mica Grey","option":false,"serie":true},{"id":20,"name":"Jantes alliage 16\u0022 MATRIX Diamant\u00e9es","option":false,"serie":true},{"id":21,"name":"Kit de d\u00e9pannage provisoire de pneumatiques","option":false,"serie":true},{"id":22,"name":"Kit mains libres Bluetooth et prise USB","option":false,"serie":true},{"id":23,"name":"L\u00e8ve-vitres AR \u00e9lectriques et s\u00e9quentiels","option":true,"serie":false},{"id":24,"name":"L\u00e8ve-vitres AV s\u00e9quentiels","option":false,"serie":true},{"id":25,"name":"MyCitro\u00ebn Play Mirror Screen, Syst\u00e8me audio num\u00e9rique MP3 6 HP (DAB), Tablette tactile 7\u0027\u0027","option":false,"serie":true},{"id":26,"name":"Pack Color Noir","option":false,"serie":true},{"id":27,"name":"Pack Safety - Active Safety Brake (Freinage automatique d\u0027urgence)  - Alerte active de Franchissement Involontaire de Ligne  - Alerte Attention Conducteur  - Reconnaissance des panneaux de signalisation  - R\u00e9gulateur-limiteur de vitesse","option":false,"serie":true},{"id":28,"name":"Pack Visibilit\u00e9","option":false,"serie":true},{"id":29,"name":"Poign\u00e9es de portes ext\u00e9rieures couleur caisse","option":false,"serie":true},{"id":30,"name":"Pr\u00e9disposition pour roue de secours","option":true,"serie":false},{"id":31,"name":"Pr\u00e9disposition pour roue de secours","option":true,"serie":false},{"id":32,"name":"Projecteurs antibrouillard","option":false,"serie":true},{"id":33,"name":"Projecteurs LED","option":false,"serie":true},{"id":34,"name":"R\u00e9gulateur-limiteur de vitesse","option":false,"serie":true},{"id":35,"name":"R\u00e9troviseurs ext\u00e9rieurs \u00e9lectriques et d\u00e9givrants","option":false,"serie":true},{"id":36,"name":"R\u00e9troviseurs ext\u00e9rieurs rabattables \u00e9lectriquement","option":false,"serie":true},{"id":37,"name":"Si\u00e8ge conducteur r\u00e9glable en hauteur","option":false,"serie":true},{"id":38,"name":"Suppression de l\u0027Aide au stationnement arri\u00e8re - m","option":true,"serie":false},{"id":39,"name":"Syst\u00e8me Stop \u0026 Start","option":false,"serie":true},{"id":40,"name":"Teinte de caisse m\u00e9tallis\u00e9e Gris Acier","option":true,"serie":false},{"id":41,"name":"Teinte de caisse nacr\u00e9e","option":true,"serie":false},{"id":42,"name":"Teinte de caisse nacr\u00e9e bi-ton","option":true,"serie":false},{"id":43,"name":"Vitres et lunette AR surteint\u00e9es","option":false,"serie":true},{"id":44,"name":"Volant r\u00e9glable en hauteur et en profondeur","option":false,"serie":true}],"year":2023,"kilometers":8500,"energy":"Essence","version":"C3 PureTech 110 S\u0026S BVM6","storedPlace":"Provins(77)","price":18780,"loaEcheanceAvecAssurance":289.42,"gearbox":"Manuelle"},{"media":{},"brandName":"CITROEN","model":"C4","id":3438,"tagName":"","hasTag":false,"equipementsVehicule":[{"id":0,"name":"2 prises USB au rang 1 (1 type C + 1 type A)","option":false,"serie":true},{"id":1,"name":"2 prises USB au rang 2 (1 type C + 1 type A)","option":false,"serie":true},{"id":2,"name":"ABS avec REF, AFU et ESP","option":false,"serie":true},{"id":3,"name":"Accoudoir central AR avec trappe \u00e0 skis","option":false,"serie":true},{"id":4,"name":"A\u00e9rateurs centraux en rang 2","option":false,"serie":true},{"id":5,"name":"Affichage t\u00eate haute couleur","option":false,"serie":true},{"id":6,"name":"Aide au d\u00e9marrage en pente","option":false,"serie":true},{"id":7,"name":"Aide au stationnement AR","option":false,"serie":true},{"id":8,"name":"Airbags frontaux AV, lat\u00e9raux AV et rideaux","option":false,"serie":true},{"id":9,"name":"Allumage automatique des feux de croisement","option":false,"serie":true},{"id":10,"name":"Avertisseur sonore pi\u00e9ton","option":false,"serie":true},{"id":11,"name":"Banquette AR fractionnable 2\/3 - 1\/3","option":false,"serie":true},{"id":12,"name":"C\u00e2ble de recharge Mode 3 triphas\u00e9 3x32A pour prise de charge T2, longueur 6 m\u00e8tres","option":false,"serie":true},{"id":13,"name":"C\u00e2ble de recharge publique 100kW (CCS2\/DC)","option":false,"serie":true},{"id":14,"name":"Cam\u00e9ra de recul","option":false,"serie":true},{"id":15,"name":"Chargeur embarqu\u00e9 11kW triphas\u00e9","option":true,"serie":false},{"id":16,"name":"Chargeur embarqu\u00e9 11kW triphas\u00e9","option":true,"serie":false},{"id":17,"name":"Chargeur embarqu\u00e9 7.4 kW monophas\u00e9","option":false,"serie":true},{"id":18,"name":"Climatisation automatique bizone avec pompe \u00e0 chaleur","option":false,"serie":true},{"id":19,"name":"Combin\u00e9 num\u00e9rique couleur avec r\u00e9tro-\u00e9clairage","option":false,"serie":true},{"id":20,"name":"Commutation automatique des feux de route","option":false,"serie":true},{"id":21,"name":"Console centrale haute avec rangements et accoudoir","option":false,"serie":true},{"id":22,"name":"Coques de r\u00e9troviseurs ext\u00e9rieurs Noir Brillant","option":false,"serie":true},{"id":23,"name":"D\u00e9cor Bleu sur les panneaux int\u00e9rieurs de porte","option":false,"serie":true},{"id":24,"name":"D\u00e9tection de sous-gonflage","option":false,"serie":true},{"id":25,"name":"Elargisseurs d\u0027aile et bas de caisse Noir Mat","option":false,"serie":true},{"id":26,"name":"e-Solutions Charging","option":false,"serie":true},{"id":27,"name":"Essuie-vitre AV automatique","option":false,"serie":true},{"id":28,"name":"Feux diurnes \u00e0 LED","option":false,"serie":true},{"id":29,"name":"Frein de stationnement \u00e9lectrique automatique","option":false,"serie":true},{"id":30,"name":"Garnissage Alcantara Gris Wind \/ Textile effet cuir Noir Ambiance Alcantara Grey + Si\u00e8ges Advanced Comfort","option":false,"serie":true},{"id":31,"name":"GRISNOIR","option":true,"serie":false},{"id":32,"name":"HiFi System","option":true,"serie":false},{"id":33,"name":"HiFi System 8 HP + voie centrale + caisson de basse","option":true,"serie":false},{"id":34,"name":"Highway Driver Assist","option":false,"serie":true},{"id":35,"name":"Jantes alliage 18\u0022 CROSSLIGHT Diamant\u00e9es","option":false,"serie":true},{"id":36,"name":"Jupe AR Noir Brilliant","option":false,"serie":true},{"id":37,"name":"Kit de d\u00e9pannage provisoire de pneumatiques","option":false,"serie":true},{"id":38,"name":"Kit Mains Libres Bluetooth","option":false,"serie":true},{"id":39,"name":"L\u00e8ve-vitres AV et AR \u00e9lectriques et s\u00e9quentiels","option":false,"serie":true},{"id":40,"name":"My Citro\u00ebn Assist: Citro\u00ebn Connect Box avec Pack SOS et assistance inclus","option":false,"serie":true},{"id":41,"name":"My Citro\u00ebn Drive\u0022: Citro\u00ebn Connect Nav num\u00e9rique sur tablette tactile 10\u0027\u0027 comprend le syst\u00e8me de navigation TomTom, la reconnaissance vocale et durant 3 ans les services Connect Nav (inclut les services \u00ab Zones de danger \u00bb, \u00ab Info Trafic \u00bb, \u00ab Stations-service \u00bb, \u00ab Parkings \u00bb, \u00ab M\u00e9t\u00e9o \u00bb et \u00ab Recherche locale \u00bb).","option":false,"serie":true},{"id":42,"name":"My Citro\u00ebn Play - Mirror Screen sans fils, compatible Android Auto et Apple CarPlay, Syst\u00e8me audio num\u00e9rique (DAB) MP3 6 HP,Tablette tactile 10\u0022","option":false,"serie":true},{"id":43,"name":"Pack Color Anodised Blue","option":false,"serie":true},{"id":44,"name":"Pack Drive Assist","option":false,"serie":true},{"id":45,"name":"Pack Drive Assist+","option":false,"serie":true},{"id":46,"name":"Pack Grand Froid","option":true,"serie":false},{"id":47,"name":"Pack Grand Froid","option":true,"serie":false},{"id":48,"name":"Pack Park Assist 360","option":true,"serie":false},{"id":49,"name":"Pack Safety","option":false,"serie":true},{"id":50,"name":"Pack Safety 2","option":false,"serie":true},{"id":51,"name":"Pack Style","option":false,"serie":true},{"id":52,"name":"Plancher de coffre \u00e0 2 positions","option":false,"serie":true},{"id":53,"name":"Poche aumoni\u00e8re au dos des si\u00e8ges AV","option":false,"serie":true},{"id":54,"name":"Poign\u00e9es de portes ext\u00e9rieures couleur caisse","option":false,"serie":true},{"id":55,"name":"Pr\u00e9conditionnement thermique","option":false,"serie":true},{"id":56,"name":"Prise 12 V en rang 1","option":false,"serie":true},{"id":57,"name":"Projecteurs antibrouillard LED avec \u00e9clairage statique d\u0027intersection","option":false,"serie":true},{"id":58,"name":"Projecteurs LED avec signature lumineuse en V","option":false,"serie":true},{"id":59,"name":"Recharge sans fil pour smartphone","option":true,"serie":false},{"id":60,"name":"Recharge sans fil pour smartphone","option":true,"serie":false},{"id":61,"name":"R\u00e9troviseur int\u00e9rieur \u00e9lectrochrome","option":false,"serie":true},{"id":62,"name":"R\u00e9troviseurs ext\u00e9rieurs \u00e9lectriques et d\u00e9givrants","option":false,"serie":true},{"id":63,"name":"R\u00e9troviseurs ext\u00e9rieurs rabattables \u00e9lectriquement avec \u00e9clairage accompagnement","option":false,"serie":true},{"id":64,"name":"Si\u00e8ge conducteur avec r\u00e9glage lombaire et accoudoir","option":false,"serie":true},{"id":65,"name":"Si\u00e8ge conducteur r\u00e9glable en hauteur","option":false,"serie":true},{"id":66,"name":"Si\u00e8ge passager r\u00e9glable en hauteur","option":false,"serie":true},{"id":67,"name":"Si\u00e8ges Advanced Comfort","option":false,"serie":true},{"id":68,"name":"Si\u00e8ges AV chauffants","option":false,"serie":true},{"id":69,"name":"Smart Pad Support Citroen","option":false,"serie":true},{"id":70,"name":"Suppression du D\u00e9cor Bleu sur les panneaux int\u00e9rieurs de porte","option":true,"serie":false},{"id":71,"name":"Surtapis AV et AR","option":false,"serie":true},{"id":72,"name":"Suspension Citro\u00ebn Advanced Comfort","option":false,"serie":true},{"id":73,"name":"Syst\u00e8me audio num\u00e9rique (DAB) MP3 6 HP","option":false,"serie":true},{"id":74,"name":"Teinte de caisse m\u00e9tallis\u00e9e Gris Platinium","option":true,"serie":false},{"id":75,"name":"Teinte de caisse nacr\u00e9e","option":true,"serie":false},{"id":76,"name":"Tiroir de planche de bord","option":false,"serie":true},{"id":77,"name":"Volant chauffant","option":false,"serie":true},{"id":78,"name":"Volant cuir pleine fleur","option":false,"serie":true},{"id":79,"name":"Volant r\u00e9glable en hauteur et en profondeur","option":false,"serie":true}],"year":2023,"kilometers":14152,"energy":"Electrique","version":"e-C4 136 ch Automatique","storedPlace":"Provins(77)","price":29490,"loaEcheanceAvecAssurance":452.91,"gearbox":"Automatique"},{"media":{},"brandName":"CITROEN","model":"E-JUMPY FOURGON","id":6365,"tagName":"","hasTag":false,"equipementsVehicule":[{"id":0,"name":"ABS, AFU, ASR et ESP avec aide au d\u00e9marrage en pente","option":false,"serie":true},{"id":1,"name":"Aide au stationnement AR","option":false,"serie":true},{"id":2,"name":"Airbags frontaux conducteur et passager","option":false,"serie":true},{"id":3,"name":"Allumage automatique des feux de croisement et des essuie-vitres AV","option":false,"serie":true},{"id":4,"name":"Anneaux d\u0027arrimage 6 r\u00e9partis uniform\u00e9ment sur la zone de chargement","option":false,"serie":true},{"id":5,"name":"Banquette Passager 2 Places avec Appuis-T\u00eates R\u00e9gl","option":true,"serie":false},{"id":6,"name":"Banquette passager 2 places avec appuis-t\u00eates r\u00e9glables en hauteur avec rangement sous assise","option":false,"serie":true},{"id":7,"name":"Boucliers, Poign\u00e9es de portes ext\u00e9rieures, Enjoliveur(s) de rail de porte lat\u00e9rale coulissante Baguettes lat\u00e9rales et Coques de r\u00e9troviseurs ext\u00e9rieurs teint\u00e9s masse","option":false,"serie":true},{"id":8,"name":"C\u00e2ble de recharge Mode 3 pour prise de charge T2 32 A (monophas\u00e9), longueur 6 m","option":false,"serie":true},{"id":9,"name":"Chargeur embarqu\u00e9 11 kW triphas\u00e9","option":true,"serie":false},{"id":10,"name":"Chargeur embarqu\u00e9 7,4 kW monophas\u00e9","option":false,"serie":true},{"id":11,"name":"Climatisation manuelle r\u00e9gul\u00e9e en temp\u00e9rature","option":false,"serie":true},{"id":12,"name":"Cloison pleine t\u00f4l\u00e9e","option":false,"serie":true},{"id":13,"name":"Combin\u00e9 num\u00e9rique LCD noir et blanc","option":false,"serie":true},{"id":14,"name":"Commandes radio au volant","option":false,"serie":true},{"id":15,"name":"Connectivit\u00e9 via BTA (appel d\u0027urgence et d\u0027assistance localis\u00e9es + offres services connect\u00e9s) SOS \u0026 Assistance : Appel d\u0027urgence automatique ou manuel par push SOS, et mise en relation directe avec la plateforme d\u0027assistance CITRO\u00cbN (24h\/24-7j\/7)Teleservices : D\u00e9tection du besoin d\u0027une intervention technique ou d\u0027une op\u00e9ration d\u0027entretien p\u00e9riodique et transmission au r\u00e9seau CITRO\u00cbN pour prise de rendez-vous (Pack Connect One pendant 10 ans)","option":false,"serie":true},{"id":16,"name":"D\u00e9tection de sous-gonflage indirecte","option":false,"serie":true},{"id":17,"name":"Freinage r\u00e9g\u00e9n\u00e9ratif (3 modes) avec gestion par palettes au volant","option":false,"serie":true},{"id":18,"name":"Frein de stationnement \u00e9lectrique","option":false,"serie":true},{"id":19,"name":"GRIS","option":true,"serie":false},{"id":20,"name":"Jantes t\u00f4le 16\u0022 grises avec cabochon noir","option":false,"serie":true},{"id":21,"name":"Jeu de clefs: 2 plips HF 3 boutons avec fonction selectivit\u00e9","option":false,"serie":true},{"id":22,"name":"Kit de regonflage pneumatiques (Compresseur 12V + Cartouche de produit de colmatage)","option":false,"serie":true},{"id":23,"name":"L\u00e8ve-vitres AV \u00e9lectriques impulsionnels","option":false,"serie":true},{"id":24,"name":"METAL.VERNIS","option":true,"serie":false},{"id":25,"name":"Pack Assistance \u00e0 la Conduite","option":true,"serie":false},{"id":26,"name":"Pack Confort","option":true,"serie":false},{"id":27,"name":"Pack Look Ext\u00e9rieur","option":true,"serie":false},{"id":28,"name":"Pack Premium Connect","option":true,"serie":false},{"id":29,"name":"Pack S\u00e9curit\u00e9 Freinage automatique d\u0027urgence avec alerte risque de collision,  Assistance au maintien dans la voie,   Commutation automatique des feux de route,  D\u00e9tection inattention conducteur   Reconnaissance des panneaux de vitesse et recommandation","option":false,"serie":true},{"id":30,"name":"Panneaux de garniture de type Isorel en rang 2 et 3","option":false,"serie":true},{"id":31,"name":"Pare-brise feuillet\u00e9 acoustique","option":false,"serie":true},{"id":32,"name":"Plancher bois anti-d\u00e9rapant 9 mm avec baguette alu","option":true,"serie":false},{"id":33,"name":"Porte lat\u00e9rale coulissante droite","option":false,"serie":true},{"id":34,"name":"Portes AR battantes 50\/50 t\u00f4l\u00e9es \u00e0 ouverture \u00e0 180\u00b0","option":false,"serie":true},{"id":35,"name":"Prise 12V (1200 W max) dans la bo\u00eete \u00e0 gants","option":false,"serie":true},{"id":36,"name":"Projecteurs full LED avec feux diurnes \u00e0 LED int\u00e9g","option":true,"serie":false},{"id":37,"name":"Projecteurs halog\u00e8ne (H15) avec feux diurnes int\u00e9gr\u00e9s","option":false,"serie":true},{"id":38,"name":"Radio DAB Bluetooth avec \u00e9cran tactile 5\u0027\u0027 monochrome + 4 HP (2 tweeters + 2 woofers) + 1 prise USB-A","option":false,"serie":true},{"id":39,"name":"R\u00e9gulateur - limiteur de vitesse","option":false,"serie":true},{"id":40,"name":"R\u00e9troviseurs ext\u00e9rieurs \u00e9lectriques et d\u00e9givrants","option":false,"serie":true},{"id":41,"name":"Rev\u00eatement de sol TPO dans l\u0027habitacle","option":false,"serie":true},{"id":42,"name":"Roue de Secours Homog\u00e8ne","option":true,"serie":false},{"id":43,"name":"Sellerie Tissu bi-ton noir-gris","option":false,"serie":true},{"id":44,"name":"Si\u00e8ge conducteur individuel avec appui-t\u00eate r\u00e9glable en hauteur et avec accoudoir R\u00e9glage : longueur, inclinaison, r\u00e9hausse et lombaire","option":false,"serie":true},{"id":45,"name":"Teinte de caisse opaque","option":false,"serie":true},{"id":46,"name":"Volant r\u00e9glable en hauteur et en profondeur","option":false,"serie":true}],"year":2024,"kilometers":618,"energy":"Electrique","version":"E-JUMPY FGN M 100 KW (136 CH) BATTERIE 50 KWH","storedPlace":"Provins(77)","price":62090,"loaEcheanceAvecAssurance":950.93,"gearbox":"Automatique"},{"media":{},"brandName":"PEUGEOT","model":"EXPERT FOURGON","id":7645,"tagName":"","hasTag":false,"equipementsVehicule":[{"id":0,"name":"6 anneaux d\u0027arrimage r\u00e9partis uniform\u00e9ment sur la zone de chargement","option":false,"serie":true},{"id":1,"name":"ABS, AFU, ASR, ESP avec aide au d\u00e9marrage en pente","option":false,"serie":true},{"id":2,"name":"Airbags frontaux conducteur et passager","option":false,"serie":true},{"id":3,"name":"Allumage automatique feux de croisement et des essuie-vitres AV","option":false,"serie":true},{"id":4,"name":"Banquette passager 2 places avec appuis-t\u00eates r\u00e9glables en hauteur avec fonction Moduwork Le Moduwork contient la tablette \u00e9critoire, le rangement sous assise centrale, le si\u00e8ge lat\u00e9ral droit relevable (+0,5 m3) et la trappe de charge longue sous banquette passagers (+1,16 m).","option":true,"serie":false},{"id":5,"name":"Banquette passager 2 places avec appuis-t\u00eates r\u00e9glables en hauteur avec rangement sous assise","option":false,"serie":true},{"id":6,"name":"Boucliers AV et AR teint\u00e9s masse","option":false,"serie":true},{"id":7,"name":"C\u00e2ble de recharge Mode 3 pour prise de charge T2 32 A (monophas\u00e9). Longueur 6 m\u00e8tre","option":false,"serie":true},{"id":8,"name":"Chargeur embarqu\u00e9 11 KW triphas\u00e9","option":true,"serie":false},{"id":9,"name":"Chargeur embarqu\u00e9 7,4 kW monophas\u00e9","option":false,"serie":true},{"id":10,"name":"Climatisation manuelle r\u00e9gul\u00e9e en temp\u00e9rature","option":false,"serie":true},{"id":11,"name":"Cloison pleine t\u00f4l\u00e9e","option":false,"serie":true},{"id":12,"name":"Combin\u00e9 num\u00e9rique LCD noir et blanc","option":false,"serie":true},{"id":13,"name":"Commande e-Toggle et palettes au volant pour gestion freinage r\u00e9cup\u00e9ratif","option":false,"serie":true},{"id":14,"name":"Commandes radio au volant","option":false,"serie":true},{"id":15,"name":"Connectivit\u00e9 via BTA (appel d\u0027urgence et d\u0027assistance localis\u00e9es + offres services connect\u00e9s)","option":false,"serie":true},{"id":16,"name":"D\u00e9tection de sous-gonflage indirecte","option":false,"serie":true},{"id":17,"name":"Frein de stationnement \u00e9lectrique","option":false,"serie":true},{"id":18,"name":"Garnissage Tissu bi-ton noir-gris","option":false,"serie":true},{"id":19,"name":"Jeu de clefs : 2 plips HF 3 boutons avec fonction s\u00e9lectivit\u00e9","option":false,"serie":true},{"id":20,"name":"Kit de regonflage pneumatiques (Compresseur 12 V + Cartouche de produit de colmatage).","option":false,"serie":true},{"id":21,"name":"L\u00e8ve vitres AV \u00e9lectriques impulsionnels","option":false,"serie":true},{"id":22,"name":"Pack Assistance \u00e0 la conduite - ACC Stop\u0026Go : R\u00e9gulateur de vitesse automatique avec fonction Stop\u0026Go  - Frein de parking \u00e9lectrique et Volant cuir chauffant","option":true,"serie":false},{"id":23,"name":"Pack Confort Bo\u00eete \u00e0 gant inf\u00e9rieur ferm\u00e9e et rangement central sup\u00e9rieur ferm\u00e9, Chargeur sans fil, Climatisation automatique, Frein de parking \u00e9lectrique, Pack Easy: Acc\u00e8s et d\u00e9marrage mains libres, Pack Look Int\u00e9rieur: Panneaux de porte AV noirs Mistral avec baguette d\u00e9cor liquid Paladium et m\u00e9daillon en TEP, Projecteurs antibrouillard, R\u00e9troviseurs ext\u00e9rieurs rabattables \u00e9lectriquement, Volant cuir, Volant chauffant","option":true,"serie":false},{"id":24,"name":"Pack Look Ext\u00e9rieur","option":true,"serie":false},{"id":25,"name":"Pack Premium Connect - Navigation 3D connect\u00e9e avec reconnaissance vocale, \u00e9cran tactile capacitif 10\u0027\u0027 HD et Mirror Screen  - VisioPark1 (vue z\u00e9nithale AR \u00e0 180\u00b0) avec affichage sur \u00e9cran tactile en marcher AR + aide au stationnement AV et AR + d\u00e9tection d\u0027angles morts  - Combin\u00e9 num\u00e9rique 10\u0027\u0027  - Projecteurs antibrouillard   - R\u00e9gulateur de vitesse programmable  - R\u00e9troviseurs ext\u00e9rieurs rabattables \u00e9lectriquement","option":true,"serie":false},{"id":26,"name":"Pack S\u00e9curit\u00e9","option":false,"serie":true},{"id":27,"name":"Panneaux de garniture de type Isorel en rang 2 et 3","option":false,"serie":true},{"id":28,"name":"Pare-brise feuillet\u00e9 acoustique athermique","option":false,"serie":true},{"id":29,"name":"Peinture Metallisee Gris Artense","option":true,"serie":false},{"id":30,"name":"Plancher bois anti-d\u00e9rapant 9 mm avec baguette aluminium","option":true,"serie":false},{"id":31,"name":"Porte lat\u00e9rale coulissante droite","option":false,"serie":true},{"id":32,"name":"Portes AR battantes t\u00f4l\u00e9es 50\/50 \u00e0 ouverture \u00e0 180\u00b0 avec verrou sur porte gauche uniquement","option":false,"serie":true},{"id":33,"name":"Prise 12V (1200 W max) dans la bo\u00eete \u00e0 gants","option":false,"serie":true},{"id":34,"name":"Projecteurs full LED avec feux diurnes \u00e0 LED","option":true,"serie":false},{"id":35,"name":"Projecteurs H15 avec feux diurnes \u00e0 lampes","option":false,"serie":true},{"id":36,"name":"Radio RCE (DAB), \u00e9cran 5\u0027\u0027 monochrome tactile (2HP + 2 tweeters) + Bluetooth+ 1 prise USB","option":false,"serie":true},{"id":37,"name":"R\u00e9gulateur limiteur de vitesse","option":false,"serie":true},{"id":38,"name":"R\u00e9troviseurs ext\u00e9rieurs \u00e9lectriques et chauffants","option":false,"serie":true},{"id":39,"name":"Rev\u00eatement de sol TPO dans l\u0027habitacle","option":false,"serie":true},{"id":40,"name":"Roue de secours homog\u00e8ne (jante t\u00f4le noire)","option":true,"serie":false},{"id":41,"name":"Roues t\u00f4les peintes grises 16\u0022 avec cabochon noir","option":false,"serie":true},{"id":42,"name":"Si\u00e8ge conducteur individuel avec appui-t\u00eate r\u00e9glable en hauteur et avec accoudoir R\u00e9glage : longueur, inclinaison, r\u00e9hausse et lombaire","option":false,"serie":true},{"id":43,"name":"Teinte opaque","option":false,"serie":true},{"id":44,"name":"Volant r\u00e9glable en hauteur et en profondeur","option":false,"serie":true}],"year":2024,"kilometers":8786,"energy":"Electrique","version":"EXPERT FGN M ELECTRIQUE 100KWH 136CH BATTERIE 50 KWH","storedPlace":"Coulommiers(77)","price":37980,"loaEcheanceAvecAssurance":583.34,"gearbox":"Automatique"},{"media":{},"brandName":"PEUGEOT","model":"2008","id":2610,"tagName":"","hasTag":false,"equipementsVehicule":[{"id":0,"name":"2 prises USB (Recharge type A) sur console haute pour passagers AR","option":false,"serie":true},{"id":1,"name":"4 poign\u00e9es de maintien (2 \u00e0 l\u0027AV et 2 \u00e0 l\u0027AR)","option":false,"serie":true},{"id":2,"name":"6 haut-parleurs (2 tweeters et 2 woofers \u00e0 l\u0027AV et 2 haut-parleurs \u00e0 l\u0027AR)","option":false,"serie":true},{"id":3,"name":"Aide au d\u00e9marrage en pente","option":false,"serie":true},{"id":4,"name":"Aide graphique et sonore au stationnement AR","option":false,"serie":true},{"id":5,"name":"Airbags- frontaux auto-adaptatifs, lat\u00e9raux AV (thorax et abdominaux), rideaux AV","option":false,"serie":true},{"id":6,"name":"Air conditionn\u00e9 automatique monozone","option":false,"serie":true},{"id":7,"name":"Allumage automatique des feux de croisement","option":false,"serie":true},{"id":8,"name":"Appuis-t\u00eate r\u00e9glables en hauteur AV (X2) et AR (X3)","option":false,"serie":true},{"id":9,"name":"Avertisseur de temps de conduite","option":false,"serie":true},{"id":10,"name":"Banquette rabattable 1\/3 - 2\/3","option":false,"serie":true},{"id":11,"name":"Barres de toit longitudinales Noir Brillant","option":false,"serie":true},{"id":12,"name":"Becquet AR couleur caisse","option":false,"serie":true},{"id":13,"name":"C\u00e2ble \u00e9lectrique mode 3 triphas\u00e9 22 kW","option":false,"serie":true},{"id":14,"name":"Calandre avec grille sup\u00e9rieure noir grain\u00e9e et marquage horizontal couleur caisse, grille inf\u00e9rieur avec d\u00e9cor M\u00e9tallure, enjoliveur sup\u00e9rieur couleur caisse","option":false,"serie":true},{"id":15,"name":"Canule d\u0027echappement chrom\u00e9e","option":false,"serie":true},{"id":16,"name":"Chargeur embarqu\u00e9 7,4 kW monophas\u00e9","option":false,"serie":true},{"id":17,"name":"Commande d\u0027ouverture ext\u00e9rieure couleur caisse","option":false,"serie":true},{"id":18,"name":"Commandes d\u0027ouverture int\u00e9rieure de portes chrom\u00e9es","option":false,"serie":true},{"id":19,"name":"Console haute avec accoudoir int\u00e9gr\u00e9","option":false,"serie":true},{"id":20,"name":"Coques de r\u00e9troviseurs ext\u00e9rieurs avec r\u00e9p\u00e9titeurs lat\u00e9raux \u00e0 LED","option":false,"serie":true},{"id":21,"name":"Coques de r\u00e9troviseurs ext\u00e9rieurs Noir Brillant","option":false,"serie":true},{"id":22,"name":"D\u00e9marrage mains libres","option":false,"serie":true},{"id":23,"name":"D\u00e9tection de sous-gonflage indirecte","option":false,"serie":true},{"id":24,"name":"Direction assist\u00e9e \u00e9lectrique","option":false,"serie":true},{"id":25,"name":"Eclairage de coffre \u00e0 ampoule","option":false,"serie":true},{"id":26,"name":"Eclairage ext\u00e9rieur d\u0027accueil et d\u0027accompagnement","option":false,"serie":true},{"id":27,"name":"Eclairage int\u00e9rieur \u00e0 LED","option":false,"serie":true},{"id":28,"name":"Enjoliveurs de custode Noir Brillant","option":false,"serie":true},{"id":29,"name":"Enjoliveurs de seuil de coffre M\u00e9tallure","option":false,"serie":true},{"id":30,"name":"Essuie-vitre AV \u00e0 d\u00e9clenchement automatique","option":false,"serie":true},{"id":31,"name":"Feux AR 3 griffes \u00e0 LED","option":false,"serie":true},{"id":32,"name":"Feux diurnes \u00e0 LED sous projecteurs","option":false,"serie":true},{"id":33,"name":"Filets aum\u00f4ni\u00e8res au dos des si\u00e8ges AV","option":false,"serie":true},{"id":34,"name":"Fixations suivant norme ISOFIX et Top Tether avec \u00e9tiquettes de localisation aux places lat\u00e9rales AR","option":false,"serie":true},{"id":35,"name":"Fonction Bluetooth","option":false,"serie":true},{"id":36,"name":"Fonction DAB (Radio Num\u00e9rique Terrestre)","option":false,"serie":true},{"id":37,"name":"Fonctions Mirror Screen (Apple Carplay\/Android Auto)","option":false,"serie":true},{"id":38,"name":"Frein de stationnement \u00e9lectrique avec aide au d\u00e9marrage en pente et serrage automatique","option":false,"serie":true},{"id":39,"name":"Habitacle et ciel de pavillon noir","option":false,"serie":true},{"id":40,"name":"Jantes alliage 17\u0027\u0027 SALAMANCA diamant\u00e9es bi-tons Noir Onyx et vernis brillant, cabochons et vis Noir","option":false,"serie":true},{"id":41,"name":"Katana Noir Mat avec insert Noir Brillant et marquage \u0022e\u0022","option":false,"serie":true},{"id":42,"name":"Kit de d\u00e9pannage de pneumatique compresseur 12 V avec cartouche de produit de colmatage","option":false,"serie":true},{"id":43,"name":"L\u00e9cheurs de vitres lat\u00e9rales Noir Mat","option":false,"serie":true},{"id":44,"name":"L\u00e8ve-vitres AV et AR \u00e9lectriques s\u00e9quentiels avec antipincement","option":false,"serie":true},{"id":45,"name":"Pack Safety","option":false,"serie":true},{"id":46,"name":"Pare-brise teint\u00e9 acoustique","option":false,"serie":true},{"id":47,"name":"Passages de roues Noir Mat","option":false,"serie":true},{"id":48,"name":"PEUGEOT Connect SOS \u0026 Assistance et Telemaintenance","option":false,"serie":true},{"id":49,"name":"Peugeot i-Cockpit avec combin\u00e9 t\u00eate haute analogique TFT","option":false,"serie":true},{"id":50,"name":"Planche de bord slush et panneaux de portes AV avec d\u00e9cors aspect carbone et baguette Noir Brillant avec jonc chrom\u00e9","option":false,"serie":true},{"id":51,"name":"Plancher de coffre modulable 2 positions","option":false,"serie":true},{"id":52,"name":"Programme de Stabilit\u00e9 Electronique (ESC) avec ASR, ABS, REF, AFU, CDS et TSM","option":false,"serie":true},{"id":53,"name":"Projecteurs LED Technology, avec indicateurs de direction \u00e0 ampoules","option":false,"serie":true},{"id":54,"name":"Protections lat\u00e9rales de portes Noir grain\u00e9es avec inserts M\u00e9tallure","option":false,"serie":true},{"id":55,"name":"Radio avec \u00e9cran tactile capacitif 7\u0022 couleur, 2 prises USB console AV (1 Data Type A, 1 recharge type C)","option":false,"serie":true},{"id":56,"name":"R\u00e9gulateur \/ Limiteur de vitesse","option":false,"serie":true},{"id":57,"name":"R\u00e9troviseur int\u00e9rieur photosensible","option":false,"serie":true},{"id":58,"name":"R\u00e9troviseurs ext\u00e9rieurs d\u00e9givrants avec r\u00e9glage et rabattement \u00e9lectriques","option":false,"serie":true},{"id":59,"name":"S\u00e9lecteur mode de conduite","option":false,"serie":true},{"id":60,"name":"Sellerie Tri-mati\u00e8re Tissu COSY\/TEP, surpiq\u00fbres Blue Virtuel","option":false,"serie":true},{"id":61,"name":"Seuils de portes AV en inox avec marquage PEUGEOT Noir","option":false,"serie":true},{"id":62,"name":"Si\u00e8ge conducteur avec r\u00e9glage manuel en hauteur","option":false,"serie":true},{"id":63,"name":"Si\u00e8ge passager AV \u00e0 r\u00e9glage manuel en hauteur","option":false,"serie":true},{"id":64,"name":"Teinte sp\u00e9ciale Blanc Nacr\u00e9","option":true,"serie":false},{"id":65,"name":"Teinte sp\u00e9ciale Bleu Vertigo","option":true,"serie":false},{"id":66,"name":"Verrouillage automatique de tous les ouvrants en roulant","option":false,"serie":true},{"id":67,"name":"Visio Park 1","option":true,"serie":false},{"id":68,"name":"Vitres lat\u00e9rales AR et lunette AR chauffante temporis\u00e9e surteint\u00e9es","option":false,"serie":true},{"id":69,"name":"Volant compact multi-fonctions","option":false,"serie":true},{"id":70,"name":"Volant cro\u00fbte de cuir","option":false,"serie":true},{"id":71,"name":"Volant r\u00e9glable en hauteur et en profondeur","option":false,"serie":true}],"year":2023,"kilometers":13049,"energy":"Electrique","version":"2008 Electrique 136 ch","storedPlace":"Provins(77)","price":19980,"loaEcheanceAvecAssurance":307.79,"gearbox":"Automatique"},{"media":{},"brandName":"PEUGEOT","model":"3008","id":2247,"tagName":"","hasTag":false,"equipementsVehicule":[{"id":0,"name":"6 airbags (Frontaux adaptatifs, lat\u00e9raux AV, rideaux AV et AR)","option":false,"serie":true},{"id":1,"name":"Acc\u00e8s et d\u00e9marrage mains libres","option":false,"serie":true},{"id":2,"name":"Accoudoir central AV \u00e0 ouverture papillon, avec compartiment de rangement \u00e9clair\u00e9 et r\u00e9frig\u00e9rable","option":false,"serie":true},{"id":3,"name":"Air conditionn\u00e9 automatique bi-zone avec a\u00e9rateurs aux places AR","option":false,"serie":true},{"id":4,"name":"Appuis-t\u00eate \u00e0 s\u00e9curit\u00e9 optimis\u00e9e r\u00e9glables en hauteur (conducteur, passager et arri\u00e8re x3)","option":false,"serie":true},{"id":5,"name":"Avertisseur de temps de conduite","option":false,"serie":true},{"id":6,"name":"Avertisseur sonore audible depuis l\u0027ext\u00e9rieur pour la s\u00e9curit\u00e9 pi\u00e9tons","option":false,"serie":true},{"id":7,"name":"Badge \u0022HYBRID\u0022 sur ailes AV et volet de coffre","option":false,"serie":true},{"id":8,"name":"Banquette AR rabattable 1\/3 - 2\/3 avec accoudoir central, trappe \u00e0 skis et commandes de rabattement depuis le coffre","option":false,"serie":true},{"id":9,"name":"C\u00e2ble de recharge T2 mode 2 (10 A \/ 2,3 kW)","option":false,"serie":true},{"id":10,"name":"Calandre \u00e1 damiers chrom\u00e9s","option":false,"serie":true},{"id":11,"name":"Chargeur embarqu\u00e9 3,7 kW","option":false,"serie":true},{"id":12,"name":"Chargeur embarqu\u00e9 7,4 kW","option":true,"serie":false},{"id":13,"name":"Contr\u00f4le de la charge de la batterie \u00e0 distance","option":false,"serie":true},{"id":14,"name":"Coques de r\u00e9troviseurs ext\u00e9rieurs Noir Perla Nera","option":false,"serie":true},{"id":15,"name":"D\u00e9cors de planche de bord et panneaux de portes en maille \u0022Brumeo\u0022","option":false,"serie":true},{"id":16,"name":"D\u00e9tection de sous-gonflage indirecte","option":false,"serie":true},{"id":17,"name":"Direction assist\u00e9e \u00e9lectrique, colonne de direction r\u00e9glable en hauteur et profondeur (m\u00e9canique)","option":false,"serie":true},{"id":18,"name":"Enjoliveur d\u0027arc de pavillon en Inox Brillant","option":false,"serie":true},{"id":19,"name":"Enjoliveurs d\u0027ailes AV chrom\u00e9s","option":false,"serie":true},{"id":20,"name":"Essuie-vitre AV avec syst\u00e8me de lavage \u0022Magic Wash\u0022","option":false,"serie":true},{"id":21,"name":"Fixations ISOFIX (passager AV et aux places lat\u00e9rales AR)","option":false,"serie":true},{"id":22,"name":"Fonction \u0022Mirror Screen\u0022 (Apple CarPlay \/ Android Auto )","option":false,"serie":true},{"id":23,"name":"Frein de stationnement \u00e9lectrique avec aide au d\u00e9marrage en pente et serrage automatique","option":false,"serie":true},{"id":24,"name":"Garnissage TEP avec Tissu Colyn Mistral","option":false,"serie":true},{"id":25,"name":"Habitacle et ciel de pavillon Noir Mistral","option":false,"serie":true},{"id":26,"name":"Indicateur de rapport conseill\u00e9","option":false,"serie":true},{"id":27,"name":"Jantes alliage 18\u0022 diamant\u00e9es DETROIT bi-ton Gris Storm brillant avec pneumatiques 225\/55 R18 102 V","option":false,"serie":true},{"id":28,"name":"Kit de d\u00e9pannage de pneumatique : compresseur 12 volts, flacon de produit de colmatage, anneau de remorquage, deux cales de roue, manivelle de frein de stationnement \u00e9lectrique","option":false,"serie":true},{"id":29,"name":"L\u00e8ve-vitres AV et AR \u00e9lectriques s\u00e9quentiels avec antipincement","option":false,"serie":true},{"id":30,"name":"Navigation 3D connect\u00e9e avec \u00e9cran tactile capacitif 10\u0022 HD Avec reconnaissance vocale, cartographie Europe, services de Navigation connect\u00e9e TomTom 3 ans inclus, connexion automatique et permanente via carte SIM int\u00e9gr\u00e9e au v\u00e9hicule","option":false,"serie":true},{"id":31,"name":"Pack City 1","option":false,"serie":true},{"id":32,"name":"Pack Eclairage d\u0027ambiance","option":false,"serie":true},{"id":33,"name":"Pack Safety Plus","option":false,"serie":true},{"id":34,"name":"Pack Visibilit\u00e9","option":false,"serie":true},{"id":35,"name":"Pares-soleil avec miroirs de courtoisie \u00e9clair\u00e9s","option":false,"serie":true},{"id":36,"name":"Passages de roues rapport\u00e9s Noir Mat","option":false,"serie":true},{"id":37,"name":"Peinture m\u00e9tallis\u00e9e Bleu C\u00e9l\u00e8bes","option":false,"serie":true},{"id":38,"name":"PEUGEOT Connect SOS \u0026 Assistance et Teleservices","option":false,"serie":true},{"id":39,"name":"Peugeot i-Cockpit avec combin\u00e9 t\u00eate haute num\u00e9rique, volant compact multi-fonctions","option":false,"serie":true},{"id":40,"name":"Plafonniers AV\/AR \u00e0 LED avec 2 spots de lecture","option":false,"serie":true},{"id":41,"name":"Plancher de coffre fixe avec articulation pour acc\u00e8s au coffre de rangement du c\u00e2ble de recharge","option":false,"serie":true},{"id":42,"name":"Poches\/filets aumoni\u00e8res au dos des si\u00e8ges AV","option":false,"serie":true},{"id":43,"name":"Pr\u00e9-chauffage \/ climatisation du v\u00e9hicule \u00e0 distance","option":false,"serie":true},{"id":44,"name":"Prise 12 V (x3 : zone connectique, AR de console et coffre)","option":false,"serie":true},{"id":45,"name":"Projecteurs \u0022Peugeot LED Technology\u0022 avec feux diurnes \u00e0 LED sous projecteurs","option":false,"serie":true},{"id":46,"name":"Protecteurs de bas de portes avec inserts Inox Brillant","option":false,"serie":true},{"id":47,"name":"Reconnaissance \u00e9tendue des panneaux de signalisation","option":false,"serie":true},{"id":48,"name":"R\u00e9gulateur \/ Limiteur de vitesse","option":false,"serie":true},{"id":49,"name":"R\u00e9troviseur int\u00e9rieur photosensible","option":false,"serie":true},{"id":50,"name":"R\u00e9troviseurs ext\u00e9rieurs d\u00e9givrants avec r\u00e9glage et rabattement \u00e9lectriques, \u00e9clairage d\u0027accueil \u00e0 LED, t\u00e9moin de surveillance d\u0027angles morts","option":false,"serie":true},{"id":51,"name":"Sabot de pare-chocs AV peint M\u00e9tallure","option":false,"serie":true},{"id":52,"name":"S\u00e9curit\u00e9 enfants \u00e9lectrique des vitres AR","option":false,"serie":true},{"id":53,"name":"S\u00e9lecteur de modes de conduite (Electric, Hybrid, Sport)","option":false,"serie":true},{"id":54,"name":"Si\u00e8ge conducteur avec r\u00e9glage lombaire","option":false,"serie":true},{"id":55,"name":"Si\u00e8ges AV chauffants","option":true,"serie":false},{"id":56,"name":"Si\u00e8ges AV r\u00e9glables en hauteur","option":false,"serie":true},{"id":57,"name":"\u0022Toggle Switches\u0022 chrom\u00e9s (touches \u0027piano\u0027 d\u0027activation des fonctions de l\u0027\u00e9cran tactile)","option":false,"serie":true},{"id":58,"name":"Toit \u0022Black Diamond\u0022","option":true,"serie":false},{"id":59,"name":"Trappe de recharge \u00e9lectrique avec indicateur d\u0027\u00e9tat de charge","option":false,"serie":true},{"id":60,"name":"Vitres lat\u00e9rales AR et lunette AR chauffante surteint\u00e9es","option":false,"serie":true},{"id":61,"name":"Volant Cuir fleur Mistral","option":false,"serie":true}],"year":2023,"kilometers":30677,"energy":null,"version":"3008 Hybrid 225 e-EAT8","storedPlace":"Maizi\u00e8res-la-Grande-Paroisse(10)","price":29979,"loaEcheanceAvecAssurance":460.85,"gearbox":"Automatique"},{"media":{},"brandName":"PEUGEOT","model":"208 ELECTRIQUE","id":3448,"tagName":"","hasTag":false,"equipementsVehicule":[{"id":0,"name":"2 prises USB (Recharge type A) sur console basse pour passagers AR","option":false,"serie":true},{"id":1,"name":"6 HP (2 tweeters et 2 woofers \u00e0 l\u0027AV et 2 larges bandes \u00e0 l\u0027AR)","option":false,"serie":true},{"id":2,"name":"Aide graphique et sonore au stationnement AR","option":false,"serie":true},{"id":3,"name":"Airbags frontaux et lat\u00e9raux conducteur et passager AV, rideaux","option":false,"serie":true},{"id":4,"name":"Air conditionn\u00e9 automatique mono-zone","option":false,"serie":true},{"id":5,"name":"Allumage automatique des feux de croisement","option":false,"serie":true},{"id":6,"name":"Appuis-t\u00eate r\u00e9glables en hauteur AV et AR (x3)","option":false,"serie":true},{"id":7,"name":"Avertisseur de temps de conduite","option":false,"serie":true},{"id":8,"name":"Bandeau entre feux AR noir brillant","option":false,"serie":true},{"id":9,"name":"Banquette AR rabattable 1\/3-2\/3","option":false,"serie":true},{"id":10,"name":"C\u00e2ble \u00e9lectrique mode 3, prises de charge T2\/T2","option":false,"serie":true},{"id":11,"name":"Calandre haut de gamme avec grille sup\u00e9rieure avec marquage couleur caisse et enjoliveur sup\u00e9rieur Noir Brillant","option":false,"serie":true},{"id":12,"name":"Ceinture de s\u00e9curit\u00e9 AR centrale 3 points, avec d\u00e9tection de non bouclage","option":false,"serie":true},{"id":13,"name":"Ceintures de s\u00e9curit\u00e9 AR lat\u00e9rales avec enrouleurs pyrotechniques, limiteurs d\u0027effort et d\u00e9tection de non bouclage","option":false,"serie":true},{"id":14,"name":"Ceintures de s\u00e9curit\u00e9 AV conducteur et passager \u00e0 enrouleurs pyrotechniques avec limiteurs d\u0027effort et d\u00e9tection de non bouclage","option":false,"serie":true},{"id":15,"name":"Chargeur embarqu\u00e9 7,4 kW monophas\u00e9","option":false,"serie":true},{"id":16,"name":"Console haute avec accoudoir int\u00e9gr\u00e9","option":false,"serie":true},{"id":17,"name":"Coques de r\u00e9troviseurs ext\u00e9rieurs Noir Brillant","option":false,"serie":true},{"id":18,"name":"D\u00e9cor panneaux de portes Noir et Azure","option":false,"serie":true},{"id":19,"name":"D\u00e9marrage mains libres avec 2 t\u00e9l\u00e9commandes 3 boutons","option":false,"serie":true},{"id":20,"name":"D\u00e9tection de sous-gonflage indirecte","option":false,"serie":true},{"id":21,"name":"Direction assist\u00e9e \u00e9lectrique","option":false,"serie":true},{"id":22,"name":"Eclairage coffre \u00e0 lampe","option":false,"serie":true},{"id":23,"name":"Eclairage int\u00e9rieur \u00e0 ampoules : plafonnier AV \u00e0 3 spots (1 lampe et 2 liseuses)","option":false,"serie":true},{"id":24,"name":"Fixations suivant norme ISOFIX aux places lat\u00e9rales AR avec \u00e9tiquettes de localisation, et Top Tether","option":false,"serie":true},{"id":25,"name":"Fonction Bluetooth","option":false,"serie":true},{"id":26,"name":"Fonction DAB (Radio Num\u00e9rique Terrestre)","option":false,"serie":true},{"id":27,"name":"Fonction \u0022Mirror Screen\u0022 (Apple CarPlay \/ Android Auto )","option":false,"serie":true},{"id":28,"name":"Frein de stationnement \u00e9lectrique avec aide au d\u00e9marrage en pente et serrage automatique","option":false,"serie":true},{"id":29,"name":"Habitacle et ciel de pavillon gris clair","option":false,"serie":true},{"id":30,"name":"Jantes alliage 16\u0022 ELBORN","option":false,"serie":true},{"id":31,"name":"Jupes de pare-chocs AR inf\u00e9rieure et sup\u00e9rieure Noir grain\u00e9e","option":false,"serie":true},{"id":32,"name":"Kit de d\u00e9pannage de pneumatique","option":false,"serie":true},{"id":33,"name":"L\u00e8ve-vitres AR \u00e9lectriques et s\u00e9quentiels avec antipincement","option":false,"serie":true},{"id":34,"name":"L\u00e8ve-vitres AV \u00e9lectriques et s\u00e9quentiels avec antipincement","option":false,"serie":true},{"id":35,"name":"Option habillage interieur","option":true,"serie":false},{"id":36,"name":"Pack Safety","option":false,"serie":true},{"id":37,"name":"Pare-brise teint\u00e9","option":false,"serie":true},{"id":38,"name":"Passages de roue Noir brillant","option":false,"serie":true},{"id":39,"name":"PEUGEOT Connect SOS \u0026 Assistance et Telemaintenance","option":false,"serie":true},{"id":40,"name":"Peugeot i-Cockpit avec combin\u00e9 t\u00eate haute analogique et matrice couleur 3,5\u0022","option":false,"serie":true},{"id":41,"name":"Planche de bord slush et panneaux de portes AV avec d\u00e9cors aspect carbone","option":false,"serie":true},{"id":42,"name":"Programme de Stabilit\u00e9 Electronique (ESC) avec ASR, ABS, REF, AFU, CDS et TSM","option":false,"serie":true},{"id":43,"name":"Projecteurs \u0027Peugeot LED Technology\u0027, indicateurs de direction \u00e0 ampoules","option":false,"serie":true},{"id":44,"name":"Radio avec \u00e9cran tactile 7\u0022 couleur capacitif, 2 prises USB (DATA type A, recharge type C) sur console AV","option":false,"serie":true},{"id":45,"name":"R\u00e9gulateur \/ Limiteur de vitesse","option":false,"serie":true},{"id":46,"name":"R\u00e9troviseur int\u00e9rieur \u00e0 r\u00e9glage jour\/nuit manuel","option":false,"serie":true},{"id":47,"name":"R\u00e9troviseurs ext\u00e9rieurs d\u00e9givrants avec r\u00e9glage et rabattement \u00e9lectriques","option":false,"serie":true},{"id":48,"name":"Sellerie Tri mati\u00e8re Tissu PNEUMA 3D, surpiq\u00fbre Bleu Azure","option":false,"serie":true},{"id":49,"name":"Seuil de portes lettrage \u0022PEUGEOT\u0022","option":false,"serie":true},{"id":50,"name":"Si\u00e8ge conducteur avec r\u00e9glage manuel en hauteur","option":false,"serie":true},{"id":51,"name":"Teintes m\u00e9tallis\u00e9es","option":true,"serie":false},{"id":52,"name":"Teintes m\u00e9tallis\u00e9es","option":false,"serie":true},{"id":53,"name":"Verrouillage automatique de tous les ouvrants en roulant","option":false,"serie":true},{"id":54,"name":"Visio Park 1: Cam\u00e9ra de recul avec restitution sur l\u0027\u00e9cran tactile d\u0027une vue AR et d\u0027une vue de dessus de l\u0027environnement AR du v\u00e9hicule + Aide graphique et sonore au stationnement AR","option":true,"serie":false},{"id":55,"name":"Vitres lat\u00e9rales AR et lunette AR chauffante temporis\u00e9e surteint\u00e9es","option":false,"serie":true},{"id":56,"name":"Volant compact croute de cuir, Lion chrom\u00e9 et commandes multim\u00e9dia sur volant","option":false,"serie":true},{"id":57,"name":"Volant r\u00e9glable en hauteur et en profondeur","option":false,"serie":true}],"year":2023,"kilometers":8547,"energy":"Electrique","version":"208 Electrique 50 kWh 136ch","storedPlace":"Provins(77)","price":19990,"loaEcheanceAvecAssurance":308,"gearbox":"Automatique"},{"media":{},"brandName":"OPEL","model":"CORSA ELECTRIQUE","id":7882,"tagName":"","hasTag":false,"equipementsVehicule":[{"id":0,"name":"1 prise USB type A \u00e0 l\u0027avant","option":false,"serie":true},{"id":1,"name":"4 HP","option":false,"serie":true},{"id":2,"name":"5 appuis-t\u00eate r\u00e9glables en hauteur","option":false,"serie":true},{"id":3,"name":"Aide au stationnement AR","option":false,"serie":true},{"id":4,"name":"Airbags frontaux et lat\u00e9raux conducteur et passager AV, rideaux","option":false,"serie":true},{"id":5,"name":"Alerte de sous-gonflage des pneumatiques","option":false,"serie":true},{"id":6,"name":"Allumage automatique des feux de croisement","option":false,"serie":true},{"id":7,"name":"Banquette AR rabattable 2\/3-1\/3","option":false,"serie":true},{"id":8,"name":"Becquet de toit AR Sport","option":false,"serie":true},{"id":9,"name":"C\u00e2ble de recharge Mode 2 - 3,7 KW Green Up","option":false,"serie":true},{"id":10,"name":"Calandre Opel Vizor","option":false,"serie":true},{"id":11,"name":"Ceintures de s\u00e9curit\u00e9 \u00e0 pr\u00e9hension pyrotechnique","option":false,"serie":true},{"id":12,"name":"CHARGEUR EMBARQUE 11KW TRIPHASE","option":true,"serie":false},{"id":13,"name":"Chargeur embarqu\u00e9 monophas\u00e9 7,4 KW","option":false,"serie":true},{"id":14,"name":"Chargeur embarqu\u00e9 (OBC) tri-phas\u00e9 11kW","option":true,"serie":false},{"id":15,"name":"Ciel de pavillon - Gris","option":false,"serie":true},{"id":16,"name":"Climatisation automatique mono-zone - Pompe \u00e0 chaleur","option":false,"serie":true},{"id":17,"name":"Combin\u00e9 d\u0027instrumentation num\u00e9rique 7\u0022","option":false,"serie":true},{"id":18,"name":"Contr\u00f4le \u00e9lectronique de stabilit\u00e9 (ESP)","option":false,"serie":true},{"id":19,"name":"Coquilles de r\u00e9troviseurs peintes en noir","option":false,"serie":true},{"id":20,"name":"D\u00e9cors int\u00e9rieurs avec inserts - Gris","option":false,"serie":true},{"id":21,"name":"D\u00e9marrage sans cl\u00e9","option":false,"serie":true},{"id":22,"name":"D\u00e9tection de non-bouclage des ceintures de s\u00e9curit\u00e9 aux places AV","option":false,"serie":true},{"id":23,"name":"Direction assist\u00e9e \u00e9lectrique","option":false,"serie":true},{"id":24,"name":"Ecran tactile 7\u0022 couleur compatible Apple CarPlay\/Android Auto","option":false,"serie":true},{"id":25,"name":"Fixations Isofix si\u00e8ges enfants aux places AR lat\u00e9rales","option":false,"serie":true},{"id":26,"name":"Fonction Bluetooth (appels et streaming audio)","option":false,"serie":true},{"id":27,"name":"Frein de parking \u00e9lectrique","option":false,"serie":true},{"id":28,"name":"Grille inf\u00e9rieure en nid d\u0027abeilles peinte - Noir","option":false,"serie":true},{"id":29,"name":"Jantes alliage 16\u0022 - Diamant\u00e9es Pneus 195\/55 R16","option":false,"serie":true},{"id":30,"name":"Kit anti-crevaison","option":false,"serie":true},{"id":31,"name":"Lettrage et logo - Argent","option":false,"serie":true},{"id":32,"name":"Ligne de vitrage noire","option":false,"serie":true},{"id":33,"name":"Module Opel Connect","option":false,"serie":true},{"id":34,"name":"PACK ADVANCED CITY 180","option":true,"serie":false},{"id":35,"name":"Pack Confort Si\u00e8ges AV chauffants;Volant chauffant en cuir synth\u00e9tique Vegan, R\u00e9glage du si\u00e8ge passager dans 6 directions, Console centrale avec porte-gobelets, accoudoir central et rangements","option":true,"serie":false},{"id":36,"name":"Pack S\u00e9curit\u00e9 Aide active au maintien dans la voie, Aide au d\u00e9marrage en c\u00f4te, Aide au freinage d\u0027urgence, Alerte anti-somnolence, Alerte de d\u00e9tection am\u00e9lior\u00e9e des pi\u00e9tons et des cyclistes, Limiteur de vitesse, Reconnaissance des panneaux de signalisation, R\u00e9gulateur de vitesse","option":false,"serie":true},{"id":37,"name":"Pack Techno Corsa Cam\u00e9ra de recul panoramique et aide au stationnement AV, Alerte d\u0027angle mort, R\u00e9troviseurs rabattables \u00e9lectriquement et chaffants","option":true,"serie":false},{"id":38,"name":"Pack Visibilit\u00e9 LED Allumage et commutation automatique des feux de route\/croisement, Capteur de pluie, R\u00e9troviseur int\u00e9rieur \u00e9lectrochraomatique, Phares AV Eco Full LED, Feux diurnes Eco LED, R\u00e9glage manuel des feux","option":false,"serie":true},{"id":39,"name":"Palettes au volant","option":false,"serie":true},{"id":40,"name":"Pare-soleils avec miroir de courtoisie c\u00f4t\u00e9 passager","option":false,"serie":true},{"id":41,"name":"Peinture opaque","option":false,"serie":true},{"id":42,"name":"Phares AR halog\u00e8nes","option":false,"serie":true},{"id":43,"name":"Phares AV Eco Full LED","option":false,"serie":true},{"id":44,"name":"Poign\u00e9es de portes int\u00e9rieures chrom\u00e9es","option":false,"serie":true},{"id":45,"name":"Radio FM\/AM\/DAB+","option":false,"serie":true},{"id":46,"name":"R\u00e9troviseurs ext\u00e9rieurs rabattables \u00e9lectriquement","option":false,"serie":true},{"id":47,"name":"Seconde cl\u00e9 \u00e0 t\u00e9l\u00e9commande","option":false,"serie":true},{"id":48,"name":"Sellerie Tissu Malwa Noir","option":false,"serie":true},{"id":49,"name":"Si\u00e8ge conducteur r\u00e9glable dans 6 directions","option":false,"serie":true},{"id":50,"name":"Si\u00e8ge passager AV r\u00e9glable dans 4 positions","option":false,"serie":true},{"id":51,"name":"Si\u00e8ges avant chauffants","option":true,"serie":false},{"id":52,"name":"Signature lumineuse en forme d\u0027aile \u00e0 LED","option":false,"serie":true},{"id":53,"name":"Spoiler AR","option":false,"serie":true},{"id":54,"name":"Syst\u00e8me de freinage avec antiblocage des roues (ABS)","option":false,"serie":true},{"id":55,"name":"Toit couleur carrosserie","option":false,"serie":true},{"id":56,"name":"Verrouillage automatique de la trappe \u00e0 essence lors de la fermeture du v\u00e9hicule","option":false,"serie":true},{"id":57,"name":"Verrouillage centralis\u00e9 avec t\u00e9l\u00e9commande et en roulant","option":false,"serie":true},{"id":58,"name":"Vitres AV et AR \u00e9lectriques - syst\u00e8me anti-pincement","option":false,"serie":true},{"id":59,"name":"Volant r\u00e9glable en hauteur et en profondeur","option":false,"serie":true}],"year":2024,"kilometers":1200,"energy":"Electrique","version":"Corsa Electrique 136 ch \u0026 Batterie 50 kWh","storedPlace":"Villeneuve-Saint-Germain(02)","price":37450,"loaEcheanceAvecAssurance":574.56,"gearbox":"Automatique"},{"media":{},"brandName":"OPEL","model":"MOKKA ELECTRIQUE","id":8715,"tagName":"","hasTag":false,"equipementsVehicule":[{"id":0,"name":"2 Prises USB \u00e0 l\u0027AR","option":false,"serie":true},{"id":1,"name":"3\u00e8me appui-t\u00eate AR","option":false,"serie":true},{"id":2,"name":"6 HP","option":false,"serie":true},{"id":3,"name":"ABS","option":false,"serie":true},{"id":4,"name":"Accoudoir conducteur avec porte-gobelet","option":false,"serie":true},{"id":5,"name":"Aide actif au maintien dans la voie","option":false,"serie":true},{"id":6,"name":"Aide au d\u00e9marrage en c\u00f4te","option":false,"serie":true},{"id":7,"name":"Aide au stationnement AR","option":false,"serie":true},{"id":8,"name":"Airbag passager d\u00e9connectable par interrupteur","option":false,"serie":true},{"id":9,"name":"Airbags frontaux conducteur et passager","option":false,"serie":true},{"id":10,"name":"Airbags lat\u00e9raux AV","option":false,"serie":true},{"id":11,"name":"Airbags rideaux","option":false,"serie":true},{"id":12,"name":"Alerte anti-somnolence","option":false,"serie":true},{"id":13,"name":"Appuis-t\u00eate AV r\u00e9glables","option":false,"serie":true},{"id":14,"name":"C\u00e2ble Mode 2 \/\/ 1,8 KW","option":false,"serie":true},{"id":15,"name":"Calandre Opel Vizor","option":false,"serie":true},{"id":16,"name":"Chargeur de smartphone par induction","option":true,"serie":false},{"id":17,"name":"Chargeur embarqu\u00e9 monophas\u00e9 7,4 KW","option":false,"serie":true},{"id":18,"name":"Cl\u00e9 Opel mains libres : entr\u00e9e et d\u00e9marrage sans cl\u00e9 et seconde cl\u00e9 avec t\u00e9l\u00e9commande","option":true,"serie":false},{"id":19,"name":"Climatisation automatique monozone","option":false,"serie":true},{"id":20,"name":"Coque de r\u00e9troviseurs ext\u00e9rieurs noires","option":false,"serie":true},{"id":21,"name":"D\u00e9marrage sans cl\u00e9","option":false,"serie":true},{"id":22,"name":"Deux cl\u00e9s pliables avec t\u00e9l\u00e9commande","option":false,"serie":true},{"id":23,"name":"Direction assist\u00e9e","option":false,"serie":true},{"id":24,"name":"Ecran d\u0027instrumentation couleur 7\u0022","option":false,"serie":true},{"id":25,"name":"Ecran tactile 7\u0022 couleur avec Bluetooth, compatible Apple CarPlay\/Android Auto","option":false,"serie":true},{"id":26,"name":"Feux AR \u00e0 LED","option":false,"serie":true},{"id":27,"name":"Feux de jour \u00e0 LED","option":false,"serie":true},{"id":28,"name":"Jantes alliage 18\u0022 Noires, Rouges et Argent","option":true,"serie":false},{"id":29,"name":"Jantes en alliage 17\u0022 5 branches, Noires","option":false,"serie":true},{"id":30,"name":"Kit anti-crevaison","option":false,"serie":true},{"id":31,"name":"Ligne de contour de Vizor Noire","option":false,"serie":true},{"id":32,"name":"Ligne de vitrage rouge","option":false,"serie":true},{"id":33,"name":"Logos AV\/AR Noirs","option":false,"serie":true},{"id":34,"name":"Lumi\u00e8res d\u0027ambiance int\u00e9rieures \u00e0 LED","option":false,"serie":true},{"id":35,"name":"Module Opel Connect","option":false,"serie":true},{"id":36,"name":"Pack City 180\u00b0","option":false,"serie":true},{"id":37,"name":"Pack Visibilit\u00e9","option":false,"serie":true},{"id":38,"name":"Pare-soleils avec miroir de courtoisie c\u00f4t\u00e9 passager","option":false,"serie":true},{"id":39,"name":"P\u00e9dalier chrom\u00e9","option":false,"serie":true},{"id":40,"name":"Phares antibrouillards AV","option":false,"serie":true},{"id":41,"name":"Phares Eco LED","option":false,"serie":true},{"id":42,"name":"Plafonnier avec double spot de lecture","option":false,"serie":true},{"id":43,"name":"Poign\u00e9es de portes int\u00e9rieures chrom\u00e9es","option":false,"serie":true},{"id":44,"name":"Provisions pour plancher de coffre amovible","option":false,"serie":true},{"id":45,"name":"Radio num\u00e9rique DAB+","option":false,"serie":true},{"id":46,"name":"Reconnaissance des panneaux de signalisation am\u00e9lior\u00e9e","option":false,"serie":true},{"id":47,"name":"R\u00e9gulateur et limiteur de vitesse programmable","option":false,"serie":true},{"id":48,"name":"R\u00e9troviseurs ext\u00e9rieurs chauffants","option":false,"serie":true},{"id":49,"name":"R\u00e9troviseurs ext\u00e9rieurs \u00e9lectriques","option":false,"serie":true},{"id":50,"name":"S\u00e9curit\u00e9 enfants aux portes AR","option":false,"serie":true},{"id":51,"name":"Si\u00e8ge conducteur r\u00e9glable dans 6 directions","option":false,"serie":true},{"id":52,"name":"Si\u00e8ge passager AV r\u00e9glable dans 6 directions","option":false,"serie":true},{"id":53,"name":"Spoiler AR Noir","option":false,"serie":true},{"id":54,"name":"Syst\u00e8me d\u0027Infotainment et Navigation Connect\u00e9e OPEL PURE PANEL","option":true,"serie":false},{"id":55,"name":"Syst\u00e8me Isofix aux places AR","option":false,"serie":true},{"id":56,"name":"Syt\u00e8me anti-collision \u00e0 basse vitesse et d\u00e9tection des pi\u00e9tons","option":false,"serie":true},{"id":57,"name":"Toit Noir Perla Nera","option":false,"serie":true},{"id":58,"name":"Vitres AR \u00e9lectriques","option":false,"serie":true},{"id":59,"name":"Vitres AV \u00e9lectriques","option":false,"serie":true},{"id":60,"name":"Vitres lat\u00e9rales et lunette AR surteint\u00e9es","option":false,"serie":true},{"id":61,"name":"Volant 3 branches","option":false,"serie":true},{"id":62,"name":"Volant en cuir multifonction \u00e0 m\u00e9plat","option":false,"serie":true}],"year":2021,"kilometers":63991,"energy":"Electrique","version":"Mokka Electrique 136 ch \u0026 Batterie 50 kWh","storedPlace":"Chanteloup-en-Brie(77)","price":16990,"loaEcheanceAvecAssurance":261.05,"gearbox":"Automatique"},{"media":{},"brandName":"PEUGEOT","model":"3008 ELECTRIQUE","id":8831,"tagName":"","hasTag":false,"equipementsVehicule":[{"id":0,"name":"4 poign\u00e9es de maintien r\u00e9tractables (2 \u00e0 l\u0027AV et 2 \u00e0 l\u0027AR)","option":false,"serie":true},{"id":1,"name":"6 airbags: frontaux conducteur et passager auto-adaptatifs (passager neutralisable par cl\u00e9), lat\u00e9raux conducteur et passager AV (thorax et bassin), rideaux aux places AV et AR (t\u00eate et thorax)","option":false,"serie":true},{"id":2,"name":"6 HP (2 tweeters et 2 woofers \u00e0 l\u0027AV et 2 larges bandes \u00e0 l\u0027AR)","option":false,"serie":true},{"id":3,"name":"ABS","option":false,"serie":true},{"id":4,"name":"Acc\u00e8s et d\u00e9marrage mains libres Proximity","option":false,"serie":true},{"id":5,"name":"Air conditionn\u00e9 automatique bi-zone","option":false,"serie":true},{"id":6,"name":"Allumage automatique des phares","option":false,"serie":true},{"id":7,"name":"Banquette AR avec dossier rabattable 40\/20\/40 avec accoudoir central","option":false,"serie":true},{"id":8,"name":"Bo\u00eete automatique \u00e0 variation continue","option":false,"serie":true},{"id":9,"name":"C\u00e2ble \u00e9lectrique mode 3 triphas\u00e9 22 kW","option":false,"serie":true},{"id":10,"name":"Chargeur embarqu\u00e9 11 kW triphas\u00e9 bi-directionnel Avec pr\u00e9disposition V2L (Vehicle to Load)","option":false,"serie":true},{"id":11,"name":"Commutation adaptative des projecteurs","option":false,"serie":true},{"id":12,"name":"Commutation automatique des feux de route","option":false,"serie":true},{"id":13,"name":"Contr\u00f4le de traction","option":false,"serie":true},{"id":14,"name":"D\u00e9tection de sous-gonflage indirecte","option":false,"serie":true},{"id":15,"name":"Direction assist\u00e9e","option":false,"serie":true},{"id":16,"name":"Drive Assist - R\u00e9gulateur de vitesse adaptatif avec fonction Stop \u0026 Go","option":false,"serie":true},{"id":17,"name":"Eclairage d\u0027ambiance indirect, jour \u0026 nuit sur la planche de bord, les panneaux de portes AV et sous l\u0027\u00e9cran panoramique 21\u0027\u0027, associ\u00e9 aux modes de conduite, personnalisable en 8 couleurs","option":false,"serie":true},{"id":18,"name":"Eclairage int\u00e9rieur Miroirs de courtoisie conducteur et passager occultables \u00e9clair\u00e9s \u00e0 LED","option":false,"serie":true},{"id":19,"name":"El\u00e9ments de style ext\u00e9rieur Jupes inf\u00e9rieures AV et AR, enjoliveurs de passages de roues et protections inf\u00e9rieures de portes Noir laqu\u00e9","option":false,"serie":true},{"id":20,"name":"El\u00e9ments de style int\u00e9rieure Planche de bord mouss\u00e9e avec d\u00e9cor tissu RIMINI chin\u00e9, d\u00e9cor d\u0027alc\u00f4ve en Aluminium s\u00e9rigraphi\u00e9, fa\u00e7ade et a\u00e9rateurs Noir laqu\u00e9 avec d\u00e9cor Cast Iron,  Panneaux de portes avec d\u00e9cor tissu RIMINI chin\u00e9, d\u00e9cor d\u0027alc\u00f4ve en Aluminium s\u00e9rigraphi\u00e9 et jonc Cast Iron, accoudoirs TEP Isabella, surpiq\u00fbres Iced Clay \u00e0 l\u0027 AV,  Console centrale avec d\u00e9cor tissu RIMINI chin\u00e9, fa\u00e7ade Noir laqu\u00e9 et jonc Cast Iron, accoudoir tissu RIMINI chin\u00e9","option":false,"serie":true},{"id":21,"name":"ESP avec aide au d\u00e9marrage en pente","option":false,"serie":true},{"id":22,"name":"Essuie-vitre AV \u00e0 d\u00e9clenchement automatique","option":false,"serie":true},{"id":23,"name":"Feux AR 3 griffes \u00e0 LED 3D","option":false,"serie":true},{"id":24,"name":"Feux diurnes 3 griffes \u00e0 LED","option":false,"serie":true},{"id":25,"name":"Fixations ISOFIX et Top Tether aux places lat\u00e9rales AR","option":false,"serie":true},{"id":26,"name":"Fonction pr\u00e9chauffage de la batterie de traction","option":false,"serie":true},{"id":27,"name":"Frein de stationnement \u00e9lectrique","option":false,"serie":true},{"id":28,"name":"Habitacle et ciel de pavillon Noir","option":false,"serie":true},{"id":29,"name":"Hayon motoris\u00e9 avec acc\u00e8s mains libres","option":false,"serie":true},{"id":30,"name":"Jantes alliage 19\u0027\u0027 diamant\u00e9es LULEA Noir Orbital, vernis brillant","option":false,"serie":true},{"id":31,"name":"L\u00e8ve-vitres AV\/AR \u00e9lectriques et s\u00e9quentiels avec antipincement","option":false,"serie":true},{"id":32,"name":"Monogrammes ailes AV: \u0027blason PEUGEOT\u0027","option":false,"serie":true},{"id":33,"name":"Pack Safety Plus R\u00e9gulateur \/ Limiteur de vitesse,   Freinage d\u0027urgence automatique avec alerte risque de collision pilot\u00e9e par cam\u00e9ra et radar,   Alerte active de franchissement involontaire de ligne et bas c\u00f4t\u00e9,   Reconnaissance \u00e9tendue des panneaux de signalisation et pr\u00e9conisation de vitesse,   Alerte attention conducteur","option":false,"serie":true},{"id":34,"name":"Pare-brise feuillet\u00e9 acoustique","option":false,"serie":true},{"id":35,"name":"P\u00e9dalier et repose pied aluminium","option":false,"serie":true},{"id":36,"name":"PEUGEOT i-Cockpit panoramique avec \u00e9cran incurv\u00e9 et flottant 21\u0027\u0027 HD","option":false,"serie":true},{"id":37,"name":"PEUGEOT i-Connect Advanced - Navigation 3D connect\u00e9e,  4 prises USB: 1 prise USB C (Data \u0026 charge) et 1 prise USB C (Charge) \u00e0 l\u0027AV, 2 prises USB C (Charge) \u00e0 l\u0027AR  - Connect Plus (Abonnement 6 mois inclus)  - 2 prises 12 V (Console centrale, coffre)","option":false,"serie":true},{"id":38,"name":"PEUGEOT i-Toggles virtuels avec 10 raccourcis personnalisables","option":false,"serie":true},{"id":39,"name":"Plancher de coffre modulable 2 positions","option":false,"serie":true},{"id":40,"name":"Projecteurs PEUGEOT PIXEL LED Eclairage adaptatif, commutation automatique des feux de route, feux de route avec fonctions anti \u00e9blouissement et boost","option":false,"serie":true},{"id":41,"name":"R\u00e9troviseur int\u00e9rieur \u00e9lectrochrome","option":false,"serie":true},{"id":42,"name":"Sellerie tissu NEW UZIRIS emboss\u00e9, accompagnement TEP Isabella, \u00e9charpe tissu RIMINI chin\u00e9, surpiq\u00fbres Iced Clay","option":false,"serie":true},{"id":43,"name":"Seuil de portes AV inox avec lettrage PEUGEOT","option":false,"serie":true},{"id":44,"name":"Si\u00e8ge conducteur \u00e0 r\u00e9glage lombaire manuel","option":false,"serie":true},{"id":45,"name":"Si\u00e8ges AV \u00e0 r\u00e9glage en hauteur manuel","option":false,"serie":true},{"id":46,"name":"Si\u00e8ges AV chauffants","option":false,"serie":true},{"id":47,"name":"Surtapis AV et AR avec surpiq\u00fbres Iced Clay","option":false,"serie":true},{"id":48,"name":"Teintes m\u00e9tallis\u00e9es","option":true,"serie":false},{"id":49,"name":"Toit et becquet AR Black Diamond","option":false,"serie":true},{"id":50,"name":"Verrouillage centralis\u00e9","option":false,"serie":true},{"id":51,"name":"Visiopark 1 Cam\u00e9ra de recul  \u0026 aide au stationnement AV et AR, graphique et sonore","option":false,"serie":true},{"id":52,"name":"Volant chauffant","option":false,"serie":true},{"id":53,"name":"Volant compact, cuir fleur lisse et perfor\u00e9 avec commandes int\u00e9gr\u00e9es Noir Laqu\u00e9, d\u00e9cors Cast Iron, surpiq\u00fbres Iced Clay, insert Noir laqu\u00e9 avec badge \u0091GT\u0027","option":false,"serie":true}],"year":2025,"kilometers":9500,"energy":"Electrique","version":"3008 Electrique 210 ch 73 kWh","storedPlace":"Soissons(02)","price":42490,"loaEcheanceAvecAssurance":650.9,"gearbox":"Automatique"},{"media":{},"brandName":"HYUNDAI","model":"i10","id":8948,"tagName":"","hasTag":false,"equipementsVehicule":[{"id":0,"name":"4 HP (2 AV, 2 AR)","option":false,"serie":true},{"id":1,"name":"Acc\u00e8s mains-libres et d\u00e9marrage sans cl\u00e9","option":false,"serie":true},{"id":2,"name":"Aide au d\u00e9marrage en c\u00f4te","option":false,"serie":true},{"id":3,"name":"Aide au stationnement AR","option":false,"serie":true},{"id":4,"name":"Airbag frontal passager d\u00e9connectable","option":false,"serie":true},{"id":5,"name":"Airbags frontaux conducteur et passager","option":false,"serie":true},{"id":6,"name":"Airbags lat\u00e9raux AV","option":false,"serie":true},{"id":7,"name":"Airbags rideaux AV\/AR","option":false,"serie":true},{"id":8,"name":"Alarme p\u00e9rim\u00e9trique","option":false,"serie":true},{"id":9,"name":"Alerte de d\u00e9bouclage de la ceinture de s\u00e9curit\u00e9","option":false,"serie":true},{"id":10,"name":"Allumage automatique des feux","option":false,"serie":true},{"id":11,"name":"Anti-d\u00e9marrage","option":false,"serie":true},{"id":12,"name":"Appuie-t\u00eates AR r\u00e9glables en hauteur","option":false,"serie":true},{"id":13,"name":"Appuis-t\u00eate AV r\u00e9glables en hauteur et ajustables","option":false,"serie":true},{"id":14,"name":"Assistance active au maintien et au suivi de voie","option":false,"serie":true},{"id":15,"name":"Bacs de porti\u00e8res AR","option":false,"serie":true},{"id":16,"name":"Banquette AR rabattable 60\/40","option":false,"serie":true},{"id":17,"name":"Bo\u00eete \u00e0 gants","option":false,"serie":true},{"id":18,"name":"Calandre noir laqu\u00e9","option":false,"serie":true},{"id":19,"name":"Cam\u00e9ra de recul","option":false,"serie":true},{"id":20,"name":"Climatisation automatique","option":false,"serie":true},{"id":21,"name":"Commandes audio au volant","option":false,"serie":true},{"id":22,"name":"Compatibilit\u00e9 Apple CarPlay et Android Auto","option":false,"serie":true},{"id":23,"name":"Configuration 4 places","option":false,"serie":true},{"id":24,"name":"Connexion Bluetooth","option":false,"serie":true},{"id":25,"name":"Console de rangement","option":false,"serie":true},{"id":26,"name":"Contr\u00f4le de la pression des pneumatiques","option":false,"serie":true},{"id":27,"name":"Contr\u00f4le \u00e9lectronique de trajectoire ESP","option":false,"serie":true},{"id":28,"name":"D\u00e9tection de fatigue du conducteur","option":false,"serie":true},{"id":29,"name":"Direction assist\u00e9e","option":false,"serie":true},{"id":30,"name":"eCall : appel d\u0027urgence automatique aux services de secours avec g\u00e9olocalisation du v\u00e9hicule","option":false,"serie":true},{"id":31,"name":"Eclairage additionnel en virage","option":false,"serie":true},{"id":32,"name":"Eclairage d\u0027ambiance int\u00e9rieur \u00e0 LED","option":false,"serie":true},{"id":33,"name":"Ecran couleur tactile 8\u0022","option":false,"serie":true},{"id":34,"name":"Enjoliveurs 14\u0022 175\/65 R14 86 T XL","option":false,"serie":true},{"id":35,"name":"Espace de rangement entre les si\u00e8ges AV","option":false,"serie":true},{"id":36,"name":"Feux AV antibrouillard","option":false,"serie":true},{"id":37,"name":"Feux AV type \u0022projection\u0022","option":false,"serie":true},{"id":38,"name":"Feux de jour et feux de position \u00e0 LED","option":false,"serie":true},{"id":39,"name":"Feux de route intelligents","option":false,"serie":true},{"id":40,"name":"Freinage d\u0027urgence autonome avec d\u00e9tection des pi\u00e9tons et cycliste","option":false,"serie":true},{"id":41,"name":"Int\u00e9rieur bi-ton noir et gris clair","option":false,"serie":true},{"id":42,"name":"Miroir de courtoisie c\u00f4t\u00e9 conducteur","option":false,"serie":true},{"id":43,"name":"Miroir de courtoisie c\u00f4t\u00e9 passager","option":false,"serie":true},{"id":44,"name":"Navigation Europe avec mise \u00e0 jour de la cartographie","option":false,"serie":true},{"id":45,"name":"Ordinateur de bord","option":false,"serie":true},{"id":46,"name":"Peinture m\u00e9tallis\u00e9e Mangrove Green","option":false,"serie":true},{"id":47,"name":"PM","option":true,"serie":false},{"id":48,"name":"Poign\u00e9es de portes ext\u00e9rieures chrom\u00e9es","option":false,"serie":true},{"id":49,"name":"Ports USB-C AV et AR","option":false,"serie":true},{"id":50,"name":"R\u00e9ception radio num\u00e9rique terrestre (DAB)","option":false,"serie":true},{"id":51,"name":"Reconnaissance des panneaux de limitation de vitesse","option":false,"serie":true},{"id":52,"name":"Reconnaissance vocale","option":false,"serie":true},{"id":53,"name":"R\u00e9gulateur\/Limiteur de vitesse","option":false,"serie":true},{"id":54,"name":"R\u00e9p\u00e9titeurs de clignotants int\u00e9gr\u00e9s aux r\u00e9troviseurs ext\u00e9rieurs","option":false,"serie":true},{"id":55,"name":"R\u00e9troviseurs ext\u00e9rieurs \u00e9lectriques et chauffants","option":false,"serie":true},{"id":56,"name":"R\u00e9troviseurs rabattables \u00e9lectriquement","option":false,"serie":true},{"id":57,"name":"Roue de secours temporaire","option":false,"serie":true},{"id":58,"name":"S\u00e9curit\u00e9 enfants sur portes AR","option":false,"serie":true},{"id":59,"name":"Services connect\u00e9s BlueLink avec carte SIM incluse","option":false,"serie":true},{"id":60,"name":"Services connect\u00e9s Hyundai Live","option":false,"serie":true},{"id":61,"name":"Si\u00e8ge conducteur r\u00e9glable en hauteur","option":false,"serie":true},{"id":62,"name":"Syst\u00e8me antiblocage de roues ABS avec EBD","option":false,"serie":true},{"id":63,"name":"Syst\u00e8me audio RDS compatible MP3","option":false,"serie":true},{"id":64,"name":"Syst\u00e8me ISOFIX aux places lat\u00e9rales AR","option":false,"serie":true},{"id":65,"name":"Verrouillage centralis\u00e9 \u00e0 distance avec cl\u00e9 r\u00e9tractable","option":false,"serie":true},{"id":66,"name":"Vitre conducteur s\u00e9quentielle","option":false,"serie":true},{"id":67,"name":"Vitres AR \u00e9lectriques","option":false,"serie":true},{"id":68,"name":"Vitres AR surteint\u00e9es","option":false,"serie":true},{"id":69,"name":"Vitres AV \u00e9lectriques","option":false,"serie":true},{"id":70,"name":"Volant et pommeau de levier de vitesses gain\u00e9s de cuir","option":false,"serie":true},{"id":71,"name":"Volant r\u00e9glable en hauteur","option":false,"serie":true}],"year":2025,"kilometers":null,"energy":"Essence","version":"i10 1.0 63 BVR","storedPlace":"Saint-Maximin(60)","price":20350,"loaEcheanceAvecAssurance":313.3,"gearbox":"Automatique"},{"media":{},"brandName":"HYUNDAI","model":"i30","id":8951,"tagName":"","hasTag":false,"equipementsVehicule":[{"id":0,"name":"Accoudoir AV coulissant","option":false,"serie":true},{"id":1,"name":"Accoudoir central AR avec porte-gobelets","option":false,"serie":true},{"id":2,"name":"Aide au d\u00e9marrage en c\u00f4te","option":false,"serie":true},{"id":3,"name":"Aide au stationnement AR","option":false,"serie":true},{"id":4,"name":"Airbag passager d\u00e9connectable","option":false,"serie":true},{"id":5,"name":"Airbags frontaux conducteur et passager","option":false,"serie":true},{"id":6,"name":"Airbags lat\u00e9raux AV","option":false,"serie":true},{"id":7,"name":"Airbags rideaux AV\/AR","option":false,"serie":true},{"id":8,"name":"Alarme p\u00e9rim\u00e9trique","option":false,"serie":true},{"id":9,"name":"Allumage automatique des feux","option":false,"serie":true},{"id":10,"name":"Antenne de toit type requin","option":false,"serie":true},{"id":11,"name":"Appuie-t\u00eates AR r\u00e9glables en hauteur","option":false,"serie":true},{"id":12,"name":"Appui-t\u00eates AV r\u00e9glables en hauteur et ajustables","option":false,"serie":true},{"id":13,"name":"Assistance active au maintien de voie","option":false,"serie":true},{"id":14,"name":"Calandre finition chrom\u00e9e","option":false,"serie":true},{"id":15,"name":"Cam\u00e9ra de recul avec lignes de guidage dynamiques","option":false,"serie":true},{"id":16,"name":"Capteur de pluie","option":false,"serie":true},{"id":17,"name":"Ceintures AV r\u00e9glables en hauteur avec pr\u00e9tensionneurs","option":false,"serie":true},{"id":18,"name":"Clignotants AV \u00e0 LED","option":false,"serie":true},{"id":19,"name":"Climatisation automatique bi-zone avec d\u00e9sembuage automatique","option":false,"serie":true},{"id":20,"name":"Commandes audio au volant","option":false,"serie":true},{"id":21,"name":"Compatibilit\u00e9 Apple CarPlay et Android Auto","option":false,"serie":true},{"id":22,"name":"Connexion Bluetooth","option":false,"serie":true},{"id":23,"name":"Console centrale avec bac de rangement sous l\u0027accoudoir AV","option":false,"serie":true},{"id":24,"name":"Contr\u00f4le de la pression des pneumatiques","option":false,"serie":true},{"id":25,"name":"Contr\u00f4le de trajectoire \u00e9lectronique ESP","option":false,"serie":true},{"id":26,"name":"D\u00e9tection de fatigue du conducteur","option":false,"serie":true},{"id":27,"name":"Direction assist\u00e9e \u00e9lectrique asservie \u00e0 la vitesse","option":false,"serie":true},{"id":28,"name":"Dossier AR rabattable 60\/40","option":false,"serie":true},{"id":29,"name":"Drive Mode","option":false,"serie":true},{"id":30,"name":"Eclairage additionnel en virage","option":false,"serie":true},{"id":31,"name":"Eclairage d\u0027accueil dans les poign\u00e9es AV et sous les r\u00e9troviseurs ext\u00e9rieurs","option":false,"serie":true},{"id":32,"name":"Entourage de vitres chrom\u00e9","option":false,"serie":true},{"id":33,"name":"Feux antibrouillard AV","option":false,"serie":true},{"id":34,"name":"Feux AV bi-LED","option":false,"serie":true},{"id":35,"name":"Feux de jour et feux de position \u00e0 LED","option":false,"serie":true},{"id":36,"name":"Feux de route intelligents","option":false,"serie":true},{"id":37,"name":"Freinage d\u0027urgence autonome avec reconnaissance pi\u00e9ton","option":false,"serie":true},{"id":38,"name":"Frein de parking \u00e9lectrique avec fonction auto-hold","option":false,"serie":true},{"id":39,"name":"Jantes alliage 17\u0022","option":false,"serie":true},{"id":40,"name":"Miroirs de courtoisie \u00e9clair\u00e9s","option":false,"serie":true},{"id":41,"name":"Ordinateur de bord monochrome 3.5\u0022 multifonction","option":false,"serie":true},{"id":42,"name":"Pare-brise athermique","option":false,"serie":true},{"id":43,"name":"PEINTURE POLAR WHITE","option":true,"serie":false},{"id":44,"name":"Poches aumoni\u00e8res au dos des si\u00e8ges AV","option":false,"serie":true},{"id":45,"name":"Poign\u00e9es de portes int\u00e9rieures satin\u00e9es","option":false,"serie":true},{"id":46,"name":"Porte-gobelets AV\/AR","option":false,"serie":true},{"id":47,"name":"Prises 12V AV et coffre","option":false,"serie":true},{"id":48,"name":"Prise USB","option":false,"serie":true},{"id":49,"name":"Range-lunettes","option":false,"serie":true},{"id":50,"name":"R\u00e9ception radio num\u00e9rique terrestre (DAB)","option":false,"serie":true},{"id":51,"name":"Reconnaissance des panneaux de limitation de vitesse","option":false,"serie":true},{"id":52,"name":"R\u00e9gulateur\/Limiteur de vitesse","option":false,"serie":true},{"id":53,"name":"R\u00e9troviseur int\u00e9rieur jour\/nuit automatique","option":false,"serie":true},{"id":54,"name":"R\u00e9troviseurs \u00e9lectriques d\u00e9givrants, rabattables \u00e9lectriquement avec clignotants int\u00e9gr\u00e9s","option":false,"serie":true},{"id":55,"name":"R\u00e9troviseurs ext\u00e9rieurs ton carrosserie","option":false,"serie":true},{"id":56,"name":"Services connect\u00e9s BlueLink avec carte SIM incluse","option":false,"serie":true},{"id":57,"name":"Si\u00e8ge conducteur avec support lombaire \u00e9lectrique","option":false,"serie":true},{"id":58,"name":"Si\u00e8ges AV r\u00e9glables en hauteur","option":false,"serie":true},{"id":59,"name":"Spoiler AR noir laqu\u00e9","option":false,"serie":true},{"id":60,"name":"Syst\u00e8me audio RDS, MP3, 4 haut-parleurs, 2 tweeters","option":false,"serie":true},{"id":61,"name":"Syst\u00e8me d\u0027acc\u00e8s mains-libres et d\u00e9marrage sans cl\u00e9","option":false,"serie":true},{"id":62,"name":"Syst\u00e8me de navigation Europe avec programme de mise \u00e0 jour de la cartographie et services Hyundai live","option":false,"serie":true},{"id":63,"name":"Syst\u00e8me ISOFIX pour si\u00e8ge enfant aux places lat\u00e9rales AR","option":false,"serie":true},{"id":64,"name":"Syst\u00e8me multim\u00e9dia avec \u00e9cran couleur tactile 10.25\u0022 et reconnaissance vocale","option":false,"serie":true},{"id":65,"name":"Verrouillage automatique des portes en roulant","option":false,"serie":true},{"id":66,"name":"Verrouillage centralis\u00e9 \u00e0 distance avec cl\u00e9 r\u00e9tractable","option":false,"serie":true},{"id":67,"name":"Vide-poches dans portes AV\/AR","option":false,"serie":true},{"id":68,"name":"Vitres AR surteint\u00e9es","option":false,"serie":true},{"id":69,"name":"Vitres AV\/AR \u00e9lectriques s\u00e9quentielles","option":false,"serie":true},{"id":70,"name":"Volant et pommeau de levier de vitesses gain\u00e9s de cuir","option":false,"serie":true},{"id":71,"name":"Volant r\u00e9glable en hauteur et en profondeur","option":false,"serie":true}],"year":2021,"kilometers":9500,"energy":"Essence","version":"i30 1.0 T-GDi 120 iBVM6","storedPlace":"Saint-Maximin(60)","price":25793.22,"loaEcheanceAvecAssurance":395.83,"gearbox":"Manuelle"},{"media":{},"brandName":"CITROEN","model":"C3 AIRCROSS","id":9241,"tagName":"","hasTag":false,"equipementsVehicule":[{"id":0,"name":"ABS avec REF, AFU et ESP","option":false,"serie":true},{"id":1,"name":"Aide au d\u00e9marrage en pente","option":false,"serie":true},{"id":2,"name":"Aide au stationnement AR","option":false,"serie":true},{"id":3,"name":"Airbags frontaux AV, lat\u00e9raux AV et rideaux","option":false,"serie":true},{"id":4,"name":"Allumage automatique des feux","option":false,"serie":true},{"id":5,"name":"Banquette AR fractionnable 2\/3 - 1\/3","option":false,"serie":true},{"id":6,"name":"Barres de toit Noir Brillant","option":false,"serie":true},{"id":7,"name":"Citro\u00ebn Connect Box avec Pack SOS et assistance inclus","option":false,"serie":true},{"id":8,"name":"Citro\u00ebn Connect Nav sur tablette tactile 9\u0027\u0027: comprend le syst\u00e8me de navigation TomTom, la reconnaissance vocale et durant 3 ans les services Connect Nav (inclut les services \u00ab Zones de danger \u00bb, \u00ab Info Trafic \u00bb, \u00ab Stations-service \u00bb, \u00ab Parkings \u00bb, \u00ab M\u00e9t\u00e9o \u00bb et \u00ab Recherche locale \u00bb).","option":false,"serie":true},{"id":9,"name":"Condamnation centralis\u00e9e avec 2 PLIP HF","option":false,"serie":true},{"id":10,"name":"Coques de r\u00e9troviseurs ext\u00e9rieurs Noir Onyx Brillant","option":false,"serie":true},{"id":11,"name":"D\u00e9cors ext\u00e9rieurs Noir Brillant","option":false,"serie":true},{"id":12,"name":"D\u00e9tection de sous-gonflage","option":false,"serie":true},{"id":13,"name":"Direction assist\u00e9e","option":false,"serie":true},{"id":14,"name":"Elargisseurs d\u0027ailes et bas de caisse Noir Mat","option":false,"serie":true},{"id":15,"name":"Enjoliveurs de projecteurs Noir Brillant","option":false,"serie":true},{"id":16,"name":"Feux diurnes \u00e0 LED","option":false,"serie":true},{"id":17,"name":"Frein \u00e0 main avec insert chrome","option":false,"serie":true},{"id":18,"name":"Jantes alliage 16\u0022 X CROSS Diamant\u00e9es","option":false,"serie":true},{"id":19,"name":"Kit de d\u00e9pannage provisoire de pneumatiques","option":false,"serie":true},{"id":20,"name":"Kit mains libres Bluetooth et prise USB","option":false,"serie":true},{"id":21,"name":"L\u00e8ve-vitres AV et AR \u00e9lectriques et s\u00e9quentiels","option":false,"serie":true},{"id":22,"name":"Mirror Screen","option":false,"serie":true},{"id":23,"name":"Ordinateur de bord","option":false,"serie":true},{"id":24,"name":"Pack Auto","option":false,"serie":true},{"id":25,"name":"Pack Color Shiny Black","option":false,"serie":true},{"id":26,"name":"Pack Safety - Active Safety Brake - Alerte active de Franchissement Involontaire de Ligne - Alerte Attention Conducteur - Alerte Risque Collision - Coffee Break Alert - Reconnaissance des panneaux de vitesse et recommandation - R\u00e9gulateur-limiteur de vitesse - T\u00e9moin de non-bouclage des ceintures de s\u00e9curit\u00e9 conducteur et passagers","option":false,"serie":true},{"id":27,"name":"Plancher de coffre escamotable","option":false,"serie":true},{"id":28,"name":"Poign\u00e9es de portes ext\u00e9rieures couleur caisse","option":false,"serie":true},{"id":29,"name":"Prise 12 V \u00e0 l\u0027AR de console centrale","option":false,"serie":true},{"id":30,"name":"Prise 12 V en AV de console centrale","option":false,"serie":true},{"id":31,"name":"Projecteurs antibrouillard LED avec \u00e9clairage statique d\u0027intersection","option":false,"serie":true},{"id":32,"name":"Projecteurs LED","option":false,"serie":true},{"id":33,"name":"R\u00e9gulateur - limiteur de vitesse","option":false,"serie":true},{"id":34,"name":"Rehausse de si\u00e8ge conducteur","option":false,"serie":true},{"id":35,"name":"R\u00e9troviseurs ext\u00e9rieurs \u00e9lectriques et d\u00e9givrants","option":false,"serie":true},{"id":36,"name":"R\u00e9troviseurs ext\u00e9rieurs rabattables \u00e9lectriquement avec \u00e9clairage de seuil","option":false,"serie":true},{"id":37,"name":"Sabots de protection AV et AR Gris Anthra","option":false,"serie":true},{"id":38,"name":"Syst\u00e8me audio num\u00e9rique (DAB) MP3 6 HP","option":false,"serie":true},{"id":39,"name":"Syst\u00e8me Stop \u0026 Start","option":false,"serie":true},{"id":40,"name":"Tissu Mica Grey","option":false,"serie":true},{"id":41,"name":"Vitres et lunette AR surteint\u00e9es - Chrome in glass","option":false,"serie":true},{"id":42,"name":"Volant cro\u00fbte de cuir","option":false,"serie":true},{"id":43,"name":"Volant r\u00e9glable en hauteur et en profondeur","option":false,"serie":true}],"year":2021,"kilometers":73710,"energy":"Diesel","version":"C3 Aircross BlueHDi 120 S\u0026S EAT6","storedPlace":"Maizi\u00e8res-la-Grande-Paroisse(10)","price":15795,"loaEcheanceAvecAssurance":0,"gearbox":"Automatique"},{"media":{},"brandName":"CITROEN","model":"NEW C5 AC","id":9273,"tagName":"","hasTag":false,"equipementsVehicule":[{"id":0,"name":"GRIS","option":true,"serie":false},{"id":1,"name":"Jantes Alliage 20\u0027\u0027 OBSIDIAN","option":true,"serie":false},{"id":2,"name":"Kit de d\u00e9pannage provisoire de pneumatiques","option":true,"serie":false},{"id":3,"name":"Pompe \u00e0 chaleur","option":true,"serie":false},{"id":4,"name":"Toit bi-ton Noir Perla Nera","option":true,"serie":false},{"id":5,"name":"Toit ouvrant vitr\u00e9 panoramique + R\u00e9troviseur int\u00e9r","option":true,"serie":false}],"year":2025,"kilometers":2500,"energy":null,"version":"Nouveau C5 Aircross \u00c9lectrique 210ch, bo\u00eete automa","storedPlace":"Saint-Maximin(60)","price":46870,"loaEcheanceAvecAssurance":0,"gearbox":"Automatique"},{"media":{},"brandName":"CITROEN","model":"E-C4","id":9282,"tagName":"","hasTag":false,"equipementsVehicule":[{"id":0,"name":"2 prises USB au rang 1 (1 type C + 1 type A) + 1 prise USB en rang 2 (type A)","option":false,"serie":true},{"id":1,"name":"ABS + AFU + ESP + REF","option":false,"serie":true},{"id":2,"name":"Acc\u00e8s et d\u00e9marrage mains libres Proximity","option":false,"serie":true},{"id":3,"name":"A\u00e9rateurs centraux en rang 2","option":false,"serie":true},{"id":4,"name":"Aide au d\u00e9marrage en pente","option":false,"serie":true},{"id":5,"name":"Aide au stationnement AR","option":false,"serie":true},{"id":6,"name":"Airbags frontaux, lat\u00e9raux AV et rideaux","option":false,"serie":true},{"id":7,"name":"Avertisseur Sonore Pi\u00e9ton","option":false,"serie":true},{"id":8,"name":"Badge COLLECTION sur le coffre","option":false,"serie":true},{"id":9,"name":"Banquette AR fractionnable 2\/3 - 1\/3","option":false,"serie":true},{"id":10,"name":"Bo\u00eete automatique 1 vitesse","option":false,"serie":true},{"id":11,"name":"C\u00e2ble de recharge Mode 3 triphas\u00e9 pour prise de charge T2","option":false,"serie":true},{"id":12,"name":"Cam\u00e9ra de recul","option":false,"serie":true},{"id":13,"name":"Chargeur embarqu\u00e9 11 kW triphas\u00e9","option":true,"serie":false},{"id":14,"name":"Chargeur embarqu\u00e9 7,4 kW monophas\u00e9 bidirectionnel avec fonction V2L (Vehicle To Load)","option":false,"serie":true},{"id":15,"name":"Climatisation automatique bizone","option":false,"serie":true},{"id":16,"name":"Color Clips Rouge Andr\u00e9","option":false,"serie":true},{"id":17,"name":"Combin\u00e9 num\u00e9rique couleur 7\u0022 TFT","option":false,"serie":true},{"id":18,"name":"Console centrale haute avec rangements et accoudoir","option":false,"serie":true},{"id":19,"name":"Coques de r\u00e9troviseurs ext\u00e9rieurs Noir Brillant","option":false,"serie":true},{"id":20,"name":"D\u00e9tection de sous-gonflage","option":false,"serie":true},{"id":21,"name":"Direction assist\u00e9e","option":false,"serie":true},{"id":22,"name":"DTAB","option":true,"serie":false},{"id":23,"name":"Ecran central 10\u0022 tactile: - Syst\u00e8me audio num\u00e9rique (DAB) 6 HPs  - Apple CarPlay et Android Auto sans fil  - Reconnaissance vocale  - Kit mains libres Bluetooth  - Bo\u00eetier t\u00e9l\u00e9matique : Appel d\u0027urgence et Citro\u00ebn Assistance","option":false,"serie":true},{"id":24,"name":"Elargisseurs d\u0027aile et bas de caisse Noir Mat","option":false,"serie":true},{"id":25,"name":"Essuie-vitre AV automatique","option":false,"serie":true},{"id":26,"name":"Feux AR \u00e0 LED avec signature lumineuse","option":false,"serie":true},{"id":27,"name":"Feux diurnes \u00e0 LED avec signature lumineuse","option":false,"serie":true},{"id":28,"name":"Frein de stationnement \u00e9lectrique automatique","option":false,"serie":true},{"id":29,"name":"Garnissage Tissu Hello Noir\/Toile enduite Gris Ambiance Urban Grey + Si\u00e8ges Advanced Comfort","option":false,"serie":true},{"id":30,"name":"Jantes alliage 18\u0027\u0027 AMBER Noires","option":false,"serie":true},{"id":31,"name":"Kit de d\u00e9pannage provisoire de pneumatiques","option":false,"serie":true},{"id":32,"name":"L\u00e9cheurs de vitres lat\u00e9rales Noir","option":false,"serie":true},{"id":33,"name":"L\u00e8ve-vitres AV et AR \u00e9lectriques et s\u00e9quentiels","option":false,"serie":true},{"id":34,"name":"Navigation 3D Connect\u00e9e sur \u00e9cran central 10\u0027\u0027 tactile - Syst\u00e8me de navigation TomTom  - Reconnaissance vocale avec langage naturel  - Interface personnalisable  - Services Connect PLUS additionnels pour une p\u00e9riode d\u0027essai de 12 mois","option":false,"serie":true},{"id":35,"name":"Pack Safety - Active Safety Brake (fonctionne de 30 \u00e0 80 km\/h et d\u00e9tecte les pi\u00e9tons et les cyclistes)  - Alerte active de Franchissement Involontaire de Ligne   - Alerte Attention Conducteur   - Alerte Risque Collision   - Allumage automatique des feux de croisement  - Coffee Break Alert   - Reconnaissance des panneaux de vitesse et recommandation   - R\u00e9gulateur-limiteur de vitesse   - T\u00e9moin de non-bouclage des ceintures de s\u00e9curit\u00e9 conducteur et passagers","option":false,"serie":true},{"id":36,"name":"Pack Techno","option":true,"serie":false},{"id":37,"name":"Poche aum\u00f4ni\u00e8re au dos des si\u00e8ges AV","option":false,"serie":true},{"id":38,"name":"Poign\u00e9es de portes ext\u00e9rieures couleur caisse","option":false,"serie":true},{"id":39,"name":"Pompe \u00e0 chaleur","option":true,"serie":false},{"id":40,"name":"Pr\u00e9conditionnement thermique","option":false,"serie":true},{"id":41,"name":"Projecteurs LED","option":false,"serie":true},{"id":42,"name":"Recharge rapide en courant continu de 100 kW (borne publique)","option":false,"serie":true},{"id":43,"name":"R\u00e9troviseurs ext\u00e9rieurs \u00e9lectriques et d\u00e9givrants","option":false,"serie":true},{"id":44,"name":"R\u00e9troviseurs ext\u00e9rieurs rabattables \u00e9lectriquement","option":false,"serie":true},{"id":45,"name":"Sabot AV Gris Mercury Satin","option":false,"serie":true},{"id":46,"name":"Sabot AV Silver Chrome Satin","option":false,"serie":true},{"id":47,"name":"Services Connect PLUS Gratuit pendant une p\u00e9riode d\u0027essai de 12 mois","option":false,"serie":true},{"id":48,"name":"Si\u00e8ge conducteur avec r\u00e9glage lombaire","option":false,"serie":true},{"id":49,"name":"Si\u00e8ges conducteur et passager r\u00e9glables en hauteur","option":false,"serie":true},{"id":50,"name":"Surtapis AV\/AR sp\u00e9cifiques","option":false,"serie":true},{"id":51,"name":"Suspension Citro\u00ebn Advanced Comfort","option":false,"serie":true},{"id":52,"name":"TCS (Contr\u00f4le de la traction)","option":false,"serie":true},{"id":53,"name":"Teinte de caisse m\u00e9tallis\u00e9e","option":true,"serie":false},{"id":54,"name":"Teinte de caisse m\u00e9tallis\u00e9e","option":true,"serie":false},{"id":55,"name":"Teinte de caisse nacr\u00e9e","option":true,"serie":false},{"id":56,"name":"Top Rear Vision de la cam\u00e9ra de recul","option":false,"serie":true},{"id":57,"name":"Trip Planner","option":false,"serie":true},{"id":58,"name":"Vitres AR et lunette AR surteint\u00e9es","option":false,"serie":true},{"id":59,"name":"Volant cro\u00fbte de cuir","option":false,"serie":true},{"id":60,"name":"Volant r\u00e9glable en hauteur et en profondeur","option":false,"serie":true}],"year":2025,"kilometers":10,"energy":"Electrique","version":"e-C4 156 ch autonomie \u00e9tendue","storedPlace":"Saint-Maximin(60)","price":37300,"loaEcheanceAvecAssurance":0,"gearbox":"Automatique"},{"media":{},"brandName":"CITROEN","model":"E-C4","id":9244,"tagName":"","hasTag":false,"equipementsVehicule":[{"id":0,"name":"2 prises USB au rang 1 (1 type C + 1 type A) + 1 prise USB en rang 2 (type A)","option":false,"serie":true},{"id":1,"name":"ABS + AFU + ESP + REF","option":false,"serie":true},{"id":2,"name":"Acc\u00e8s et d\u00e9marrage mains libres Proximity 2 T\u00e9l\u00e9commandes 3 boutons (verrouillage, coffre et d\u00e9verrouillage).","option":false,"serie":true},{"id":3,"name":"A\u00e9rateurs centraux en rang 2","option":false,"serie":true},{"id":4,"name":"Aide au d\u00e9marrage en pente","option":false,"serie":true},{"id":5,"name":"Aide au stationnement AR","option":false,"serie":true},{"id":6,"name":"Airbags frontaux, lat\u00e9raux AV et rideaux","option":false,"serie":true},{"id":7,"name":"Avertisseur Sonore Pi\u00e9ton","option":false,"serie":true},{"id":8,"name":"Badge COLLECTION sur le coffre","option":false,"serie":true},{"id":9,"name":"Banquette AR fractionnable 2\/3 - 1\/3","option":false,"serie":true},{"id":10,"name":"Bo\u00eete automatique 1 vitesse","option":false,"serie":true},{"id":11,"name":"C\u00e2ble de recharge Mode 3 triphas\u00e9 pour prise de charge T2","option":false,"serie":true},{"id":12,"name":"Cam\u00e9ra de recul","option":false,"serie":true},{"id":13,"name":"Chargeur embarqu\u00e9 11 kW triphas\u00e9","option":true,"serie":false},{"id":14,"name":"Chargeur embarqu\u00e9 11 kW triphas\u00e9","option":true,"serie":false},{"id":15,"name":"Chargeur embarqu\u00e9 7.4 kW monophas\u00e9","option":false,"serie":true},{"id":16,"name":"Climatisation automatique bi-zone","option":false,"serie":true},{"id":17,"name":"Color Clips Rouge Andr\u00e9","option":false,"serie":true},{"id":18,"name":"Combin\u00e9 num\u00e9rique couleur 7\u0022 TFT","option":false,"serie":true},{"id":19,"name":"Console centrale haute avec rangements et accoudoir","option":false,"serie":true},{"id":20,"name":"Coques de r\u00e9troviseurs ext\u00e9rieurs Noir Brillant","option":false,"serie":true},{"id":21,"name":"D\u00e9tection de sous-gonflage","option":false,"serie":true},{"id":22,"name":"Direction assist\u00e9e","option":false,"serie":true},{"id":23,"name":"DQAB","option":true,"serie":false},{"id":24,"name":"Ecran central 10\u0022 tactile: - Syst\u00e8me audio num\u00e9rique (DAB) 6 HPs  - Apple CarPlay et Android Auto sans fil  - Reconnaissance vocale  - Kit mains libres Bluetooth  - Bo\u00eetier t\u00e9l\u00e9matique : Appel d\u0027urgence et Citro\u00ebn Assistance","option":false,"serie":true},{"id":25,"name":"Elargisseurs d\u0027aile et bas de caisse Noir Mat","option":false,"serie":true},{"id":26,"name":"Essuie-vitre AV automatique","option":false,"serie":true},{"id":27,"name":"Feux AR \u00e0 LED avec signature lumineuse","option":false,"serie":true},{"id":28,"name":"Feux diurnes \u00e0 LED avec signature lumineuse","option":false,"serie":true},{"id":29,"name":"Frein de stationnement \u00e9lectrique automatique","option":false,"serie":true},{"id":30,"name":"Garnissage Tissu Hello Noir\/Toile enduite Gris Ambiance Urban Grey + Si\u00e8ges Advanced Comfort","option":false,"serie":true},{"id":31,"name":"Jantes alliage 18\u0027\u0027 AMBER Noires","option":false,"serie":true},{"id":32,"name":"Kit de d\u00e9pannage provisoire de pneumatiques","option":false,"serie":true},{"id":33,"name":"L\u00e9cheurs de vitres lat\u00e9rales Noir","option":false,"serie":true},{"id":34,"name":"L\u00e8ve-vitres AV et AR \u00e9lectriques et s\u00e9quentiels","option":false,"serie":true},{"id":35,"name":"Navigation 3D Connect\u00e9e sur \u00e9cran central 10\u0027\u0027 tactile - Syst\u00e8me de navigation TomTom  - Reconnaissance vocale avec langage naturel  - Interface personnalisable  - Services Connect PLUS additionnels pour une p\u00e9riode d\u0027essai de 12 mois","option":false,"serie":true},{"id":36,"name":"Pack Safety - Active Safety Brake (fonctionne de 30 \u00e0 80 km\/h et d\u00e9tecte les pi\u00e9tons et les cyclistes)  - Alerte active de Franchissement Involontaire de Ligne   - Alerte Attention Conducteur   - Alerte Risque Collision   - Allumage automatique des feux de croisement  - Coffee Break Alert   - Reconnaissance des panneaux de vitesse et recommandation   - R\u00e9gulateur-limiteur de vitesse   - T\u00e9moin de non-bouclage des ceintures de s\u00e9curit\u00e9 conducteur et passagers","option":false,"serie":true},{"id":37,"name":"Poche aum\u00f4ni\u00e8re au dos des si\u00e8ges AV","option":false,"serie":true},{"id":38,"name":"Poign\u00e9es de portes ext\u00e9rieures couleur caisse","option":false,"serie":true},{"id":39,"name":"Pompe \u00e0 chaleur","option":true,"serie":false},{"id":40,"name":"Pompe \u00e0 chaleur","option":true,"serie":false},{"id":41,"name":"Pr\u00e9conditionnement thermique","option":false,"serie":true},{"id":42,"name":"Projecteurs LED","option":false,"serie":true},{"id":43,"name":"Recharge rapide en courant continu de 100 kW (borne publique)","option":false,"serie":true},{"id":44,"name":"R\u00e9troviseurs ext\u00e9rieurs \u00e9lectriques et d\u00e9givrants","option":false,"serie":true},{"id":45,"name":"R\u00e9troviseurs ext\u00e9rieurs rabattables \u00e9lectriquement","option":false,"serie":true},{"id":46,"name":"Sabot AV Gris Mercury Satin","option":false,"serie":true},{"id":47,"name":"Sabot AV Silver Chrome Satin","option":false,"serie":true},{"id":48,"name":"Services Connect PLUS Gratuit pendant une p\u00e9riode d\u0027essai de 12 mois","option":false,"serie":true},{"id":49,"name":"Si\u00e8ge conducteur avec r\u00e9glage lombaire","option":false,"serie":true},{"id":50,"name":"Si\u00e8ges conducteur et passager r\u00e9glables en hauteur","option":false,"serie":true},{"id":51,"name":"Surtapis AV\/AR sp\u00e9cifiques","option":false,"serie":true},{"id":52,"name":"Suspension Citro\u00ebn Advanced Comfort","option":false,"serie":true},{"id":53,"name":"TCS (Contr\u00f4le de la traction)","option":false,"serie":true},{"id":54,"name":"Teinte de caisse m\u00e9tallis\u00e9e","option":true,"serie":false},{"id":55,"name":"Toit bi-ton Noir Perla Nera","option":true,"serie":false},{"id":56,"name":"Top Rear Vision de la cam\u00e9ra de recul","option":false,"serie":true},{"id":57,"name":"Trip Planner","option":false,"serie":true},{"id":58,"name":"Vitres AR et lunette AR surteint\u00e9es","option":false,"serie":true},{"id":59,"name":"Volant cro\u00fbte de cuir","option":false,"serie":true},{"id":60,"name":"Volant r\u00e9glable en hauteur et en profondeur","option":false,"serie":true}],"year":2025,"kilometers":7500,"energy":"Electrique","version":"e-C4 156 ch autonomie \u00e9tendue","storedPlace":"Saint-Maximin(60)","price":36126,"loaEcheanceAvecAssurance":0,"gearbox":"Automatique"},{"media":{},"brandName":"CITROEN","model":"JUMPER FOURGON","id":9285,"tagName":"","hasTag":false,"equipementsVehicule":[{"id":0,"name":"ABS, AFU, ASR et ESP (ESC am\u00e9lior\u00e9 avec assistance en cas de vent lat\u00e9ral, contr\u00f4le de stabilit\u00e9 de la remorque, et freinage apr\u00e8s collision)","option":false,"serie":true},{"id":1,"name":"Aide au d\u00e9marrage en pente","option":false,"serie":true},{"id":2,"name":"Aide au stationnement AR avec avertisseur sonore pour pi\u00e9tons","option":false,"serie":true},{"id":3,"name":"Airbag conducteur","option":false,"serie":true},{"id":4,"name":"Airbag passager","option":false,"serie":true},{"id":5,"name":"Alternateur standard (180 A)","option":false,"serie":true},{"id":6,"name":"Antenne radio num\u00e9rique","option":false,"serie":true},{"id":7,"name":"Attelage crochet fixe (classique)","option":true,"serie":false},{"id":8,"name":"Avertisseur sonore de marche AR","option":false,"serie":true},{"id":9,"name":"Banquette passager biplace","option":false,"serie":true},{"id":10,"name":"Batterie standard (95 Ah)","option":false,"serie":true},{"id":11,"name":"Bo\u00eete manuelle 6 vitesses","option":false,"serie":true},{"id":12,"name":"Boitier t\u00e9l\u00e9matique Autonome (BTA)","option":false,"serie":true},{"id":13,"name":"Capteurs de pression des pneumatiques (TPMS indirect)","option":false,"serie":true},{"id":14,"name":"Capucine de rangement","option":true,"serie":false},{"id":15,"name":"Climatisation manuelle","option":false,"serie":true},{"id":16,"name":"Cloison t\u00f4l\u00e9e","option":false,"serie":true},{"id":17,"name":"Condamnation centralis\u00e9e avec plip","option":false,"serie":true},{"id":18,"name":"Contr\u00f4le de la pression des pneus","option":false,"serie":true},{"id":19,"name":"Contr\u00f4le de traction (TCS)","option":false,"serie":true},{"id":20,"name":"Crochets d\u0027arrimage lat\u00e9raux dans l\u0027espace de chargement","option":false,"serie":true},{"id":21,"name":"Direction assist\u00e9e \u00e9lectrique","option":false,"serie":true},{"id":22,"name":"Kit de gonflage pneumatiques Fix\u0026Go","option":false,"serie":true},{"id":23,"name":"Kit de r\u00e9duction de CO2: Spoiler central (DAM), Guide d\u0027air, Grille avec volets pilot\u00e9s (AGS)","option":false,"serie":true},{"id":24,"name":"L\u00e8ve-vitres AV \u00e9lectriques","option":false,"serie":true},{"id":25,"name":"METAL.VERNIS","option":true,"serie":false},{"id":26,"name":"NOIR","option":true,"serie":false},{"id":27,"name":"Pack Cargo","option":true,"serie":false},{"id":28,"name":"Pack Premium Connect","option":true,"serie":false},{"id":29,"name":"Pack Roue de secours (roue de secours + support)","option":true,"serie":false},{"id":30,"name":"Pack S\u00e9curit\u00e9 Freinage d\u0027urgence autonome avec d\u00e9tection pi\u00e9ton \/ cycliste, Aide au maintien dans la voie, Reconnaissance des panneaux de signalisation, D\u00e9tecteur de fatigue ou d\u0027inattention (attention assist), Adaptation intelligente de la vitesse","option":false,"serie":true},{"id":31,"name":"Pare-choc AV grain\u00e9","option":false,"serie":true},{"id":32,"name":"Porte-gobelets au milieu du tableau de bord","option":false,"serie":true},{"id":33,"name":"Porte lat\u00e9rale coulissante droite t\u00f4l\u00e9e","option":false,"serie":true},{"id":34,"name":"Portes AR a 2 battantes t\u00f4l\u00e9es","option":false,"serie":true},{"id":35,"name":"Projecteurs halog\u00e8ne avec feux de circulation diurne","option":false,"serie":true},{"id":36,"name":"Rappel de bouclage des ceintures de s\u00e9curit\u00e9","option":false,"serie":true},{"id":37,"name":"R\u00e9gulateur - limiteur de vitesse","option":false,"serie":true},{"id":38,"name":"R\u00e9servoir 90l","option":false,"serie":true},{"id":39,"name":"R\u00e9servoir d\u0027ADBlue 19 litres","option":false,"serie":true},{"id":40,"name":"R\u00e9troviseurs ext\u00e9rieurs \u00e9lectriques et d\u00e9givrants","option":false,"serie":true},{"id":41,"name":"Roues en acier 15\u0027\u0027","option":false,"serie":true},{"id":42,"name":"Sellerie en tissu cr\u00eape noir + appuie-t\u00eate pleins","option":false,"serie":true},{"id":43,"name":"Si\u00e8ge conducteur avec r\u00e9glage en hauteur, r\u00e9glagle lombaire et accoudoir","option":false,"serie":true},{"id":44,"name":"Syst\u00e8me audio 5\u0022 avec radio num\u00e9rique (DAB) +  Bluetooth + 1 port USB","option":false,"serie":true},{"id":45,"name":"Verrouillage centralis\u00e9","option":false,"serie":true},{"id":46,"name":"Vitres AR \u00e9lectriques","option":false,"serie":true},{"id":47,"name":"Volant r\u00e9glable en hauteur","option":false,"serie":true}],"year":2025,"kilometers":100,"energy":"Diesel","version":"JUMPER FOURGON TOLE 30 L2H1 120 S\u0026S BVM6","storedPlace":"Saint-Maximin(60)","price":38900,"loaEcheanceAvecAssurance":0,"gearbox":"Manuelle"},{"media":{},"brandName":"OPEL","model":"CROSSLAND","id":9314,"tagName":"","hasTag":false,"equipementsVehicule":[{"id":0,"name":"2 ports USB","option":false,"serie":true},{"id":1,"name":"Accoudoir conducteur","option":false,"serie":true},{"id":2,"name":"Aide au d\u00e9marrage en c\u00f4te","option":false,"serie":true},{"id":3,"name":"Aide au stationnement AR","option":false,"serie":true},{"id":4,"name":"Airbag passager d\u00e9connectable par interrupteur","option":false,"serie":true},{"id":5,"name":"Airbags frontaux conducteur et passager","option":false,"serie":true},{"id":6,"name":"Airbags lat\u00e9raux sur si\u00e8ges AV","option":false,"serie":true},{"id":7,"name":"Antenne courte","option":false,"serie":true},{"id":8,"name":"Appuis-t\u00eate AV r\u00e9glables en hauteur","option":false,"serie":true},{"id":9,"name":"Banquette AR rabattable 60\/40","option":false,"serie":true},{"id":10,"name":"Cam\u00e9ra Opel Eye (alerte de changement de voie intempestif, reconnaissance des panneaux de signalisation coupl\u00e9e au r\u00e9gulateur \/ limiteur de vitesse)","option":false,"serie":true},{"id":11,"name":"Climatisation manuelle","option":false,"serie":true},{"id":12,"name":"Commandes d\u0027infotainment au volant","option":false,"serie":true},{"id":13,"name":"Contr\u00f4le automatique de la pression des pneus","option":false,"serie":true},{"id":14,"name":"Contr\u00f4le \u00e9lectronique de trajectoire ESP","option":false,"serie":true},{"id":15,"name":"Direction assist\u00e9e","option":false,"serie":true},{"id":16,"name":"Eclairage d\u0027ambiance dans les contre-portes","option":false,"serie":true},{"id":17,"name":"Feux de jour \u00e0 LED","option":false,"serie":true},{"id":18,"name":"Grille de radiateur noire avec barre chrom\u00e9e","option":false,"serie":true},{"id":19,"name":"Instrumentation digitale de 3,5\u0022","option":false,"serie":true},{"id":20,"name":"Jantes alliage 17\u0022 5 doubles branches couleur Noire","option":false,"serie":true},{"id":21,"name":"Kit anti-crevaison","option":false,"serie":true},{"id":22,"name":"Lampes de lecture \u00e0 l\u0027 AV","option":false,"serie":true},{"id":23,"name":"Ligne de vitrage rouge","option":false,"serie":true},{"id":24,"name":"Ordinateur de bord","option":false,"serie":true},{"id":25,"name":"Pack City","option":true,"serie":false},{"id":26,"name":"Pack Modularit\u00e9","option":false,"serie":true},{"id":27,"name":"Pack Visibilit\u00e9","option":false,"serie":true},{"id":28,"name":"Pack Vision","option":false,"serie":true},{"id":29,"name":"Pare-soleils avec miroir de courtoisie c\u00f4t\u00e9 passager","option":false,"serie":true},{"id":30,"name":"Phares AR \u00e0 LED","option":false,"serie":true},{"id":31,"name":"Plafonnier avec double spot de lecture","option":false,"serie":true},{"id":32,"name":"Poche de rangement au dos des si\u00e8ges AV","option":false,"serie":true},{"id":33,"name":"Poign\u00e9es de portes couleur carrosserie","option":false,"serie":true},{"id":34,"name":"Prise 12 V","option":false,"serie":true},{"id":35,"name":"Rails de toit chrom\u00e9s","option":false,"serie":true},{"id":36,"name":"R\u00e9troviseurs ext\u00e9rieurs r\u00e9glables \u00e9lectriquement et rabattables manuellement","option":false,"serie":true},{"id":37,"name":"Sabots AV et AR fa\u00e7on aluminium","option":false,"serie":true},{"id":38,"name":"Seconde cl\u00e9 rigide","option":false,"serie":true},{"id":39,"name":"S\u00e9curit\u00e9 enfants aux portes AR","option":false,"serie":true},{"id":40,"name":"Si\u00e8ge conducteur ergonomique certifi\u00e9 AGR","option":false,"serie":true},{"id":41,"name":"Si\u00e8ge conducteur r\u00e9glable en hauteur","option":false,"serie":true},{"id":42,"name":"Si\u00e8ge passager AV ergonomique certifi\u00e9 AGR","option":false,"serie":true},{"id":43,"name":"Spoiler AR Noir","option":false,"serie":true},{"id":44,"name":"Syst\u00e8me anti-blocage des roues (ABS)","option":false,"serie":true},{"id":45,"name":"Syst\u00e8me Multim\u00e9dia avec \u00e9cran tactile 7\u0027\u0027, 4x20W, 6 HP, radio DAB, USB, Bluetooth mains libres, audio streaming, Apple CarPlay \u0026 Android Auto","option":false,"serie":true},{"id":46,"name":"Syst\u00e8me Start\/Stop","option":false,"serie":true},{"id":47,"name":"Vitres AR \u00e9lectriques","option":false,"serie":true},{"id":48,"name":"Vitres AV \u00e9lectriques","option":false,"serie":true},{"id":49,"name":"Volant cuir multifonctions 3 branches avec m\u00e9plat","option":false,"serie":true}],"year":2021,"kilometers":37388,"energy":"Essence","version":"Crossland 1.2 Turbo 110 ch BVM6","storedPlace":"Chanteloup-en-Brie(77)","price":13790,"loaEcheanceAvecAssurance":212.07,"gearbox":"Manuelle"},{"media":{},"brandName":"PEUGEOT","model":"3008 ELECTRIQUE","id":9330,"tagName":"","hasTag":false,"equipementsVehicule":[{"id":0,"name":"3 prises 12 V (Console centrale, rang 2, coffre)","option":false,"serie":true},{"id":1,"name":"4 poign\u00e9es de maintien r\u00e9tractables (2 \u00e0 l\u0027AV et 2 \u00e0 l\u0027AR)","option":false,"serie":true},{"id":2,"name":"6 airbags: frontaux conducteur et passager auto-adaptatifs (passager neutralisable par cl\u00e9), lat\u00e9raux conducteur et passager AV (thorax et bassin), rideaux aux places AV et AR (t\u00eate et thorax)","option":false,"serie":true},{"id":3,"name":"6 HP (2 tweeters et 2 woofers \u00e0 l\u0027AV et 2 larges bandes \u00e0 l\u0027AR)","option":false,"serie":true},{"id":4,"name":"ABS","option":false,"serie":true},{"id":5,"name":"Acc\u00e8s et d\u00e9marrage mains libres Proximity","option":false,"serie":true},{"id":6,"name":"Air conditionn\u00e9 automatique bi-zone","option":false,"serie":true},{"id":7,"name":"Allumage automatique des phares","option":false,"serie":true},{"id":8,"name":"Banquette AR avec dossier rabattable 40\/20\/40","option":false,"serie":true},{"id":9,"name":"Bo\u00eete automatique \u00e0 variation continue","option":false,"serie":true},{"id":10,"name":"C\u00e2ble \u00e9lectrique mode 3 triphas\u00e9 22 kW","option":false,"serie":true},{"id":11,"name":"Chargeur embarqu\u00e9 11 kW triphas\u00e9 bi-directionnel Avec pr\u00e9disposition V2L (Vehicle to Load)","option":false,"serie":true},{"id":12,"name":"Contr\u00f4le de traction","option":false,"serie":true},{"id":13,"name":"D\u00e9tection de sous-gonflage indirecte","option":false,"serie":true},{"id":14,"name":"Direction assist\u00e9e","option":false,"serie":true},{"id":15,"name":"Eclairage int\u00e9rieur Plafonnier AV et liseuses AR \u00e0 LED,  Boite \u00e0 gants et rangement de console \u00e9clair\u00e9s \u00e0 LED,  Eclairage des caves \u00e0 pieds AV \u00e0 LED","option":false,"serie":true},{"id":16,"name":"El\u00e9ments de style \u00e9xterieur Bandeau entre les projecteurs Noir laqu\u00e9 avec logo 3008. Calandre couleur caisse, \u00e9copes lat\u00e9rales Noir laqu\u00e9, d\u00e9cor inf\u00e9rieur Gris Meteor, jupe inf\u00e9rieure Noir grain\u00e9. Vitres AR, vitres de custode et lunette AR surteint\u00e9es. L\u00e9cheurs de vitres masqu\u00e9s. Enjoliveurs de passages de roues et protections inf\u00e9rieures de portes Noir grain\u00e9. Bandeau entre les feux AR Noir laqu\u00e9 avec lettrage PEUGEOT. Pare chocs AR avec d\u00e9cor Gris Meteor et jupe inf\u00e9rieure Noir grain\u00e9, Monogrammes AV et AR","option":false,"serie":true},{"id":17,"name":"El\u00e9ments de style int\u00e9rieure Planche de bord mouss\u00e9e avec d\u00e9cor tissu RIMINI chin\u00e9 et alc\u00f4ve Graph\u00e8ne,  fa\u00e7ade et a\u00e9rateurs Noir laqu\u00e9 avec d\u00e9cor Gris St\u00e8ne,  Panneaux de portes avec d\u00e9cor tissu RIMINI chin\u00e9, alc\u00f4ve Graph\u00e8ne et jonc Gris St\u00e8ne, accoudoirs TEP Isabella, surpiq\u00fbres Quartz \u00e0 l\u0027AV,  Console centrale avec d\u00e9cor tissu RIMINI chin\u00e9, fa\u00e7ade Noir laqu\u00e9 et jonc Gris St\u00e8ne, accoudoir tissu RIMINI chin\u00e9","option":false,"serie":true},{"id":18,"name":"ESP avec aide au d\u00e9marrage en pente","option":false,"serie":true},{"id":19,"name":"Essuie-vitre AV \u00e0 d\u00e9clenchement automatique","option":false,"serie":true},{"id":20,"name":"Feux AR 3 griffes \u00e0 LED","option":false,"serie":true},{"id":21,"name":"Feux diurnes 3 griffes \u00e0 LED","option":false,"serie":true},{"id":22,"name":"Fixations ISOFIX et Top Tether aux places lat\u00e9rales AR","option":false,"serie":true},{"id":23,"name":"Fonction pr\u00e9chauffage de la batterie de traction","option":false,"serie":true},{"id":24,"name":"Frein de stationnement \u00e9lectrique","option":false,"serie":true},{"id":25,"name":"Habitacle et ciel de pavillon Noir","option":false,"serie":true},{"id":26,"name":"Jantes alliage 19\u0027\u0027 diamant\u00e9es LULEA Noir Orbital, vernis brillant","option":false,"serie":true},{"id":27,"name":"L\u00e8ve-vitres AV\/AR \u00e9lectriques et s\u00e9quentiels avec antipincement","option":false,"serie":true},{"id":28,"name":"Monogrammes AV: blason PEUGEOT et 3008","option":false,"serie":true},{"id":29,"name":"Pack Safety Plus R\u00e9gulateur \/ Limiteur de vitesse,   Freinage d\u0027urgence automatique avec alerte risque de collision pilot\u00e9e par cam\u00e9ra et radar,   Alerte active de franchissement involontaire de ligne et bas c\u00f4t\u00e9,   Reconnaissance \u00e9tendue des panneaux de signalisation et pr\u00e9conisation de vitesse,   Alerte attention conducteur","option":false,"serie":true},{"id":30,"name":"Pare-brise feuillet\u00e9 acoustique","option":false,"serie":true},{"id":31,"name":"PEUGEOT i-Cockpit panoramique avec Double \u00e9cran HD flottant (2 x 10\u0027\u0027)","option":false,"serie":true},{"id":32,"name":"PEUGEOT i-Connect - Radio DAB, Bluetooth (connexion 2 t\u00e9l\u00e9phones), Mirror Screen sans fil (Apple CarPlay \/ Android Auto), Peugeot Connect SOS \u0026 Assistance, 1 prise USB C (Data \u0026 charge)  - Connect One (Abonnement 10 ans inclus)  - Connect Plus (Abonnement 6 mois inclus)","option":false,"serie":true},{"id":33,"name":"Plancher de coffre modulable 2 positions","option":false,"serie":true},{"id":34,"name":"Projecteurs \u0022Peugeot Led Technology\u0022","option":false,"serie":true},{"id":35,"name":"R\u00e9troviseur int\u00e9rieur \u00e9lectrochrome","option":false,"serie":true},{"id":36,"name":"R\u00e9troviseurs ext\u00e9rieurs d\u00e9givrants avec r\u00e9glage et rabattement \u00e9lectriques, \u00e9clairage de seuil","option":false,"serie":true},{"id":37,"name":"Sellerie tissu CRISPY emboss\u00e9, accompagnement TEP Isabella, \u00e9charpe tissu RIMINI chin\u00e9, surpiq\u00fbres Quartz","option":false,"serie":true},{"id":38,"name":"Si\u00e8ges AV \u00e0 r\u00e9glage en hauteur manuel","option":false,"serie":true},{"id":39,"name":"Teinte m\u00e9tallis\u00e9e","option":true,"serie":false},{"id":40,"name":"Verrouillage centralis\u00e9","option":false,"serie":true},{"id":41,"name":"Visiopark 1 Cam\u00e9ra de recul  \u0026 aide au stationnement AR, graphique et sonore","option":false,"serie":true},{"id":42,"name":"Volant compact cro\u00fbte de cuir avec commandes int\u00e9gr\u00e9es Noir laqu\u00e9, d\u00e9cors Gris St\u00e8ne","option":false,"serie":true}],"year":2025,"kilometers":3500,"energy":"Electrique","version":"3008 Electrique 210 ch 73 kWh","storedPlace":"Provins(77)","price":35480,"loaEcheanceAvecAssurance":544.56,"gearbox":"Automatique"},{"media":{},"brandName":"OPEL","model":"VIVARO FOURGON","id":2813,"tagName":"","hasTag":false,"equipementsVehicule":[{"id":0,"name":"2 prises 12V : une sur la planche de bord et une dans la zone de chargement","option":false,"serie":true},{"id":1,"name":"ABS et ESC","option":false,"serie":true},{"id":2,"name":"Aide au d\u00e9marrage en c\u00f4te","option":false,"serie":true},{"id":3,"name":"Airbag conducteur et passager","option":false,"serie":true},{"id":4,"name":"Air conditionn\u00e9 manuel","option":false,"serie":true},{"id":5,"name":"Alerte somnolence et avertisseur de voie intempestif","option":false,"serie":true},{"id":6,"name":"Banquette passager 2 places","option":false,"serie":true},{"id":7,"name":"Boucliers AV\/AR noirs teint\u00e9s masse","option":false,"serie":true},{"id":8,"name":"Cam\u00e9ra AR 180\u00b0 et aide au stationnement AR","option":false,"serie":true},{"id":9,"name":"Climatisation manuelle","option":false,"serie":true},{"id":10,"name":"Cloison de s\u00e9paration t\u00f4l\u00e9e","option":false,"serie":true},{"id":11,"name":"Commutation automatique feux de route","option":false,"serie":true},{"id":12,"name":"Condamnation centralis\u00e9e des portes avec t\u00e9l\u00e9commande","option":false,"serie":true},{"id":13,"name":"Jantes 16\u0022 avec enjoliveurs central noir","option":false,"serie":true},{"id":14,"name":"L\u00e8ve-vitres \u00e9lectriques s\u00e9quentiels","option":false,"serie":true},{"id":15,"name":"Pack Driver","option":false,"serie":true},{"id":16,"name":"Pack Visibilit\u00e9","option":false,"serie":true},{"id":17,"name":"Pare-brise acoustique","option":false,"serie":true},{"id":18,"name":"Phares antibrouillard AV","option":false,"serie":true},{"id":19,"name":"Porte lat\u00e9rale droite coulissante t\u00f4l\u00e9e","option":false,"serie":true},{"id":20,"name":"Portes battantes AR t\u00f4l\u00e9es 50\/50","option":false,"serie":true},{"id":21,"name":"R\u00e9gulateur\/Limiteur de vitesse","option":false,"serie":true},{"id":22,"name":"R\u00e9troviseurs ext\u00e9rieurs \u00e9lectriques et chauffants","option":false,"serie":true},{"id":23,"name":"R\u00e9troviseurs ext\u00e9rieurs rabattables \u00e9lectriquement","option":false,"serie":true},{"id":24,"name":"Rev\u00eatement d\u0027habitacle PVC","option":false,"serie":true},{"id":25,"name":"Si\u00e8ge conducteur avec accoudoir, Banquette passager 2 places fixe avec rangement sous assise","option":false,"serie":true},{"id":26,"name":"Si\u00e8ge conducteur r\u00e9glable","option":false,"serie":true},{"id":27,"name":"Syst\u00e8me audio (Radio + 2HP + 2 tweeters) avec DAB, r\u00e9ception radio num\u00e9rique terrestre + une prise 12V dans la boite \u00e0 gants + Bluetooth\u00ae","option":false,"serie":true},{"id":28,"name":"Syst\u00e8me multim\u00e9dia NAVI 3D \u00e9cran tactile 7\u0022, Bluetooth compatible AppleCarPlay et Android Auto","option":false,"serie":true},{"id":29,"name":"Vitrage lat\u00e9ral acoustique","option":false,"serie":true},{"id":30,"name":"Volant r\u00e9glable en hauteur et en profondeur","option":false,"serie":true}],"year":2023,"kilometers":4900,"energy":"Diesel","version":"VIVARO FGN L2 1.5 DIESEL 120 CH","storedPlace":"Chanteloup-en-Brie(77)","price":25590,"loaEcheanceAvecAssurance":393.72,"gearbox":"Manuelle"},{"media":{},"brandName":"OPEL","model":"GRANDLAND","id":9450,"tagName":"","hasTag":false,"equipementsVehicule":[{"id":0,"name":"1 port USB-C AV","option":false,"serie":true},{"id":1,"name":"2 cl\u00e9s \u00e0 t\u00e9l\u00e9commandes 3 boutons (verrouillage, coffre, d\u00e9verrouillage)","option":false,"serie":true},{"id":2,"name":"3 prises 12V","option":false,"serie":true},{"id":3,"name":"4 ports USB-C (2 AV et 2 AR)","option":false,"serie":true},{"id":4,"name":"5 appuis-t\u00eate r\u00e9glables en hauteur","option":false,"serie":true},{"id":5,"name":"6 HP","option":false,"serie":true},{"id":6,"name":"Accoudoir central AV\/AR","option":false,"serie":true},{"id":7,"name":"Aide au stationnement AV\/AR","option":false,"serie":true},{"id":8,"name":"Airbags frontaux et lat\u00e9raux conducteur et passager AV, rideaux (6 airbags)","option":false,"serie":true},{"id":9,"name":"Air conditionn\u00e9 automatique bi-zone avec filtre \u00e0 polen et a\u00e9rateurs AV\/AR","option":false,"serie":true},{"id":10,"name":"Alerte de sous-gonflage des pneumatiques","option":false,"serie":true},{"id":11,"name":"Apple CarPlay et Android Auto sans fil","option":false,"serie":true},{"id":12,"name":"Appuis t\u00eate AV r\u00e9glables sur 4 voies","option":false,"serie":true},{"id":13,"name":"Banquette AR avec dossier rabattable 40\/20\/40","option":false,"serie":true},{"id":14,"name":"Bluetooth 2 canaux","option":false,"serie":true},{"id":15,"name":"Bo\u00eete \u00e0 gants r\u00e9frig\u00e9r\u00e9e","option":false,"serie":true},{"id":16,"name":"Calandre Opel Vizor 3D","option":false,"serie":true},{"id":17,"name":"Cam\u00e9ra de recul 180\u00b0 avec buse de nettoyage","option":false,"serie":true},{"id":18,"name":"Ceintures de s\u00e9curit\u00e9 \u00e0 pr\u00e9tension pyrotechnique","option":false,"serie":true},{"id":19,"name":"Console centrale avec porte gobelet","option":false,"serie":true},{"id":20,"name":"Console centrale Pixel Box","option":false,"serie":true},{"id":21,"name":"Contr\u00f4le \u00e9lectronique de stabilit\u00e9 (ESP)","option":false,"serie":true},{"id":22,"name":"Coque de r\u00e9troviseurs ext\u00e9rieurs noires","option":false,"serie":true},{"id":23,"name":"D\u00e9cor int\u00e9rieur - Carbon Metal","option":false,"serie":true},{"id":24,"name":"D\u00e9cors ext\u00e9rieurs Noir Laqu\u00e9","option":false,"serie":true},{"id":25,"name":"D\u00e9tection de non-bouclage des ceintures de s\u00e9curit\u00e9 aux places AV\/AR","option":false,"serie":true},{"id":26,"name":"Eclairage d\u0027ambiance personalisable Edge Light","option":false,"serie":true},{"id":27,"name":"Ecran infotainment de 16\u0022","option":false,"serie":true},{"id":28,"name":"Entr\u00e9e et d\u00e9marrage sans cl\u00e9","option":false,"serie":true},{"id":29,"name":"Fixations Isofix et Top Tether aux places lat\u00e9rales AR","option":false,"serie":true},{"id":30,"name":"Frein de parking \u00e9lectrique","option":false,"serie":true},{"id":31,"name":"Jantes alliage 19\u0022 Diamant\u00e9, pneus 225\/55 R19","option":false,"serie":true},{"id":32,"name":"Kit anti-crevaison","option":false,"serie":true},{"id":33,"name":"Miroirs de courtoisie \u00e9clair\u00e9s \u00e0 LED","option":false,"serie":true},{"id":34,"name":"Navigation connect\u00e9e TomTom avec mise \u00e0 jour \u00e0 distance (OTA)","option":false,"serie":true},{"id":35,"name":"Opel Connect (BTA) avec e-call \/ b-call","option":false,"serie":true},{"id":36,"name":"PACK CONFORT GS","option":true,"serie":false},{"id":37,"name":"Pack Drive Assist","option":false,"serie":true},{"id":38,"name":"PACK TECHNO GS","option":true,"serie":false},{"id":39,"name":"Pack Visibilit\u00e9","option":false,"serie":true},{"id":40,"name":"Pare-brise feuillet\u00e9 acoustique","option":false,"serie":true},{"id":41,"name":"Pare-soleils avec miroir de courtoisie conducteur et passager AV","option":false,"serie":true},{"id":42,"name":"Peinture bi-ton avec toit et spoiler AR - Noir Karbon","option":false,"serie":true},{"id":43,"name":"Peintures m\u00e9tallis\u00e9es","option":false,"serie":true},{"id":44,"name":"Phares Matrix IntelliLux LED Pixel HD","option":false,"serie":true},{"id":45,"name":"Plancher de coffre modulable 2 positions","option":false,"serie":true},{"id":46,"name":"PNEUS TOUTES SAISONS (3PMSF)","option":true,"serie":false},{"id":47,"name":"Poches AR sp\u00e9cifiques smartphone","option":false,"serie":true},{"id":48,"name":"Radio FM \u0026 AM bi-tuner DAB+ (Digital Audio Broadcasting)","option":false,"serie":true},{"id":49,"name":"Recharge smartphones sans fil","option":false,"serie":true},{"id":50,"name":"Reconnaissance vocale naturelle","option":false,"serie":true},{"id":51,"name":"R\u00e9glages lombaires pneumatiques","option":false,"serie":true},{"id":52,"name":"R\u00e9troviseurs ext\u00e9rieurs chauffants, r\u00e9glables et rabattables \u00e9lectriquement","option":false,"serie":true},{"id":53,"name":"Sellerie mixte Tissu \/ TEP Bird Light - Dominante Gris","option":false,"serie":true},{"id":54,"name":"Si\u00e8ge passager avec fixations ISOFIX","option":false,"serie":true},{"id":55,"name":"Si\u00e8ges AV chauffants","option":false,"serie":true},{"id":56,"name":"Si\u00e8ges conducteur et passager ergonomiques certifi\u00e9s AGR et r\u00e9glables sur 10 voies","option":false,"serie":true},{"id":57,"name":"Signature lumineuse 3D avec technologie Edge Light","option":false,"serie":true},{"id":58,"name":"Spoiler AR","option":false,"serie":true},{"id":59,"name":"Syst\u00e8me de freinage avec antiblocage des roues (ABS)","option":false,"serie":true},{"id":60,"name":"Verrouillage centralis\u00e9 avec t\u00e9l\u00e9commande et en roulant","option":false,"serie":true},{"id":61,"name":"Vitres AR surteint\u00e9es","option":false,"serie":true},{"id":62,"name":"Vitres AV\/AR \u00e9lectriques avec syst\u00e8me anti-pincement","option":false,"serie":true},{"id":63,"name":"Vizor 3D \u0026 Logo illumin\u00e9s","option":false,"serie":true},{"id":64,"name":"Volant r\u00e9glable en hauteur et en profondeur","option":false,"serie":true},{"id":65,"name":"Volant TEP chauffant","option":false,"serie":true}],"year":2025,"kilometers":5000,"energy":"Essence","version":"Grandland 1.2 Turbo Hybrid 136 ch e-DCT6","storedPlace":"Beauvais(60)","price":41490,"loaEcheanceAvecAssurance":636.61,"gearbox":"Automatique"},{"media":{},"brandName":"CITROEN","model":"C3","id":5861,"tagName":"","hasTag":false,"equipementsVehicule":[{"id":0,"name":"ABS avec REF, AFU et ESP","option":false,"serie":true},{"id":1,"name":"Adh\u00e9sifs de custode Sp\u00e9cifiques","option":false,"serie":true},{"id":2,"name":"Aide au d\u00e9marrage en pente","option":false,"serie":true},{"id":3,"name":"Airbags frontaux AV, lat\u00e9raux AV et rideaux","option":false,"serie":true},{"id":4,"name":"Airbump Black avec g\u00e9lule Bronze Andoise","option":false,"serie":true},{"id":5,"name":"Badge C-S\u00e9ries sur les portes AV","option":false,"serie":true},{"id":6,"name":"Bandeau de planche de bord en Tissu effet cuir","option":false,"serie":true},{"id":7,"name":"Banquette AR fractionnable 2\/3 - 1\/3","option":false,"serie":true},{"id":8,"name":"Climatisation automatique","option":false,"serie":true},{"id":9,"name":"Condamnation centralis\u00e9e avec PLIP","option":false,"serie":true},{"id":10,"name":"Coques de r\u00e9troviseurs ext\u00e9rieurs Noir Brillant","option":false,"serie":true},{"id":11,"name":"D\u00e9cor central de toit sp\u00e9cifique","option":false,"serie":true},{"id":12,"name":"D\u00e9tection de sous-gonflage","option":false,"serie":true},{"id":13,"name":"Direction assist\u00e9e","option":false,"serie":true},{"id":14,"name":"Elargisseurs d\u0027ailes et bas de caisse Noir Mat","option":false,"serie":true},{"id":15,"name":"Enjoliveurs 3D 16\u0022 STEEL \u0026 DESIGN","option":false,"serie":true},{"id":16,"name":"Feux diurnes \u00e0 LED","option":false,"serie":true},{"id":17,"name":"Garnissage tissu Mica Grey","option":false,"serie":true},{"id":18,"name":"Kit de d\u00e9pannage provisoire de pneumatiques","option":false,"serie":true},{"id":19,"name":"Kit mains libres Bluetooth et prise USB","option":false,"serie":true},{"id":20,"name":"L\u00e8ve-vitres AV \u00e9lectriques","option":false,"serie":true},{"id":21,"name":"MyCitro\u00ebn Play Mirror Screen, Syst\u00e8me audio num\u00e9rique MP3 6 HP (DAB), Tablette tactile 7\u0027\u0027","option":false,"serie":true},{"id":22,"name":"Pack Color Bronze Anodis\u00e9","option":false,"serie":true},{"id":23,"name":"Pack Safety - Active Safety Brake (Freinage automatique d\u0027urgence)  - Alerte active de Franchissement Involontaire de Ligne  - Alerte Attention Conducteur  - Reconnaissance des panneaux de signalisation  - R\u00e9gulateur-limiteur de vitesse","option":false,"serie":true},{"id":24,"name":"Pack Visibilit\u00e9","option":false,"serie":true},{"id":25,"name":"Poign\u00e9es de portes ext\u00e9rieures couleur caisse","option":false,"serie":true},{"id":26,"name":"Projecteurs antibrouillard","option":false,"serie":true},{"id":27,"name":"Projecteurs LED","option":false,"serie":true},{"id":28,"name":"R\u00e9gulateur - limiteur de vitesse","option":false,"serie":true},{"id":29,"name":"R\u00e9troviseurs ext\u00e9rieurs \u00e9lectriques et d\u00e9givrants","option":false,"serie":true},{"id":30,"name":"R\u00e9troviseurs ext\u00e9rieurs rabattables \u00e9lectriquement","option":false,"serie":true},{"id":31,"name":"Si\u00e8ge conducteur r\u00e9glable en hauteur","option":false,"serie":true},{"id":32,"name":"Syst\u00e8me Stop \u0026 Start","option":false,"serie":true},{"id":33,"name":"Volant r\u00e9glable en hauteur et en profondeur","option":false,"serie":true}],"year":2023,"kilometers":19250,"energy":"Essence","version":"C3 PureTech 83 S\u0026S BVM5","storedPlace":"Provins(77)","price":11490,"loaEcheanceAvecAssurance":177.37,"gearbox":"Manuelle"},{"media":{},"brandName":"CITROEN","model":"C3","id":8873,"tagName":"","hasTag":false,"equipementsVehicule":[{"id":0,"name":"ABS avec REF, AFU et ESP","option":false,"serie":true},{"id":1,"name":"Adh\u00e9sifs de custode Sp\u00e9cifiques","option":false,"serie":true},{"id":2,"name":"Aide au d\u00e9marrage en pente","option":false,"serie":true},{"id":3,"name":"Airbags frontaux AV, lat\u00e9raux AV et rideaux","option":false,"serie":true},{"id":4,"name":"Airbump Black avec g\u00e9lule Bronze Andoise","option":false,"serie":true},{"id":5,"name":"Badge C-S\u00e9ries sur les portes AV","option":false,"serie":true},{"id":6,"name":"Bandeau de planche de bord en Tissu effet cuir","option":false,"serie":true},{"id":7,"name":"Banquette AR fractionnable 2\/3 - 1\/3","option":false,"serie":true},{"id":8,"name":"Climatisation automatique","option":false,"serie":true},{"id":9,"name":"Condamnation centralis\u00e9e avec PLIP","option":false,"serie":true},{"id":10,"name":"Coques de r\u00e9troviseurs ext\u00e9rieurs Noir Brillant","option":false,"serie":true},{"id":11,"name":"D\u00e9cor central de toit sp\u00e9cifique","option":false,"serie":true},{"id":12,"name":"D\u00e9tection de sous-gonflage","option":false,"serie":true},{"id":13,"name":"Direction assist\u00e9e","option":false,"serie":true},{"id":14,"name":"Elargisseurs d\u0027ailes et bas de caisse Noir Mat","option":false,"serie":true},{"id":15,"name":"Enjoliveurs 3D 16\u0022 STEEL \u0026 DESIGN","option":false,"serie":true},{"id":16,"name":"Feux diurnes \u00e0 LED","option":false,"serie":true},{"id":17,"name":"Garnissage tissu Mica Grey","option":false,"serie":true},{"id":18,"name":"Kit de d\u00e9pannage provisoire de pneumatiques","option":false,"serie":true},{"id":19,"name":"Kit mains libres Bluetooth et prise USB","option":false,"serie":true},{"id":20,"name":"L\u00e8ve-vitres AV \u00e9lectriques","option":false,"serie":true},{"id":21,"name":"MyCitro\u00ebn Play Mirror Screen, Syst\u00e8me audio num\u00e9rique MP3 6 HP (DAB), Tablette tactile 7\u0027\u0027","option":false,"serie":true},{"id":22,"name":"Pack Color Bronze Anodis\u00e9","option":false,"serie":true},{"id":23,"name":"Pack Safety - Active Safety Brake (Freinage automatique d\u0027urgence)  - Alerte active de Franchissement Involontaire de Ligne  - Alerte Attention Conducteur  - Reconnaissance des panneaux de signalisation  - R\u00e9gulateur-limiteur de vitesse","option":false,"serie":true},{"id":24,"name":"Pack Visibilit\u00e9","option":false,"serie":true},{"id":25,"name":"Poign\u00e9es de portes ext\u00e9rieures couleur caisse","option":false,"serie":true},{"id":26,"name":"Projecteurs antibrouillard","option":false,"serie":true},{"id":27,"name":"Projecteurs LED","option":false,"serie":true},{"id":28,"name":"R\u00e9gulateur - limiteur de vitesse","option":false,"serie":true},{"id":29,"name":"R\u00e9troviseurs ext\u00e9rieurs \u00e9lectriques et d\u00e9givrants","option":false,"serie":true},{"id":30,"name":"R\u00e9troviseurs ext\u00e9rieurs rabattables \u00e9lectriquement","option":false,"serie":true},{"id":31,"name":"Si\u00e8ge conducteur r\u00e9glable en hauteur","option":false,"serie":true},{"id":32,"name":"Syst\u00e8me Stop \u0026 Start","option":false,"serie":true},{"id":33,"name":"Volant r\u00e9glable en hauteur et en profondeur","option":false,"serie":true}],"year":2023,"kilometers":26349,"energy":"Essence","version":"C3 PureTech 83 S\u0026S BVM5","storedPlace":"Provins(77)","price":11395,"loaEcheanceAvecAssurance":175.43,"gearbox":"Manuelle"},{"media":{},"brandName":"CITROEN","model":"C3","id":5863,"tagName":"","hasTag":false,"equipementsVehicule":[{"id":0,"name":"ABS avec REF, AFU et ESP","option":false,"serie":true},{"id":1,"name":"Adh\u00e9sifs de custode Sp\u00e9cifiques","option":false,"serie":true},{"id":2,"name":"Aide au d\u00e9marrage en pente","option":false,"serie":true},{"id":3,"name":"Airbags frontaux AV, lat\u00e9raux AV et rideaux","option":false,"serie":true},{"id":4,"name":"Airbump Black avec g\u00e9lule Bronze Andoise","option":false,"serie":true},{"id":5,"name":"Badge C-S\u00e9ries sur les portes AV","option":false,"serie":true},{"id":6,"name":"Bandeau de planche de bord en Tissu effet cuir","option":false,"serie":true},{"id":7,"name":"Banquette AR fractionnable 2\/3 - 1\/3","option":false,"serie":true},{"id":8,"name":"Climatisation automatique","option":false,"serie":true},{"id":9,"name":"Condamnation centralis\u00e9e avec PLIP","option":false,"serie":true},{"id":10,"name":"Coques de r\u00e9troviseurs ext\u00e9rieurs Noir Brillant","option":false,"serie":true},{"id":11,"name":"D\u00e9cor central de toit sp\u00e9cifique","option":false,"serie":true},{"id":12,"name":"D\u00e9tection de sous-gonflage","option":false,"serie":true},{"id":13,"name":"Direction assist\u00e9e","option":false,"serie":true},{"id":14,"name":"Elargisseurs d\u0027ailes et bas de caisse Noir Mat","option":false,"serie":true},{"id":15,"name":"Enjoliveurs 3D 16\u0022 STEEL \u0026 DESIGN","option":false,"serie":true},{"id":16,"name":"Feux diurnes \u00e0 LED","option":false,"serie":true},{"id":17,"name":"Garnissage tissu Mica Grey","option":false,"serie":true},{"id":18,"name":"Kit de d\u00e9pannage provisoire de pneumatiques","option":false,"serie":true},{"id":19,"name":"Kit mains libres Bluetooth et prise USB","option":false,"serie":true},{"id":20,"name":"L\u00e8ve-vitres AV \u00e9lectriques","option":false,"serie":true},{"id":21,"name":"MyCitro\u00ebn Play Mirror Screen, Syst\u00e8me audio num\u00e9rique MP3 6 HP (DAB), Tablette tactile 7\u0027\u0027","option":false,"serie":true},{"id":22,"name":"Pack Color Bronze Anodis\u00e9","option":false,"serie":true},{"id":23,"name":"Pack Safety - Active Safety Brake (Freinage automatique d\u0027urgence)  - Alerte active de Franchissement Involontaire de Ligne  - Alerte Attention Conducteur  - Reconnaissance des panneaux de signalisation  - R\u00e9gulateur-limiteur de vitesse","option":false,"serie":true},{"id":24,"name":"Pack Visibilit\u00e9","option":false,"serie":true},{"id":25,"name":"Poign\u00e9es de portes ext\u00e9rieures couleur caisse","option":false,"serie":true},{"id":26,"name":"Projecteurs antibrouillard","option":false,"serie":true},{"id":27,"name":"Projecteurs LED","option":false,"serie":true},{"id":28,"name":"R\u00e9gulateur - limiteur de vitesse","option":false,"serie":true},{"id":29,"name":"R\u00e9troviseurs ext\u00e9rieurs \u00e9lectriques et d\u00e9givrants","option":false,"serie":true},{"id":30,"name":"R\u00e9troviseurs ext\u00e9rieurs rabattables \u00e9lectriquement","option":false,"serie":true},{"id":31,"name":"Si\u00e8ge conducteur r\u00e9glable en hauteur","option":false,"serie":true},{"id":32,"name":"Syst\u00e8me Stop \u0026 Start","option":false,"serie":true},{"id":33,"name":"Volant r\u00e9glable en hauteur et en profondeur","option":false,"serie":true}],"year":2023,"kilometers":35211,"energy":"Essence","version":"C3 PureTech 83 S\u0026S BVM5","storedPlace":"Provins(77)","price":10995,"loaEcheanceAvecAssurance":169.31,"gearbox":"Manuelle"},{"media":{},"brandName":"CITROEN","model":"C5 AIRCROSS","id":9339,"tagName":"","hasTag":false,"equipementsVehicule":[{"id":0,"name":"3 si\u00e8ges AR ind\u00e9pendants, coulissants, inclinables et escamotables","option":false,"serie":true},{"id":1,"name":"ABS + AFU + ESP + REF","option":false,"serie":true},{"id":2,"name":"Acc\u00e8s et d\u00e9marrage mains libres","option":false,"serie":true},{"id":3,"name":"Aide au stationnement AR","option":false,"serie":true},{"id":4,"name":"Aide au stationnement AV","option":false,"serie":true},{"id":5,"name":"Airbags frontaux AV, lat\u00e9raux AV et rideaux","option":false,"serie":true},{"id":6,"name":"Allumage automatique des feux de croisement","option":false,"serie":true},{"id":7,"name":"Apple CarPlay et Android Auto","option":false,"serie":true},{"id":8,"name":"Barres de toit","option":false,"serie":true},{"id":9,"name":"Bo\u00eete automatique 6 rapports","option":false,"serie":true},{"id":10,"name":"Bo\u00eetier t\u00e9l\u00e9matique : Appel d\u0027urgence et Citro\u00ebn Assistance les services Connect ONE pendant une p\u00e9riode de 10 ans","option":false,"serie":true},{"id":11,"name":"Calandre sup\u00e9rieure Noir Brillant","option":false,"serie":true},{"id":12,"name":"Cam\u00e9ra de recul avec Top Rear Vision","option":false,"serie":true},{"id":13,"name":"Climatisation automatique bi-zone","option":false,"serie":true},{"id":14,"name":"Combin\u00e9 num\u00e9rique 12,3\u0022 personnalisable","option":false,"serie":true},{"id":15,"name":"Coques de r\u00e9troviseurs ext\u00e9rieurs Noir Brillant","option":false,"serie":true},{"id":16,"name":"Custodes AR surteint\u00e9es","option":false,"serie":true},{"id":17,"name":"D\u00e9tection de sous-gonflage","option":false,"serie":true},{"id":18,"name":"Direction assist\u00e9e","option":false,"serie":true},{"id":19,"name":"Elargisseurs d\u0027aile et bas de caisse Noir Mat","option":false,"serie":true},{"id":20,"name":"Enjoliveurs de contour de vitres lat\u00e9rales chrom\u00e9s","option":false,"serie":true},{"id":21,"name":"Essuie-vitres AV automatique Magic Wash","option":false,"serie":true},{"id":22,"name":"Feux AR 3D \u00e0 LED","option":false,"serie":true},{"id":23,"name":"Feux diurnes \u00e0 LED avec clignotants \u00e0 LED","option":false,"serie":true},{"id":24,"name":"Fixations ISOFIX sur les si\u00e8ges passager AV et lat\u00e9raux AR","option":false,"serie":true},{"id":25,"name":"Frein de stationnement \u00e9lectrique automatique","option":false,"serie":true},{"id":26,"name":"Garnissage Tissu Bruneo chine\/Toile enduite Noire\/Ambiance Metropolitan Black avec Si\u00e8ges Advanced Comfort","option":false,"serie":true},{"id":27,"name":"GRIS","option":true,"serie":false},{"id":28,"name":"Jantes alliage 18\u0022 PULSAR Diamant\u00e9es bi-ton","option":false,"serie":true},{"id":29,"name":"Kit de d\u00e9pannage provisoire de pneumatiques","option":true,"serie":false},{"id":30,"name":"Kit mains libres Bluetooth et 3 prises USB","option":false,"serie":true},{"id":31,"name":"L\u00e8ve-vitres AV et AR \u00e9lectriques et s\u00e9quentiels","option":false,"serie":true},{"id":32,"name":"Navigation 3D sur \u00e9cran central 10\u0022 tactile Comprend le syst\u00e8me de navigation TomTom, la reconnaissance vocale avec langage naturel, l\u0027interface personnalisable, et les services Connect PLUS additionnels","option":false,"serie":true},{"id":33,"name":"Pack Color Noir Brillant Inserts color\u00e9s Noir Brillant sur Airbump et bouclier AV","option":false,"serie":true},{"id":34,"name":"Pack Drive Assist Aide maintien dans la voie,   Alerte Attention Conducteur,   Commutation automatique des feux de route,   Highway Driver Assist (syst\u00e8me de conduite autonome de niveau 2),   R\u00e9gulateur de vitesse adaptatif avec fonction Stop \u0026 Go","option":false,"serie":true},{"id":35,"name":"Pack Safety - Active Safety Brake - Alerte active de Franchissement Involontaire de Ligne - Coffee Break Alert - Reconnaissance \u00e9tendue des panneaux et recommandation de vitesse - R\u00e9gulateur-limiteur de vitesse","option":false,"serie":true},{"id":36,"name":"Pack Safety + Syst\u00e8me de surveillance d\u0027angle mort","option":false,"serie":true},{"id":37,"name":"Plancher de coffre escamotable","option":false,"serie":true},{"id":38,"name":"Poign\u00e9es de portes ext\u00e9rieures Noir Brillant","option":false,"serie":true},{"id":39,"name":"Prise 12V sur la console centrale","option":false,"serie":true},{"id":40,"name":"Projecteurs antibrouillard avec \u00e9clairage statique d\u0027intersection","option":false,"serie":true},{"id":41,"name":"Projecteurs LED","option":false,"serie":true},{"id":42,"name":"R\u00e9troviseur int\u00e9rieur \u00e9lectrochrome","option":false,"serie":true},{"id":43,"name":"R\u00e9troviseurs ext\u00e9rieurs \u00e9lectriques d\u00e9givrants","option":false,"serie":true},{"id":44,"name":"R\u00e9troviseurs ext\u00e9rieurs rabattables \u00e9lectriquement avec \u00e9clairage d\u0027accueil","option":false,"serie":true},{"id":45,"name":"Sabots de protection Aluminium Brillant","option":false,"serie":true},{"id":46,"name":"Services Connect PLUS pendant 12 mois","option":false,"serie":true},{"id":47,"name":"Si\u00e8ge conducteur avec r\u00e9glage lombaire","option":false,"serie":true},{"id":48,"name":"Si\u00e8ges conducteur et passager r\u00e9glables en hauteur","option":false,"serie":true},{"id":49,"name":"Suspension Citro\u00ebn Advanced Comfort","option":false,"serie":true},{"id":50,"name":"TCS (Contr\u00f4le de la traction)","option":false,"serie":true},{"id":51,"name":"Teinte de caisse nacr\u00e9e","option":true,"serie":false},{"id":52,"name":"Toit bi-ton Noir Perla Nera","option":true,"serie":false},{"id":53,"name":"Toit ouvrant vitr\u00e9 panoramique + R\u00e9troviseur int\u00e9r","option":true,"serie":false},{"id":54,"name":"Verrouillage centralis\u00e9","option":false,"serie":true},{"id":55,"name":"Vitres et lunette AR surteint\u00e9es","option":false,"serie":true},{"id":56,"name":"Volant cro\u00fbte de cuir","option":false,"serie":true},{"id":57,"name":"Volant r\u00e9glable en hauteur et en profondeur","option":false,"serie":true}],"year":2025,"kilometers":1500,"energy":"Essence","version":"C5 Aircross Hybride 145 e-DCS6","storedPlace":"Ch\u00e2teau-Thierry(02)","price":39990,"loaEcheanceAvecAssurance":614.16,"gearbox":"Automatique"},{"media":{},"brandName":"CITROEN","model":"JUMPER FOURGON","id":9661,"tagName":"","hasTag":false,"equipementsVehicule":[{"id":0,"name":"ABS, AFU, ASR et ESP (ESC am\u00e9lior\u00e9 avec assistance en cas de vent lat\u00e9ral, contr\u00f4le de stabilit\u00e9 de la remorque, et freinage apr\u00e8s collision)","option":false,"serie":true},{"id":1,"name":"Aide au d\u00e9marrage en pente","option":false,"serie":true},{"id":2,"name":"Aide au stationnement AR avec avertisseur sonore pour pi\u00e9tons","option":false,"serie":true},{"id":3,"name":"Airbag conducteur","option":false,"serie":true},{"id":4,"name":"Airbag passager","option":false,"serie":true},{"id":5,"name":"Alternateur standard (180 A)","option":false,"serie":true},{"id":6,"name":"Antenne radio num\u00e9rique","option":false,"serie":true},{"id":7,"name":"Avertisseur sonore de marche AR","option":false,"serie":true},{"id":8,"name":"Banquette passager biplace","option":false,"serie":true},{"id":9,"name":"Batterie standard (95 Ah)","option":false,"serie":true},{"id":10,"name":"Bo\u00eete manuelle 6 vitesses","option":false,"serie":true},{"id":11,"name":"Boitier t\u00e9l\u00e9matique Autonome (BTA)","option":false,"serie":true},{"id":12,"name":"Capteurs de pression des pneumatiques (TPMS indirect)","option":false,"serie":true},{"id":13,"name":"Climatisation manuelle","option":false,"serie":true},{"id":14,"name":"Cloison t\u00f4l\u00e9e","option":false,"serie":true},{"id":15,"name":"Condamnation centralis\u00e9e avec plip","option":false,"serie":true},{"id":16,"name":"Contr\u00f4le de traction (TCS)","option":false,"serie":true},{"id":17,"name":"Crochets d\u0027arrimage lat\u00e9raux dans l\u0027espace de chargement","option":false,"serie":true},{"id":18,"name":"Direction assist\u00e9e \u00e9lectrique","option":false,"serie":true},{"id":19,"name":"Kit de gonflage pneumatiques Fix\u0026Go","option":false,"serie":true},{"id":20,"name":"Kit de r\u00e9duction de CO2: Spoiler central (DAM), Guide d\u0027air, Grille avec volets pilot\u00e9s (AGS)","option":false,"serie":true},{"id":21,"name":"L\u00e8ve-vitres AV \u00e9lectriques","option":false,"serie":true},{"id":22,"name":"NOIR","option":true,"serie":false},{"id":23,"name":"Pack Cargo Premium","option":true,"serie":false},{"id":24,"name":"Pack Chantier","option":true,"serie":false},{"id":25,"name":"Pack Premium Connect (ajouter int\u00e9rieur BUFX ou in","option":true,"serie":false},{"id":26,"name":"Pack S\u00e9curit\u00e9 Freinage d\u0027urgence autonome avec d\u00e9tection pi\u00e9ton \/ cycliste, Aide au maintien dans la voie, Reconnaissance des panneaux de signalisation, D\u00e9tecteur de fatigue ou d\u0027inattention (attention assist), Adaptation intelligente de la vitesse","option":false,"serie":true},{"id":27,"name":"Pare-choc AV grain\u00e9","option":false,"serie":true},{"id":28,"name":"Porte-gobelets au milieu du tableau de bord","option":false,"serie":true},{"id":29,"name":"Porte lat\u00e9rale coulissante droite t\u00f4l\u00e9e","option":false,"serie":true},{"id":30,"name":"Portes AR a 2 battantes t\u00f4l\u00e9es","option":false,"serie":true},{"id":31,"name":"Projecteurs halog\u00e8ne avec feux de circulation diurne","option":false,"serie":true},{"id":32,"name":"Rappel de bouclage des ceintures de s\u00e9curit\u00e9","option":false,"serie":true},{"id":33,"name":"R\u00e9gulateur - limiteur de vitesse","option":false,"serie":true},{"id":34,"name":"R\u00e9servoir 90l","option":false,"serie":true},{"id":35,"name":"R\u00e9servoir d\u0027ADBlue 19 litres","option":false,"serie":true},{"id":36,"name":"R\u00e9troviseurs ext\u00e9rieurs \u00e9lectriques et d\u00e9givrants","option":false,"serie":true},{"id":37,"name":"Roues en acier 15\u0027\u0027","option":false,"serie":true},{"id":38,"name":"Sellerie en tissu cr\u00eape noir + appuie-t\u00eate pleins","option":false,"serie":true},{"id":39,"name":"Si\u00e8ge conducteur avec r\u00e9glage en hauteur, r\u00e9glagle lombaire et accoudoir","option":false,"serie":true},{"id":40,"name":"Syst\u00e8me audio 5\u0022 avec radio num\u00e9rique (DAB) +  Bluetooth + 1 port USB","option":false,"serie":true},{"id":41,"name":"Verrouillage centralis\u00e9","option":false,"serie":true},{"id":42,"name":"Volant r\u00e9glable en hauteur","option":false,"serie":true}],"year":2025,"kilometers":10,"energy":"Diesel","version":"JUMPER FGN TOLE 3.3T D L2H2 120 CH MANUELLE","storedPlace":"Ch\u00e2teau-Thierry(02)","price":27290,"loaEcheanceAvecAssurance":418.21,"gearbox":"Manuelle"},{"media":{},"brandName":"OPEL","model":"MOKKA","id":9432,"tagName":"","hasTag":false,"equipementsVehicule":[{"id":0,"name":"1 port USB-C AV","option":false,"serie":true},{"id":1,"name":"2 ports USB-A \u00e0 l\u0027AR (recharge seulement)","option":false,"serie":true},{"id":2,"name":"5 appuis-t\u00eate r\u00e9glables en hauteur","option":false,"serie":true},{"id":3,"name":"6 HP","option":false,"serie":true},{"id":4,"name":"Aide active au maintien dans la voie","option":false,"serie":true},{"id":5,"name":"Aide au d\u00e9marrage en c\u00f4te","option":false,"serie":true},{"id":6,"name":"Aide au freinage d\u0027urgence avec d\u00e9tection des pi\u00e9tons","option":false,"serie":true},{"id":7,"name":"Aide au stationnement AR","option":false,"serie":true},{"id":8,"name":"Airbags frontaux et lat\u00e9raux conducteur et passager AV, rideaux","option":false,"serie":true},{"id":9,"name":"Alerte anti-somnolence","option":false,"serie":true},{"id":10,"name":"Alerte de sous-gonflage des pneumatiques","option":false,"serie":true},{"id":11,"name":"Antenne Requin","option":false,"serie":true},{"id":12,"name":"Apple CarPlay et Android Auto sans fil","option":false,"serie":true},{"id":13,"name":"Banquette AR rabattable 1\/3 - 2\/3","option":false,"serie":true},{"id":14,"name":"Becquet de toit AR noir","option":false,"serie":true},{"id":15,"name":"Bo\u00eete automate s\u00e9quentielle 6 rapports","option":false,"serie":true},{"id":16,"name":"Calandre Opel Vizor avec contour noir","option":false,"serie":true},{"id":17,"name":"Cam\u00e9ra de recul 130\u00b0","option":false,"serie":true},{"id":18,"name":"Capteur de pluie","option":false,"serie":true},{"id":19,"name":"Ceintures de s\u00e9curit\u00e9 \u00e0 pr\u00e9hension pyrotechnique","option":false,"serie":true},{"id":20,"name":"Ciel de pavillon noir","option":false,"serie":true},{"id":21,"name":"Climatisation automatique monozone","option":false,"serie":true},{"id":22,"name":"Combin\u00e9 instrumentation num\u00e9rique 10\u0022","option":false,"serie":true},{"id":23,"name":"Commutation automatique en feux de route\/croisement","option":false,"serie":true},{"id":24,"name":"Console avec accoudoir central AV","option":false,"serie":true},{"id":25,"name":"Contr\u00f4le de traction \u00e9lectronique (TCS)","option":false,"serie":true},{"id":26,"name":"Contr\u00f4le \u00e9lectronique de stabilit\u00e9 (ESP)","option":false,"serie":true},{"id":27,"name":"Coquilles de r\u00e9troviseurs peintes en noir","option":false,"serie":true},{"id":28,"name":"D\u00e9cor Int\u00e9rieur Lithosphere et argent\u00e9","option":false,"serie":true},{"id":29,"name":"D\u00e9tection de non-bouclage des ceintures de s\u00e9curit\u00e9 aux places AV","option":false,"serie":true},{"id":30,"name":"Direction assist\u00e9e \u00e9lectrique","option":false,"serie":true},{"id":31,"name":"Ecran tactile 10\u0027\u0027 couleur","option":false,"serie":true},{"id":32,"name":"Feux diurnes Eco-LED","option":false,"serie":true},{"id":33,"name":"Fixations Isofix aux places lat\u00e9rales AR","option":false,"serie":true},{"id":34,"name":"Fonction Bluetooth (appels et streaming audio)","option":false,"serie":true},{"id":35,"name":"Frein de parking \u00e9lectrique","option":false,"serie":true},{"id":36,"name":"Grille inf\u00e9rieure - Noir grain\u00e9","option":false,"serie":true},{"id":37,"name":"Inserts et grille face AV grain\u00e9s","option":false,"serie":true},{"id":38,"name":"Jantes en alliage 17\u0022 Diamant\u00e9","option":false,"serie":true},{"id":39,"name":"Ligne de vitrage Noir","option":false,"serie":true},{"id":40,"name":"Limiteur de vitesse","option":false,"serie":true},{"id":41,"name":"Logo AR et lettrage - Noir","option":false,"serie":true},{"id":42,"name":"Logo AV Argent","option":false,"serie":true},{"id":43,"name":"Module Opel Connect","option":false,"serie":true},{"id":44,"name":"Pack techno","option":true,"serie":false},{"id":45,"name":"Pack Visibilit\u00e9 LED","option":false,"serie":true},{"id":46,"name":"Pare-soleil avec miroir de courtoisie c\u00f4t\u00e9 passager","option":false,"serie":true},{"id":47,"name":"P\u00e9dalier chrom\u00e9","option":false,"serie":true},{"id":48,"name":"Peinture m\u00e9tallis\u00e9e","option":false,"serie":true},{"id":49,"name":"Phares AR \u00e0 LED","option":false,"serie":true},{"id":50,"name":"Phares AV Eco LED","option":false,"serie":true},{"id":51,"name":"Poches aumoni\u00e8res","option":false,"serie":true},{"id":52,"name":"Poign\u00e9es de maintien pour conducteur et passager AV","option":false,"serie":true},{"id":53,"name":"Poign\u00e9es de portes int\u00e9rieures chrom\u00e9es","option":false,"serie":true},{"id":54,"name":"Porte-gobelet AV","option":false,"serie":true},{"id":55,"name":"Protections lat\u00e9rales grain\u00e9es","option":true,"serie":false},{"id":56,"name":"Protections lat\u00e9rales peintes noir","option":false,"serie":true},{"id":57,"name":"Radio FM\/AM\/DAB+","option":false,"serie":true},{"id":58,"name":"Reconnaissance avanc\u00e9e des panneaux de signalisation","option":false,"serie":true},{"id":59,"name":"R\u00e9glage manuel des feux","option":false,"serie":true},{"id":60,"name":"R\u00e9gulateur de vitesse","option":false,"serie":true},{"id":61,"name":"R\u00e9troviseurs ext\u00e9rieurs \u00e0 r\u00e9glage \u00e9lectrique et d\u00e9givrants","option":false,"serie":true},{"id":62,"name":"Sabots de protection couleur carrosserie","option":false,"serie":true},{"id":63,"name":"Seconde cl\u00e9 avec t\u00e9l\u00e9commande","option":false,"serie":true},{"id":64,"name":"Sellerie mixte Tissu Focus \/ TEP Vegan - Noir","option":false,"serie":true},{"id":65,"name":"Si\u00e8ge conducteur r\u00e9glable dans 6 directions","option":false,"serie":true},{"id":66,"name":"Si\u00e8ge passager r\u00e9glable dans 6 directions","option":false,"serie":true},{"id":67,"name":"Signature lumineuse en forme d\u0027aile \u00e0 LED","option":false,"serie":true},{"id":68,"name":"Syst\u00e8me de freinage avec antiblocage des roues (ABS)","option":false,"serie":true},{"id":69,"name":"Verrouillage automatique de la trappe \u00e0 essence lors de la fermeture du v\u00e9hicule","option":false,"serie":true},{"id":70,"name":"Verrouillage centralis\u00e9 avec t\u00e9l\u00e9commande et en roulant","option":false,"serie":true},{"id":71,"name":"Vitres AR surteint\u00e9es","option":false,"serie":true},{"id":72,"name":"Vitres AV\/AR \u00e9lectriques avec syst\u00e8me anti-pincement","option":false,"serie":true},{"id":73,"name":"Volant r\u00e9glable en hauteur et en profondeur","option":false,"serie":true},{"id":74,"name":"Volant TEP","option":false,"serie":true}],"year":2025,"kilometers":5000,"energy":"Essence","version":"Mokka 1.2 Turbo Hybrid 145 ch e-DCT6","storedPlace":"Beauvais(60)","price":27990,"loaEcheanceAvecAssurance":430.46,"gearbox":"Automatique"},{"media":{},"brandName":"OPEL","model":"ASTRA","id":7384,"tagName":"","hasTag":false,"equipementsVehicule":[{"id":0,"name":"1 USB C (donn\u00e9es), 2 USB (chargeur)","option":false,"serie":true},{"id":1,"name":"2 cl\u00e9s \u00e0 plip","option":false,"serie":true},{"id":2,"name":"2 pare-soleil avec miroir de courtoisie \u00e9clair\u00e9 par LED","option":false,"serie":true},{"id":3,"name":"6 HP","option":false,"serie":true},{"id":4,"name":"Accoudoir central AV","option":false,"serie":true},{"id":5,"name":"Aide au d\u00e9marrage en c\u00f4te","option":false,"serie":true},{"id":6,"name":"Aide au stationnement AV et AR","option":false,"serie":true},{"id":7,"name":"Airbags frontaux et lat\u00e9raux conducteur et passager AV, rideaux (6 airbags)","option":false,"serie":true},{"id":8,"name":"Alarme antivol","option":true,"serie":false},{"id":9,"name":"Alerte de sous-gonflage des pneumatiques","option":false,"serie":true},{"id":10,"name":"Banquette AR 40\/60","option":false,"serie":true},{"id":11,"name":"Black pack extrieur \u0022GS\u0022","option":false,"serie":true},{"id":12,"name":"Bluetooth","option":false,"serie":true},{"id":13,"name":"C\u00e2ble Mode 2 \/\/ 1,8 KW","option":false,"serie":true},{"id":14,"name":"Ceintures de s\u00e9curit\u00e9 \u00e0 pr\u00e9hension pyrotechnique","option":false,"serie":true},{"id":15,"name":"Chargeur embarqu\u00e9 3,7 kW","option":false,"serie":true},{"id":16,"name":"Ciel de toit noir","option":false,"serie":true},{"id":17,"name":"Climatisation automatique bi-zone","option":false,"serie":true},{"id":18,"name":"Condamnation centralis\u00e9e","option":false,"serie":true},{"id":19,"name":"Contr\u00f4le \u00e9lectronique de stabilit\u00e9 (ESP)","option":false,"serie":true},{"id":20,"name":"D\u00e9tecteur de pluie","option":false,"serie":true},{"id":21,"name":"Eclairage d\u0027ambiance dans les portes AV avec 8 couleurs s\u00e9lectionnables","option":false,"serie":true},{"id":22,"name":"Eclairage de coffre \u00e0 LED","option":false,"serie":true},{"id":23,"name":"Entr\u00e9e et d\u00e9marrage sans cl\u00e9 (portes, coffre, trappe \u00e0 carburant)","option":false,"serie":true},{"id":24,"name":"Filtre \u00e0 pollen, odeurs et particules fines","option":false,"serie":true},{"id":25,"name":"Fixations Isofix sur les 2 si\u00e8ges lat\u00e9raux AR","option":false,"serie":true},{"id":26,"name":"Freinage en cas de collision","option":false,"serie":true},{"id":27,"name":"Frein de parking \u00e9lectrique","option":false,"serie":true},{"id":28,"name":"Freins \u00e0 disques AV et AR","option":false,"serie":true},{"id":29,"name":"Intelli-vision panoramique \u00e0 360\u00b0 avec 4 cam\u00e9ras","option":false,"serie":true},{"id":30,"name":"Jantes alliage 17\u0022 Admiral - Diamant\u00e9","option":false,"serie":true},{"id":31,"name":"Kit anti-crevaison","option":false,"serie":true},{"id":32,"name":"Module Opel Connect Appel d\u0027urgence, Appel en cas de panne, Informations v\u00e9hicule, Services connect\u00e9s via WIFI domestique","option":false,"serie":true},{"id":33,"name":"Multimedia Radio Pure Panel Pro Dalle en verre int\u00e9grale, Ecran d\u0027instrumentation digitale de 10,\u0027\u0027 Ecran tactile central de 10\u0027\u0027","option":false,"serie":true},{"id":34,"name":"Pack Drive Assist","option":false,"serie":true},{"id":35,"name":"Pack Ultimate","option":true,"serie":false},{"id":36,"name":"Palettes au volant","option":false,"serie":true},{"id":37,"name":"Pare-brise feuillet\u00e9 acoustique","option":false,"serie":true},{"id":38,"name":"P\u00e9dalier Sport type Aluminium","option":false,"serie":true},{"id":39,"name":"Peinture opaque","option":false,"serie":true},{"id":40,"name":"Phares antibrouillards AV LED","option":false,"serie":true},{"id":41,"name":"Phares Eco LED","option":false,"serie":true},{"id":42,"name":"Plafonniers \u00e0 LED AV et AR","option":false,"serie":true},{"id":43,"name":"Plancher de coffre fixe","option":false,"serie":true},{"id":44,"name":"Pr\u00e9-disposition crochet de remorquage","option":false,"serie":true},{"id":45,"name":"Prise 12V sur la console centrale AV","option":false,"serie":true},{"id":46,"name":"Projecteurs anti-brouillard \u00e0 LED","option":false,"serie":true},{"id":47,"name":"Radio FM\/AM\/DAB+","option":false,"serie":true},{"id":48,"name":"R\u00e9troviseur int\u00e9rieur \u00e9lectrochrome Frameless","option":false,"serie":true},{"id":49,"name":"R\u00e9troviseurs ext\u00e9rieurs avec fonction m\u00e9morisation","option":false,"serie":true},{"id":50,"name":"R\u00e9troviseurs ext\u00e9rieurs \u00e9lectriques rabattables \u00e9lectriquement et \u00e9clairage d\u0027accueil","option":false,"serie":true},{"id":51,"name":"R\u00e9troviseurs ext\u00e9rieurs rabattables \u00e9lectriquement et chauffants","option":false,"serie":true},{"id":52,"name":"S\u00e9lecteur de mode de conduite","option":false,"serie":true},{"id":53,"name":"Sellerie Tissu \/ TEP Greta Si\u00e8ge cond. AGR Si\u00e8ges AV chauffant","option":false,"serie":true},{"id":54,"name":"Si\u00e8ge conducteur certifi\u00e9 AGR r\u00e9glable en 10 positions avec coussin d\u0027assise r\u00e9glable en longueur et soutien lombaire r\u00e9glable \u00e9lectriquement en 4 positions","option":false,"serie":true},{"id":55,"name":"Si\u00e8ge passager AV r\u00e9glable manuellement dans 6 directions","option":false,"serie":true},{"id":56,"name":"Si\u00e8ges AV chauffants","option":false,"serie":true},{"id":57,"name":"Trappe \u00e0 skis","option":false,"serie":true},{"id":58,"name":"Vitres AV et AR \u00e9lectriques \u00e0 ouverture s\u00e9quentielle, anti-pincement","option":false,"serie":true},{"id":59,"name":"Vitres lat\u00e9rales feuillet\u00e9es acoustiques","option":false,"serie":true},{"id":60,"name":"Volant chauffant","option":false,"serie":true},{"id":61,"name":"Volant cuir","option":false,"serie":true}],"year":2024,"kilometers":8500,"energy":null,"version":"Astra Hybride Rechargeable 180 ch BVA8","storedPlace":"Saint-Maximin(60)","price":42900,"loaEcheanceAvecAssurance":657.22,"gearbox":"Automatique"},{"media":{},"brandName":"DS","model":"DS 7","id":6376,"tagName":"","hasTag":false,"equipementsVehicule":[{"id":0,"name":"ABS avec r\u00e9partiteur \u00e9lectronique de freinage (REF) et Aide au Freinage d\u0027Urgence (AFU) + Aide au d\u00e9marrage en pente","option":false,"serie":true},{"id":1,"name":"Acc\u00e8s et d\u00e9marrage mains libres","option":false,"serie":true},{"id":2,"name":"Accoudoir central AR","option":false,"serie":true},{"id":3,"name":"Accoudoir central en Toile DS avec rangement","option":false,"serie":true},{"id":4,"name":"Aide au stationnement AV\/AR et Cam\u00e9ra de recul","option":false,"serie":true},{"id":5,"name":"Airbags frontaux (passager d\u00e9connectable), lat\u00e9raux AV, rideaux AV\/AR","option":false,"serie":true},{"id":6,"name":"Alerte Attention Conducteur","option":false,"serie":true},{"id":7,"name":"Alerte de franchissement involontaire de ligne","option":false,"serie":true},{"id":8,"name":"Allumage automatique des feux Avec commutation automatique des feux de route","option":false,"serie":true},{"id":9,"name":"Badge DS chrom\u00e9 sur le capot","option":false,"serie":true},{"id":10,"name":"Banquette AR 2\/3 - 1\/3","option":false,"serie":true},{"id":11,"name":"Barres de toit aluminium","option":false,"serie":true},{"id":12,"name":"Bo\u00eete \u00e0 gants ventil\u00e9e","option":false,"serie":true},{"id":13,"name":"C\u00e2ble de recharge mode 2 standard 1,8 kW (8 A)","option":false,"serie":true},{"id":14,"name":"Centre de roue Noir brillant","option":false,"serie":true},{"id":15,"name":"Chargeur embarqu\u00e9 monophas\u00e9 de 3,7 kW","option":false,"serie":true},{"id":16,"name":"Combin\u00e9 num\u00e9rique 12.3\u0022 HD","option":false,"serie":true},{"id":17,"name":"Contr\u00f4le dynamique de stabilit\u00e9 (ESP) avec antipatinage des roues (ASR)","option":false,"serie":true},{"id":18,"name":"Contr\u00f4le  \u00e9lectronique de stabilit\u00e9 de l\u0027attelage","option":false,"serie":true},{"id":19,"name":"D\u00e9tection de sous-gonflage","option":false,"serie":true},{"id":20,"name":"Double antennes","option":false,"serie":true},{"id":21,"name":"Double canule d\u0027\u00e9chappement chrom\u00e9e","option":false,"serie":true},{"id":22,"name":"DS ACTIVE SCAN SUSPENSION","option":false,"serie":true},{"id":23,"name":"DS Drive Assist","option":false,"serie":true},{"id":24,"name":"DS IRIS SYSTEM","option":false,"serie":true},{"id":25,"name":"DS LIGHT VEIL","option":false,"serie":true},{"id":26,"name":"DS PIXEL LED VISION 3.0","option":false,"serie":true},{"id":27,"name":"DS Wings chrom\u00e9es","option":false,"serie":true},{"id":28,"name":"Eclairage d\u0027accueil et d\u0027accompagnement","option":false,"serie":true},{"id":29,"name":"Eclairage de cave \u00e0 pieds \u00e0 LED","option":false,"serie":true},{"id":30,"name":"Eclairage PolyAmbient","option":false,"serie":true},{"id":31,"name":"Ecran tactile capacitif 12\u0027\u0027 HD","option":false,"serie":true},{"id":32,"name":"Entourage des vitres lat\u00e9rales chrom\u00e9","option":false,"serie":true},{"id":33,"name":"Essuie-vitre AV \u00e0 d\u00e9clenchement et cadencement automatiques + Buses de lavage","option":false,"serie":true},{"id":34,"name":"Feux AR 3D (traitement \u00e9cailles) Avec indicateur de changement de direction d\u00e9filant","option":false,"serie":true},{"id":35,"name":"Fixations ISOFIX \u00e0 la place passager AV et aux places lat\u00e9rales AR Inclut TOP TEATHER","option":false,"serie":true},{"id":36,"name":"Freinage d\u0027urgence automatique pilot\u00e9 par cam\u00e9ra et radar","option":false,"serie":true},{"id":37,"name":"Frein de stationnement \u00e9lectrique automatique","option":false,"serie":true},{"id":38,"name":"Grille de calandre noir brillant avec pampilles chrom\u00e9es","option":false,"serie":true},{"id":39,"name":"Hayon motoris\u00e9 avec Acc\u00e8s Bras Charg\u00e9s","option":false,"serie":true},{"id":40,"name":"HiFi FOCAL Electra","option":true,"serie":false},{"id":41,"name":"Interieur OPERA Gris Perle","option":true,"serie":false},{"id":42,"name":"Jantes alliage 19\u0027\u0027 EDINBURGH, pneus 235\/50 R19 V","option":false,"serie":true},{"id":43,"name":"Jantes alliage 20\u201d TOKYO","option":true,"serie":false},{"id":44,"name":"Jonc sup\u00e9rieur de volet Noir brillant avec lettrage \u0027DS AUTOMOBILES\u0027 chrom\u00e9","option":false,"serie":true},{"id":45,"name":"Jonc sur jupe AR chrom\u00e9","option":false,"serie":true},{"id":46,"name":"Kit de d\u00e9pannage","option":false,"serie":true},{"id":47,"name":"L\u00e8ve-vitres AV\/AR \u00e9lectriques, s\u00e9quentiels et avec fonction antipincement","option":false,"serie":true},{"id":48,"name":"Lunette AR chauffante","option":false,"serie":true},{"id":49,"name":"METAL.VERNIS","option":true,"serie":false},{"id":50,"name":"Mirror Screen sans fil via Wifi","option":false,"serie":true},{"id":51,"name":"Monogrammes AR chrom\u00e9","option":false,"serie":true},{"id":52,"name":"Montre rotative B.R.M. R180","option":false,"serie":true},{"id":53,"name":"Navigation 3D Connect\u00e9e Information trafic en temps r\u00e9el, prix des carburants,parkings et Zones de Danger.3 ans inclus","option":false,"serie":true},{"id":54,"name":"Pack Vision","option":true,"serie":false},{"id":55,"name":"Palettes au volant","option":false,"serie":true},{"id":56,"name":"Pare-brise chauffant","option":false,"serie":true},{"id":57,"name":"Pare-brise teint\u00e9 acoustique","option":false,"serie":true},{"id":58,"name":"P\u00e9dalier et le repose-pied aluminium","option":false,"serie":true},{"id":59,"name":"Poign\u00e9es ext\u00e9rieures couleur caisse avec insert chrom\u00e9","option":false,"serie":true},{"id":60,"name":"Pr\u00e9conditionnement thermique de l\u0027habitacle programmable par smartphone","option":false,"serie":true},{"id":61,"name":"Pr\u00e9disposition Plancher modulable \u00e0 2 positions","option":false,"serie":true},{"id":62,"name":"Prises 12 V 1 prise dans le rangement AV de la console centrale et 1 prise dans le coffre","option":false,"serie":true},{"id":63,"name":"Prises USB 1 prise USB type C dans le rangement de la console centrale et 2 prises USB type A pour les passagers AR","option":false,"serie":true},{"id":64,"name":"Radio num\u00e9rique terrestre (DAB)","option":false,"serie":true},{"id":65,"name":"Reconnaissance \u00e9tendue des panneaux de signalisation","option":false,"serie":true},{"id":66,"name":"R\u00e9gulateur\/Limiteur de vitesse","option":false,"serie":true},{"id":67,"name":"R\u00e9troviseur int\u00e9rieur \u00e9lectrochrome sans cadre","option":false,"serie":true},{"id":68,"name":"R\u00e9troviseurs ext\u00e9rieurs avec embase couleur caisse et coque noir brillant","option":false,"serie":true},{"id":69,"name":"R\u00e9troviseurs ext\u00e9rieurs \u00e9lectriques d\u00e9givrants, rabattables \u00e9lectriquement Fonction \u00e9lectrochrome c\u00f4t\u00e9 conducteur, Projection au sol du logo DS, Index\u00e9 \u00e0 la marche AR c\u00f4t\u00e9 passager","option":false,"serie":true},{"id":70,"name":"Sabot AV chrom\u00e9","option":false,"serie":true},{"id":71,"name":"S\u00e9lecteur de mode de conduite","option":false,"serie":true},{"id":72,"name":"Seuil de coffre chrom\u00e9","option":false,"serie":true},{"id":73,"name":"Seuils de portes Trame DS","option":false,"serie":true},{"id":74,"name":"Si\u00e8ges AV chauffants","option":false,"serie":true},{"id":75,"name":"Si\u00e8ges AV \u00e9lectriques R\u00e9glage \u00e9lectrique du si\u00e8ge, r\u00e9glage lombaire pneumatique, r\u00e9glage m\u00e9canique du nez de coussin","option":false,"serie":true},{"id":76,"name":"SOS \u0026 Assistance Service inclus pendant 10 ans","option":false,"serie":true},{"id":77,"name":"Surtapis AV\/AR","option":false,"serie":true},{"id":78,"name":"Surveillance d\u0027angles morts","option":false,"serie":true},{"id":79,"name":"Teinte Caisse m\u00e9tallis\u00e9e","option":false,"serie":true},{"id":80,"name":"Toit ouvrant panoramique \u00e9lectriquee Entrebaillant, Ouvrant, Occulteur motoris\u00e9","option":false,"serie":true},{"id":81,"name":"V\u00e9rins d\u0027ouverture et de maintien du capot moteur","option":false,"serie":true},{"id":82,"name":"Vitres AR et lunette AR surteint\u00e9es","option":false,"serie":true},{"id":83,"name":"Vitres lat\u00e9rales feuillet\u00e9es acoustiques","option":false,"serie":true},{"id":84,"name":"Volant r\u00e9glable en hauteur et profondeur","option":false,"serie":true}],"year":2024,"kilometers":11050,"energy":null,"version":"DS 7 Hybride Rechargeable E-Tense 300 EAT8 4x4","storedPlace":"Villeneuve-Saint-Germain(02)","price":49990,"loaEcheanceAvecAssurance":767.24,"gearbox":"Automatique"},{"media":{},"brandName":"CITROEN","model":"C4","id":2085,"tagName":"","hasTag":false,"equipementsVehicule":[{"id":0,"name":"2 prises USB au rang 1 (1 type C + 1 type A)","option":false,"serie":true},{"id":1,"name":"2 prises USB au rang 2 (1 type C + 1 type A)","option":false,"serie":true},{"id":2,"name":"ABS avec REF, AFU et ESP","option":false,"serie":true},{"id":3,"name":"A\u00e9rateurs centraux en rang 2","option":false,"serie":true},{"id":4,"name":"Aide au d\u00e9marrage en pente","option":false,"serie":true},{"id":5,"name":"Aide au stationnement AR","option":false,"serie":true},{"id":6,"name":"Aide au stationnement avant et lat\u00e9ral + Syst\u00e8me d","option":true,"serie":false},{"id":7,"name":"Airbags frontaux AV, lat\u00e9raux AV et rideaux","option":false,"serie":true},{"id":8,"name":"Allumage automatique des feux de croisement","option":false,"serie":true},{"id":9,"name":"Avertisseur sonore pi\u00e9ton","option":false,"serie":true},{"id":10,"name":"Banquette AR fractionnable 2\/3 - 1\/3","option":false,"serie":true},{"id":11,"name":"C\u00e2ble de recharge Mode 3 triphas\u00e9 3x32A pour prise de charge T2, longueur 6 m\u00e8tres","option":false,"serie":true},{"id":12,"name":"C\u00e2ble de recharge publique 100kW (CCS2\/DC)","option":false,"serie":true},{"id":13,"name":"C\u00e2ble recharge Mode 3 32A monophas\u00e9 prise T2, 6m","option":true,"serie":false},{"id":14,"name":"Cam\u00e9ra de recul","option":false,"serie":true},{"id":15,"name":"Chargeur embarqu\u00e9 7.4 kW monophas\u00e9","option":false,"serie":true},{"id":16,"name":"Climatisation automatique bizone avec pompe \u00e0 chaleur","option":false,"serie":true},{"id":17,"name":"Combin\u00e9 num\u00e9rique couleur avec r\u00e9tro-\u00e9clairage","option":false,"serie":true},{"id":18,"name":"Console centrale haute avec rangements et accoudoir","option":false,"serie":true},{"id":19,"name":"Coques de r\u00e9troviseurs ext\u00e9rieurs Noir Brillant","option":false,"serie":true},{"id":20,"name":"D\u00e9cor Bleu sur les panneaux int\u00e9rieurs de porte","option":false,"serie":true},{"id":21,"name":"D\u00e9tection de sous-gonflage","option":false,"serie":true},{"id":22,"name":"Elargisseurs d\u0027aile et bas de caisse Noir Mat","option":false,"serie":true},{"id":23,"name":"e-Solutions Charging","option":false,"serie":true},{"id":24,"name":"Essuie-vitre AV automatique","option":false,"serie":true},{"id":25,"name":"Feux diurnes \u00e0 LED","option":false,"serie":true},{"id":26,"name":"Frein de stationnement \u00e9lectrique automatique","option":false,"serie":true},{"id":27,"name":"Garnissage tissu Chevrons Gris\/Textile effet cuir Noir Ambiance Urban Grey + Si\u00e8ges Advanced Comfort","option":false,"serie":true},{"id":28,"name":"GRIS","option":true,"serie":false},{"id":29,"name":"Jantes alliage 18\u0022 CROSSLIGHT Diamant\u00e9es","option":false,"serie":true},{"id":30,"name":"Jupe AR Noir Brilliant","option":false,"serie":true},{"id":31,"name":"Kit de d\u00e9pannage provisoire de pneumatiques","option":false,"serie":true},{"id":32,"name":"Kit Mains Libres Bluetooth","option":false,"serie":true},{"id":33,"name":"L\u00e8ve-vitres AV et AR \u00e9lectriques et s\u00e9quentiels","option":false,"serie":true},{"id":34,"name":"My Citro\u00ebn Assist: Citro\u00ebn Connect Box avec Pack SOS et assistance inclus","option":false,"serie":true},{"id":35,"name":"My Citro\u00ebn Play - Mirror Screen sans fils, compatible Android Auto et Apple CarPlay, Syst\u00e8me audio num\u00e9rique (DAB) MP3 6 HP,Tablette tactile 10\u0022","option":false,"serie":true},{"id":36,"name":"Pack Color Anodised Blue","option":false,"serie":true},{"id":37,"name":"Pack Safety - Active Safety Brake  - Alerte active de Franchissement Involontaire de Ligne  - Alerte Attention Conducteur  - Alerte Risque Collision  - Coffee Break Alert  - Reconnaissance des panneaux de vitesse et recommandation  - R\u00e9gulateur-limiteur de vitesse  - T\u00e9moin de non-bouclage des ceintures de s\u00e9curit\u00e9 conducteur et passagers","option":false,"serie":true},{"id":38,"name":"Plancher de coffre \u00e0 2 positions","option":false,"serie":true},{"id":39,"name":"Poche aumoni\u00e8re au dos des si\u00e8ges AV","option":false,"serie":true},{"id":40,"name":"Poign\u00e9es de portes ext\u00e9rieures couleur caisse","option":false,"serie":true},{"id":41,"name":"Pr\u00e9conditionnement thermique","option":false,"serie":true},{"id":42,"name":"Prise 12 V en rang 1","option":false,"serie":true},{"id":43,"name":"Projecteurs antibrouillard LED avec \u00e9clairage statique d\u0027intersection","option":false,"serie":true},{"id":44,"name":"Projecteurs LED avec signature lumineuse en V","option":false,"serie":true},{"id":45,"name":"R\u00e9troviseurs ext\u00e9rieurs \u00e9lectriques et d\u00e9givrants","option":false,"serie":true},{"id":46,"name":"R\u00e9troviseurs ext\u00e9rieurs rabattables \u00e9lectriquement avec \u00e9clairage accompagnement","option":false,"serie":true},{"id":47,"name":"Si\u00e8ge conducteur avec r\u00e9glage lombaire et accoudoir","option":false,"serie":true},{"id":48,"name":"Si\u00e8ge conducteur r\u00e9glable en hauteur","option":false,"serie":true},{"id":49,"name":"Si\u00e8ge passager r\u00e9glable en hauteur","option":false,"serie":true},{"id":50,"name":"Si\u00e8ges Advanced Comfort","option":false,"serie":true},{"id":51,"name":"Suspension Citro\u00ebn Advanced Comfort","option":false,"serie":true},{"id":52,"name":"Syst\u00e8me audio num\u00e9rique (DAB) MP3 6 HP","option":false,"serie":true},{"id":53,"name":"Teinte de caisse nacr\u00e9e Noir Perla Nera","option":true,"serie":false},{"id":54,"name":"Tiroir de planche de bord","option":false,"serie":true},{"id":55,"name":"Volant cro\u00fbte de cuir","option":false,"serie":true},{"id":56,"name":"Volant r\u00e9glable en hauteur et en profondeur","option":false,"serie":true}],"year":2022,"kilometers":42000,"energy":"Electrique","version":"e-C4 136 ch Automatique","storedPlace":"Provins(77)","price":19490,"loaEcheanceAvecAssurance":299.83,"gearbox":"Automatique"},{"media":{},"brandName":"CITROEN","model":"C5 X","id":8210,"tagName":"","hasTag":false,"equipementsVehicule":[{"id":0,"name":"2 prises USB au rang 1 (type C) + 1 prise USB au rang 2 (type C)","option":false,"serie":true},{"id":1,"name":"ABS + REF + AFU","option":false,"serie":true},{"id":2,"name":"Acc\u00e8s et d\u00e9marrage mains libres Proximity","option":false,"serie":true},{"id":3,"name":"Accoudoir central AR avec porte-gobelets int\u00e9gr\u00e9 et trappe \u00e0 skis","option":false,"serie":true},{"id":4,"name":"Active Safety Brake 2.0","option":false,"serie":true},{"id":5,"name":"A\u00e9rateurs centraux en rang 2","option":false,"serie":true},{"id":6,"name":"Aide au d\u00e9marrage en pente","option":false,"serie":true},{"id":7,"name":"Aide au stationnement AR","option":false,"serie":true},{"id":8,"name":"Aide au stationnement AV","option":false,"serie":true},{"id":9,"name":"Airbags frontaux AV, lat\u00e9raux AV et rideaux","option":false,"serie":true},{"id":10,"name":"Alerte attention conducteur","option":false,"serie":true},{"id":11,"name":"Alerte de Franchissement Involontaire de ligne (AFIL)","option":false,"serie":true},{"id":12,"name":"Alerte Risque Collision","option":false,"serie":true},{"id":13,"name":"Allumage automatique des feux de croisement","option":false,"serie":true},{"id":14,"name":"Allumage des feux de d\u00e9tresse en cas de forte d\u00e9c\u00e9l\u00e9ration","option":false,"serie":true},{"id":15,"name":"Avertisseur sonore pi\u00e9ton","option":false,"serie":true},{"id":16,"name":"Bacs de rangement sur portes AV\/AR","option":false,"serie":true},{"id":17,"name":"Badges sp\u00e9cifiques Hybrid sur les portes et ailes AV","option":false,"serie":true},{"id":18,"name":"Banquette AR fractionnable 2\/3 - 1\/3 avec Magic handles","option":false,"serie":true},{"id":19,"name":"Boite \u00e0 gants avec \u00e9clairage LED","option":false,"serie":true},{"id":20,"name":"C\u00e2ble de recharge Mode 2 (14A), prise de charge T2","option":true,"serie":false},{"id":21,"name":"C\u00e2ble de recharge Mode 2 (14A), prise de charge T2\/EF type Green\u0027UpTM, longueur 6m","option":true,"serie":false},{"id":22,"name":"C\u00e2ble de recharge Mode 2 (8 A), prise de charge domestique (T2\/EF) longueur 6 m\u00e8tres","option":false,"serie":true},{"id":23,"name":"Cam\u00e9ra de recul avec Top Rear Vision","option":false,"serie":true},{"id":24,"name":"Chargeur embarqu\u00e9 3,7 kW","option":false,"serie":true},{"id":25,"name":"Chargeur embarqu\u00e9 7,4 kW","option":true,"serie":false},{"id":26,"name":"Chargeur embarqu\u00e9 7,4 kW monophas\u00e9","option":true,"serie":false},{"id":27,"name":"Clignotants impulsionnels","option":false,"serie":true},{"id":28,"name":"Climatisation automatique bizone","option":false,"serie":true},{"id":29,"name":"Coffee Break Alert","option":false,"serie":true},{"id":30,"name":"Combin\u00e9 num\u00e9rique couleur","option":false,"serie":true},{"id":31,"name":"Commandes au volant du syst\u00e8me audio","option":false,"serie":true},{"id":32,"name":"Commutation automatique des feux de route","option":false,"serie":true},{"id":33,"name":"Condamnation centralis\u00e9e avec 2 PLIP HF","option":false,"serie":true},{"id":34,"name":"Connect Assist : Citro\u00ebn Connect Box avec Pack SOS et assistance inclus","option":false,"serie":true},{"id":35,"name":"Console centrale haute avec rangements et accoudoir","option":false,"serie":true},{"id":36,"name":"Coques de r\u00e9troviseurs ext\u00e9rieurs Noir Brillant","option":false,"serie":true},{"id":37,"name":"D\u00e9tection de sous-gonflage","option":false,"serie":true},{"id":38,"name":"Direction \u00e0 assistance \u00e9lectrique variable","option":false,"serie":true},{"id":39,"name":"Direction assist\u00e9e","option":false,"serie":true},{"id":40,"name":"Eclairage \u00e0 LED (bo\u00eete \u00e0 gants, coffre et rangement console centrale)","option":false,"serie":true},{"id":41,"name":"Eclairage d\u0027accueil et d\u0027accompagnement","option":false,"serie":true},{"id":42,"name":"Enjoliveurs de bas de portes, passages de roues et bas de boucliers AV et AR en noir gain\u00e9","option":false,"serie":true},{"id":43,"name":"ESP","option":false,"serie":true},{"id":44,"name":"Essuie-vitre AV automatique avec lavage embarqu\u00e9","option":false,"serie":true},{"id":45,"name":"Feux AR 3D \u00e0 LED avec signature permanente visible de jour","option":false,"serie":true},{"id":46,"name":"Feux diurnes \u00e0 LED","option":false,"serie":true},{"id":47,"name":"Fixations ISOFIX aux places AR","option":false,"serie":true},{"id":48,"name":"Frein de stationnement \u00e9lectrique automatique","option":false,"serie":true},{"id":49,"name":"Garnissage tissu chevrons Gris\/Tissu effet cuir Noir - Ambiance Urban Grey + Si\u00e8ges Advanced Comfort","option":false,"serie":true},{"id":50,"name":"Grille de calandre inf\u00e9rieure noir grain\u00e9 avec jonc chrome brillant","option":false,"serie":true},{"id":51,"name":"GRISOURAGANNOIR","option":true,"serie":false},{"id":52,"name":"Jantes alliage 19\u0022 AeroX (205\/55 R19)","option":false,"serie":true},{"id":53,"name":"Kit de d\u00e9pannage provisoire de pneumatiques","option":false,"serie":true},{"id":54,"name":"Kit Mains Libres Bluetooth","option":false,"serie":true},{"id":55,"name":"L\u00e9cheurs inf\u00e9rieurs de vitre aspect noir mat","option":false,"serie":true},{"id":56,"name":"L\u00e8ve-vitres AV et AR \u00e9lectriques et s\u00e9quentiels","option":false,"serie":true},{"id":57,"name":"MyCitro\u00ebn Drive Plus Citro\u00ebn Connect Nav sur tablette tactile 10\u0027\u0027 comprend le syst\u00e8me de navigation TomTom, la reconnaissance vocale avec langage naturel et navigation pr\u00e9dictive et durant 3 ans les services MyCitro\u00ebn Drive Plus (inclut les services  Zones de danger,  Info Trafic,  Stations-service,  Parkings,  M\u00e9t\u00e9o  et  Recherche locale)  avec mise \u00e0 jour automatique mensuelle de la cartographie","option":false,"serie":true},{"id":58,"name":"Neutralisation m\u00e9canique de l\u0027airbag passager","option":false,"serie":true},{"id":59,"name":"Pack Safety - Active Safety Brake - Alerte active de Franchissement Involontaire de Ligne - Alerte Attention Conducteur - Alerte Risque Collision - Coffee Break Alert - Reconnaissance des panneaux de vitesse et recommandation - R\u00e9gulateur-limiteur de vitesse - T\u00e9moin de non-bouclage des ceintures de s\u00e9curit\u00e9 conducteur et passagers","option":false,"serie":true},{"id":60,"name":"Pack Safety Brake 2.0 + R\u00e9gulateur de vitesse adaptatif avec fonction Stop\u0026Go","option":true,"serie":false},{"id":61,"name":"Pack Visibilit\u00e9","option":false,"serie":true},{"id":62,"name":"Palette de changement de vitesse au volant","option":false,"serie":true},{"id":63,"name":"Pare-choc AV avec d\u00e9cors chrom\u00e9s","option":false,"serie":true},{"id":64,"name":"Pare-soleils avec miroirs occultable \u00e9clairag\u00e9s \u00e0 LED","option":false,"serie":true},{"id":65,"name":"Plafonnier AV et AR avec LED retro-\u00e9clairage push","option":false,"serie":true},{"id":66,"name":"Poche aum\u00f4ni\u00e8re au dos des si\u00e8ges AV","option":false,"serie":true},{"id":67,"name":"Poign\u00e9es de portes ext\u00e9rieures couleur caisse","option":false,"serie":true},{"id":68,"name":"Post Collision Safety Brake","option":false,"serie":true},{"id":69,"name":"Pr\u00e9conditionnement thermique","option":false,"serie":true},{"id":70,"name":"Pr\u00e9disposition filet de charges hautes rang","option":false,"serie":true},{"id":71,"name":"Prise 12 V en rang 1","option":false,"serie":true},{"id":72,"name":"Projecteurs antibrouillard LED avec \u00e9clairage statique d\u0027intersection","option":false,"serie":true},{"id":73,"name":"Projecteurs LED avec signature lumineuse en V","option":false,"serie":true},{"id":74,"name":"Rails sur tapis de coffre en aluminium","option":false,"serie":true},{"id":75,"name":"Rangement dans accoudoir AR central avec 2 empreintes canettes","option":false,"serie":true},{"id":76,"name":"Rangement d\u00e9pose Smartphone AV l\u0027accoudoir central","option":false,"serie":true},{"id":77,"name":"Rangement ferm\u00e9 en AV de la console centrale","option":false,"serie":true},{"id":78,"name":"Rangement sous accoudoir central","option":false,"serie":true},{"id":79,"name":"Reconnaissance des panneaux de vitesse","option":false,"serie":true},{"id":80,"name":"R\u00e9gulateur-limiteur de vitesse","option":false,"serie":true},{"id":81,"name":"R\u00e9troviseur int\u00e9rieur \u00e9lectrochrome frameless HYBRID avec LED \u0022ZEV Mode\u0022","option":false,"serie":true},{"id":82,"name":"R\u00e9troviseurs ex.\u00e9lectriques, d\u00e9givrants, rabattabl \u00e9lec. avec \u00e9clairage d\u0027accueil et pied noir grain","option":false,"serie":true},{"id":83,"name":"S\u00e9curit\u00e9 enfants m\u00e9canique","option":false,"serie":true},{"id":84,"name":"Si\u00e8ge AV r\u00e9glables en hauteur","option":false,"serie":true},{"id":85,"name":"Si\u00e8ge conducteur avec r\u00e9glage lombaire","option":false,"serie":true},{"id":86,"name":"Si\u00e8ges Advanced Comfort","option":false,"serie":true},{"id":87,"name":"Suspension Active Citro\u00ebn Advanced Comfort","option":false,"serie":true},{"id":88,"name":"Syst\u00e8me audio num\u00e9rique (DAB) MP3 8 HP","option":false,"serie":true},{"id":89,"name":"Teinte de caisse m\u00e9tallis\u00e9e Bleu Magn\u00e9tique","option":true,"serie":false},{"id":90,"name":"T\u00e9moin et alerte de non bouclage des ceintures conducteur et passagers AV et AR","option":false,"serie":true},{"id":91,"name":"Vitres et lunette AR surteint\u00e9es","option":false,"serie":true},{"id":92,"name":"Volant cro\u00fbte de cuir","option":false,"serie":true},{"id":93,"name":"Volant cuir avec commandes int\u00e9gr\u00e9es, r\u00e9glable en hauteur et en profondeur","option":false,"serie":true}],"year":2023,"kilometers":10000,"energy":null,"version":"C5 X Hybride Rechargeable 225 S\u0026S e-EAT8","storedPlace":"Coulommiers(77)","price":26990,"loaEcheanceAvecAssurance":0,"gearbox":"Automatique"},{"media":{},"brandName":"PEUGEOT","model":"408 ELECTRIQUE","id":9823,"tagName":"","hasTag":false,"equipementsVehicule":[{"id":0,"name":"2 prises USB-C AV\/AR","option":false,"serie":true},{"id":1,"name":"2 t\u00e9l\u00e9commandes 3 boutons","option":false,"serie":true},{"id":2,"name":"4 poign\u00e9es de maintien","option":false,"serie":true},{"id":3,"name":"ABS","option":false,"serie":true},{"id":4,"name":"Acc\u00e8s et d\u00e9marrage mains libres","option":false,"serie":true},{"id":5,"name":"Accoudoir central avec rangement et porte gobelet","option":false,"serie":true},{"id":6,"name":"Aide au stationnement AR","option":false,"serie":true},{"id":7,"name":"Aide au stationnement AV","option":false,"serie":true},{"id":8,"name":"Airbags frontaux conducteur et passager adaptatifs (passager neutralisable par cl\u00e9), airbags lat\u00e9raux conducteur et passager AV.airbags rideaux de t\u00eate aux places AV\/AR","option":false,"serie":true},{"id":9,"name":"Air conditionn\u00e9 automatique bi-zone","option":false,"serie":true},{"id":10,"name":"Air Quality System (filtre \u00e0 charbon HEPA)","option":false,"serie":true},{"id":11,"name":"Banquette AR rabattable 2\/3-1\/3","option":false,"serie":true},{"id":12,"name":"Bo\u00eete automatique \u00e0 variation continue","option":false,"serie":true},{"id":13,"name":"C\u00e2ble de recharge mode 3 triphas\u00e9 22 kW","option":false,"serie":true},{"id":14,"name":"Calandre avec grille verticale couleur caisse","option":false,"serie":true},{"id":15,"name":"Capacit\u00e9 batterie 58kWh","option":false,"serie":true},{"id":16,"name":"Chargeur embarqu\u00e9 triphas\u00e911kW bi-directionnel","option":false,"serie":true},{"id":17,"name":"Ciel de pavillon Noir Mistral","option":false,"serie":true},{"id":18,"name":"Commutation automatique des feux de route","option":false,"serie":true},{"id":19,"name":"Contr\u00f4le de traction","option":false,"serie":true},{"id":20,"name":"Coques de r\u00e9troviseurs ext\u00e9rieurs Noir Brillant","option":false,"serie":true},{"id":21,"name":"D\u00e9tection de sous gonflage","option":false,"serie":true},{"id":22,"name":"Direction assist\u00e9e \u00e9lectrique","option":false,"serie":true},{"id":23,"name":"Eclairage d\u0027ambiance (8 couleurs)","option":false,"serie":true},{"id":24,"name":"Ecran central tactile 10\u0022","option":false,"serie":true},{"id":25,"name":"ESP avec fonction Hill Assist (Aide au d\u00e9marrage en pente)","option":false,"serie":true},{"id":26,"name":"Essuie-vitre AV \u00e0 d\u00e9clenchement automatique","option":false,"serie":true},{"id":27,"name":"Feux AR sp\u00e9cifiques avec allumage dynamique griffe \u00e0 griffe","option":false,"serie":true},{"id":28,"name":"Feux diurnes \u00e0 LED sous projecteurs","option":false,"serie":true},{"id":29,"name":"Fixations ISOFIX aux 2 places lat\u00e9rales AR (Top Tether)","option":false,"serie":true},{"id":30,"name":"Fonction Bluetooth","option":false,"serie":true},{"id":31,"name":"Fonction DAB (Radio Num\u00e9rique Terrestre)","option":false,"serie":true},{"id":32,"name":"Fonction Mirror Screen (Apple CarPlay \/ Android Auto ) sans fil","option":false,"serie":true},{"id":33,"name":"Freinage r\u00e9g\u00e9n\u00e9ratif avec gestion par palettes au volant","option":false,"serie":true},{"id":34,"name":"Frein de stationnement \u00e9lectrique","option":false,"serie":true},{"id":35,"name":"Jantes alliage 19\u0022 diamant\u00e9es GRAPHITE","option":false,"serie":true},{"id":36,"name":"L\u00e9cheurs de vitres Noir Brillant","option":false,"serie":true},{"id":37,"name":"L\u00e8ve-vitres AV\/AR \u00e9lectriques et s\u00e9quentiels avec antipincement","option":false,"serie":true},{"id":38,"name":"Monogramme \u00e9lectrique E408 sur volet de coffre","option":false,"serie":true},{"id":39,"name":"Monogrammes lat\u00e9raux embl\u00e8me Lion","option":false,"serie":true},{"id":40,"name":"Montants de baie textile Noir Mistral","option":false,"serie":true},{"id":41,"name":"Navigation connect\u00e9e avec i-Toggles virtuels personnalisables","option":false,"serie":true},{"id":42,"name":"Pack Drive Assist Plus - Conduite semi autonome (niveau 2)   - R\u00e9gulateur de vitesse adaptatif avec fonction Stop\u0026Go   - Aide au maintien de la position dans la voie","option":false,"serie":true},{"id":43,"name":"Pack Safety Plus - Freinage d\u0027urgence automatique (Active Safety Brake ) avec alerte risque de collision   - Freinage d\u0027urgence automatique de jour et de nuit (cam\u00e9ra \u0026 radar)   - Alerte active de franchissement involontaire de ligne et bas c\u00f4t\u00e9   - Reconnaissance \u00e9tendue des panneaux de signalisation et pr\u00e9conisation de vitesse   - Alerte attention conducteur","option":false,"serie":true},{"id":44,"name":"Panneaux de porte avec surpiq\u00fbre Vert Adamite et d\u00e9cors aluminium","option":false,"serie":true},{"id":45,"name":"Pare-brise teint\u00e9 feuillet\u00e9 acoustique","option":false,"serie":true},{"id":46,"name":"P\u00e9dalier Sport et repose pied en aluminium","option":false,"serie":true},{"id":47,"name":"Peugeot Connect SOS \u0026 Assistance","option":false,"serie":true},{"id":48,"name":"Peugeot i-Cockpit avec instrumentation num\u00e9rique 10\u0022 personnalisable","option":false,"serie":true},{"id":49,"name":"Planche de bord avec jonc transversal peint surpiq\u00fbres Vert Adamite, et d\u00e9cor Alcantara (si garnissage de s\u00e9rie) ou d\u00e9cor aluminium (si garnissage Alcantara)","option":false,"serie":true},{"id":50,"name":"Pr\u00e9-conditionnement thermique et charge diff\u00e9r\u00e9e via l\u0027\u00e9cran central","option":false,"serie":true},{"id":51,"name":"Prise 12 V \u00e0 l\u0027AV","option":false,"serie":true},{"id":52,"name":"Projecteurs Peugeot Matrix LED Technology \u00c9clairage adaptatif en fonction des conditions ext\u00e9rieures et de la circulation","option":false,"serie":true},{"id":53,"name":"R\u00e9glage lombaire du si\u00e8ge conducteur","option":false,"serie":true},{"id":54,"name":"R\u00e9troviseur int\u00e9rieur photosensible","option":false,"serie":true},{"id":55,"name":"R\u00e9troviseurs ext\u00e9rieurs \u00e9lectriques, d\u00e9givrants et rabattables \u00e9lectriquement, avec r\u00e9p\u00e9titeurs de feux clignotants \u00e0 LED","option":false,"serie":true},{"id":56,"name":"S\u00e9lecteur de mode de conduite (Normal\/Eco\/Sport)","option":false,"serie":true},{"id":57,"name":"Sellerie tri-mati\u00e8res TEP \/ Tissu New Belomka","option":false,"serie":true},{"id":58,"name":"Seuils de portes AV aluminium","option":false,"serie":true},{"id":59,"name":"Si\u00e8ges AV r\u00e9glables en hauteur","option":false,"serie":true},{"id":60,"name":"Si\u00e8ges dynamiques avec appuis t\u00eate AV m\u00e9caniques 2 voies","option":false,"serie":true},{"id":61,"name":"Surtapis AV\/AR","option":false,"serie":true},{"id":62,"name":"Syst\u00e8me audio 6 HP","option":false,"serie":true},{"id":63,"name":"Teinte m\u00e9tallis\u00e9e","option":false,"serie":true},{"id":64,"name":"Verrouillage centralis\u00e9","option":false,"serie":true},{"id":65,"name":"VisioPark 1 (cam\u00e9ra de recul)","option":false,"serie":true},{"id":66,"name":"Vitres AV feuillet\u00e9es acoustiques","option":false,"serie":true},{"id":67,"name":"Vitres lat\u00e9rales AR et lunette AR chauffante temporis\u00e9e surteint\u00e9es","option":false,"serie":true},{"id":68,"name":"Volant avec r\u00e9glage manuel en hauteur et en profondeur","option":false,"serie":true},{"id":69,"name":"Volant chauffant","option":false,"serie":true},{"id":70,"name":"Volant cuir perfor\u00e9","option":false,"serie":true},{"id":71,"name":"Volet motoris\u00e9","option":false,"serie":true}],"year":2025,"kilometers":35,"energy":"Electrique","version":"408 Electrique 58 kWh 210ch","storedPlace":"Soissons(02)","price":39990,"loaEcheanceAvecAssurance":614.16,"gearbox":"Automatique"}],"nbPages":25,"nbTotalVh":822,"vpPagination":{}},"valueMax":[179868,64980]}